{"id":60064,"date":"2023-09-20T12:18:29","date_gmt":"2023-09-20T12:18:29","guid":{"rendered":"https:\/\/infotorrent.es\/uncategorized\/torrent-une-fuerzas-en-una-nueva-edicion-de-la-runcancer\/"},"modified":"2023-09-20T12:26:16","modified_gmt":"2023-09-20T12:26:16","slug":"torrent-une-fuerzas-en-una-nueva-edicion-de-la-runcancer","status":"publish","type":"post","link":"https:\/\/infotorrent.es\/ca\/bienestar-social-2\/torrent-une-fuerzas-en-una-nueva-edicion-de-la-runcancer\/","title":{"rendered":"Torrent uneix forces en una nova edici\u00f3 de la\u00a0RunC\u00e1ncer"},"content":{"rendered":"\n<h5 class=\"wp-block-heading\">L&#8217;alcaldessa Amparo Folgado i el seu equip de govern s&#8217;han reunit aquest mat\u00ed amb la presidenta de l&#8217;AECC, Amparo\u00a0Almerich, i representants de la Policia Local, Protecci\u00f3 Civil i la Brigada d&#8217;Obres, per a perfilar els \u00faltims detalls de la prova<\/h5>\n\n\n\n<h5 class=\"wp-block-heading\">La carrera de 5K comen\u00e7ar\u00e0 el dissabte 30 de setembre a les 19.00 h, i seguidament es donar\u00e0 l&#8217;eixida a la marxa no competitiva 4K<\/h5>\n\n\n\n<h5 class=\"wp-block-heading\">Les inscripcions poden realitzar-se a trav\u00e9s de la web oficial del circuit de carreres fins al pr\u00f2xim 28 de setembre<\/h5>\n\n\n\n<p> L&#8217;Ajuntament i l&#8217;Associaci\u00f3 Espanyola Contra el C\u00e0ncer (AECC) de Torrent continuen ultimant els preparatius per a la celebraci\u00f3 de la\u00a0RunC\u00e1ncer 2023 el dissabte 30 de setembre. A causa dels requeriments d&#8217;aquest esdeveniment solidari i esportiu, aquest mat\u00ed ha tingut lloc una reuni\u00f3 en l&#8217;edifici consistorial en la qual s&#8217;han tractat els diferents punts a tenir en compte perqu\u00e8 la carrera transc\u00f3rrega de la millor manera, com ara el dispositiu de seguretat, el tall de carrers i el desviament del tr\u00e0nsit o la infraestructura de la pr\u00f2pia prova.<\/p>\n\n\n\n<p>En la trobada han participat l&#8217;alcaldessa Amparo Folgado, el regidor d&#8217;Esports, Guillermo Alonso del Real, i altres membres de l&#8217;Equip de Govern, juntament amb la presidenta de l&#8217;AECC Torrent, Amparo\u00a0Almerich, i representants de la Policia Local, Protecci\u00f3 Civil i Brigada d&#8217;Obres. L&#8217;alcaldessa de Torrent ha volgut agrair a tots els participants <strong>\u201cla gran faena realitzada perqu\u00e8 la carrera siga un tot \u00e8xit i no es produ\u00efsquen incid\u00e8ncies\u201d,<\/strong> a m\u00e9s de convidar a la ciutadania a <strong>\u201cparticipar en la prova, ja que, a m\u00e9s de contribuir a la investigaci\u00f3 contra el c\u00e0ncer amb la compra del dorsal, es promou l&#8217;esport i els h\u00e0bits saludables, que tan importants s\u00f3n en la nostra vida di\u00e0ria\u201d<\/strong>.<\/p>\n\n\n\n<p>D&#8217;aquesta manera, sota el lema <em>Torrent: un sol cor<\/em>, l&#8217;activitat arrancar\u00e0 a les\u00a019h en la pla\u00e7a\u00a0Major, al costat de la Torre, des d&#8217;on es donar\u00e0 el tret d&#8217;eixida al recorregut de 5K. Seguidament, a les 19.05 h, comen\u00e7ar\u00e0 una marxa no competitiva 4K des del mateix lloc.<\/p>\n\n\n\n<p>Els dorsals tenen un preu de 5,36 euros per a cadascun dels dos esdeveniments solidaris, destinant-se la recaptaci\u00f3 \u00edntegrament a la investigaci\u00f3 contra el c\u00e0ncer. Les inscripcions podran realitzar-se a trav\u00e9s de la web oficial del circuit de carreres (https:\/\/runcancer.com\/calendario-2023) fins al pr\u00f2xim 28 de setembre. En relaci\u00f3 a la marxa no competitiva, tamb\u00e9 podran adquirir el dorsal en la Fundaci\u00f3 Esportiva Municipal de Torrent, en els comer\u00e7os\u00a0torrentins adherits a la campanya i a trav\u00e9s la junta local de l&#8217;AECC.<\/p>\n\n\n\n<figure class=\"wp-block-gallery has-nested-images columns-default is-cropped wp-block-gallery-1 is-layout-flex wp-block-gallery-is-layout-flex\">\n<figure class=\"wp-block-image size-large\"><img fetchpriority=\"high\" decoding=\"async\" width=\"1024\" height=\"682\" data-id=\"60058\" src=\"https:\/\/infotorrent.es\/wp-content\/uploads\/2023\/09\/WhatsApp-Image-2023-09-20-at-12.29.43-1024x682.jpeg\" alt=\"\" class=\"wp-image-60058\" srcset=\"https:\/\/infotorrent.es\/wp-content\/uploads\/2023\/09\/WhatsApp-Image-2023-09-20-at-12.29.43-1024x682.jpeg 1024w, https:\/\/infotorrent.es\/wp-content\/uploads\/2023\/09\/WhatsApp-Image-2023-09-20-at-12.29.43-300x200.jpeg 300w, https:\/\/infotorrent.es\/wp-content\/uploads\/2023\/09\/WhatsApp-Image-2023-09-20-at-12.29.43-768x512.jpeg 768w, https:\/\/infotorrent.es\/wp-content\/uploads\/2023\/09\/WhatsApp-Image-2023-09-20-at-12.29.43-1536x1023.jpeg 1536w, https:\/\/infotorrent.es\/wp-content\/uploads\/2023\/09\/WhatsApp-Image-2023-09-20-at-12.29.43.jpeg 1600w\" sizes=\"(max-width: 1024px) 100vw, 1024px\" \/><\/figure>\n\n\n\n<figure class=\"wp-block-image size-large\"><img decoding=\"async\" width=\"1024\" height=\"682\" data-id=\"60056\" src=\"https:\/\/infotorrent.es\/wp-content\/uploads\/2023\/09\/WhatsApp-Image-2023-09-20-at-12.29.43-1-1024x682.jpeg\" alt=\"\" class=\"wp-image-60056\" srcset=\"https:\/\/infotorrent.es\/wp-content\/uploads\/2023\/09\/WhatsApp-Image-2023-09-20-at-12.29.43-1-1024x682.jpeg 1024w, https:\/\/infotorrent.es\/wp-content\/uploads\/2023\/09\/WhatsApp-Image-2023-09-20-at-12.29.43-1-300x200.jpeg 300w, https:\/\/infotorrent.es\/wp-content\/uploads\/2023\/09\/WhatsApp-Image-2023-09-20-at-12.29.43-1-768x512.jpeg 768w, https:\/\/infotorrent.es\/wp-content\/uploads\/2023\/09\/WhatsApp-Image-2023-09-20-at-12.29.43-1-1536x1023.jpeg 1536w, https:\/\/infotorrent.es\/wp-content\/uploads\/2023\/09\/WhatsApp-Image-2023-09-20-at-12.29.43-1.jpeg 1600w\" sizes=\"(max-width: 1024px) 100vw, 1024px\" \/><\/figure>\n\n\n\n<figure class=\"wp-block-image size-large\"><img decoding=\"async\" width=\"1024\" height=\"682\" data-id=\"60060\" src=\"https:\/\/infotorrent.es\/wp-content\/uploads\/2023\/09\/WhatsApp-Image-2023-09-20-at-12.29.43-2-1024x682.jpeg\" alt=\"\" class=\"wp-image-60060\" srcset=\"https:\/\/infotorrent.es\/wp-content\/uploads\/2023\/09\/WhatsApp-Image-2023-09-20-at-12.29.43-2-1024x682.jpeg 1024w, https:\/\/infotorrent.es\/wp-content\/uploads\/2023\/09\/WhatsApp-Image-2023-09-20-at-12.29.43-2-300x200.jpeg 300w, https:\/\/infotorrent.es\/wp-content\/uploads\/2023\/09\/WhatsApp-Image-2023-09-20-at-12.29.43-2-768x512.jpeg 768w, https:\/\/infotorrent.es\/wp-content\/uploads\/2023\/09\/WhatsApp-Image-2023-09-20-at-12.29.43-2-1536x1023.jpeg 1536w, https:\/\/infotorrent.es\/wp-content\/uploads\/2023\/09\/WhatsApp-Image-2023-09-20-at-12.29.43-2.jpeg 1600w\" sizes=\"(max-width: 1024px) 100vw, 1024px\" \/><\/figure>\n<\/figure>\n","protected":false},"excerpt":{"rendered":"<p>L&#8217;alcaldessa Amparo Folgado i el seu equip de govern s&#8217;han reunit aquest mat\u00ed amb la presidenta de l&#8217;AECC, Amparo\u00a0Almerich, i representants de la Policia Local, Protecci\u00f3 Civil i la Brigada d&#8217;Obres, per a perfilar els \u00faltims detalls de la prova La carrera de 5K comen\u00e7ar\u00e0 el dissabte 30 de setembre a les 19.00 h, i [&hellip;]<\/p>\n","protected":false},"author":2,"featured_media":60068,"comment_status":"open","ping_status":"open","sticky":false,"template":"","format":"standard","meta":{"_acf_changed":false,"footnotes":""},"categories":[128],"tags":[],"class_list":["post-60064","post","type-post","status-publish","format-standard","has-post-thumbnail","hentry","category-bienestar-social-2"],"acf":[],"_links":{"self":[{"href":"https:\/\/infotorrent.es\/ca\/wp-json\/wp\/v2\/posts\/60064","targetHints":{"allow":["GET"]}}],"collection":[{"href":"https:\/\/infotorrent.es\/ca\/wp-json\/wp\/v2\/posts"}],"about":[{"href":"https:\/\/infotorrent.es\/ca\/wp-json\/wp\/v2\/types\/post"}],"author":[{"embeddable":true,"href":"https:\/\/infotorrent.es\/ca\/wp-json\/wp\/v2\/users\/2"}],"replies":[{"embeddable":true,"href":"https:\/\/infotorrent.es\/ca\/wp-json\/wp\/v2\/comments?post=60064"}],"version-history":[{"count":1,"href":"https:\/\/infotorrent.es\/ca\/wp-json\/wp\/v2\/posts\/60064\/revisions"}],"predecessor-version":[{"id":60067,"href":"https:\/\/infotorrent.es\/ca\/wp-json\/wp\/v2\/posts\/60064\/revisions\/60067"}],"wp:featuredmedia":[{"embeddable":true,"href":"https:\/\/infotorrent.es\/ca\/wp-json\/wp\/v2\/media\/60068"}],"wp:attachment":[{"href":"https:\/\/infotorrent.es\/ca\/wp-json\/wp\/v2\/media?parent=60064"}],"wp:term":[{"taxonomy":"category","embeddable":true,"href":"https:\/\/infotorrent.es\/ca\/wp-json\/wp\/v2\/categories?post=60064"},{"taxonomy":"post_tag","embeddable":true,"href":"https:\/\/infotorrent.es\/ca\/wp-json\/wp\/v2\/tags?post=60064"}],"curies":[{"name":"wp","href":"https:\/\/api.w.org\/{rel}","templated":true}]}}