{"id":59940,"date":"2023-09-18T11:25:03","date_gmt":"2023-09-18T11:25:03","guid":{"rendered":"https:\/\/infotorrent.es\/uncategorized\/comienza-la-semana-de-la-movilidad-de-torrent\/"},"modified":"2023-09-18T11:36:57","modified_gmt":"2023-09-18T11:36:57","slug":"comienza-la-semana-de-la-movilidad-de-torrent","status":"publish","type":"post","link":"https:\/\/infotorrent.es\/ca\/mobilitat\/comienza-la-semana-de-la-movilidad-de-torrent\/","title":{"rendered":"Comen\u00e7a la Setmana de la Mobilitat de Torrent"},"content":{"rendered":"\n<h5 class=\"wp-block-heading\">La Casa de la Cultura acollir\u00e0 dimecres que ve la jornada de portes obertes <em>Humanitza la teua ciutat<\/em>, en la qual participaran l&#8217;ex Director General de Tr\u00e0nsit, Gregorio Serrano, o la Cap Provincial de Tr\u00e0nsit de Val\u00e8ncia, Pilar\u00a0Funez, entre altres<\/h5>\n\n\n\n<h5 class=\"wp-block-heading\">La Fira de Mobilitat Sostenible clausurar\u00e0 aquesta edici\u00f3 de la\u00a0SEM, els dies 21 i 22, oferint una mostra dels vehicles el\u00e8ctrics m\u00e9s destacats dels concessionaris de Torrent<\/h5>\n\n\n\n<h5 class=\"wp-block-heading\">Per a fomentar el transport p\u00fablic, la ciutadania podr\u00e0 fer \u00fas de\u00a0TorrentBus gratu\u00eftament fins al divendres 22<\/h5>\n\n\n\n<p> La ciutat de Torrent deixa enrere un intens cap de setmana marcat per l&#8217;inici de la Setmana Europea de la Mobilitat 2023, que va donar el tret d&#8217;eixida dissabte passat sota el lema <em>Humanitza la teua ciutat.<\/em>\u00a0Torrentins i\u00a0torrentines es van reunir en\u00a0Parc Central per a donar la benvinguda a aquesta nova edici\u00f3 de la\u00a0SEM amb una volta popular per les zones agr\u00edcoles de la localitat, en la qual no van faltar el bon ambient i les ganes de continuar construint un futur m\u00e9s sostenible. Ja a la nit, els m\u00e9s aventurers van gaudir d&#8217;una excursi\u00f3 amb bicicleta sota la llum de les estreles de la m\u00e0 d&#8217;AstroTorrent, aprenent, en aquesta, algunes nocions b\u00e0siques sobre observaci\u00f3 astron\u00f2mica.<\/p>\n\n\n\n<p>La programaci\u00f3 va continuar en la jornada del diumenge amb un\u00a0ciclopaseig familiar a c\u00e0rrec del col\u00b7lectiu\u00a0Soterranya, que va rec\u00f3rrer els barris i places del municipi des de la pla\u00e7a Major. D&#8217;altra banda, a manera d&#8217;avantsala de la\u00a0SEM, el divendres desenes de persones es van congregar en l&#8217;Avinguda del\u00a0Vedat per a reivindicar la necessitat de promoure espais p\u00fablics de qualitat i fomentar el transport sostenible amb la celebraci\u00f3 del \u2018P\u00e0rquing\u00a0day\u2019. A m\u00e9s, eixa mateixa nit el col\u00b7lectiu\u00a0Soterranya va organitzar una vetlada de cinema a la fresca en la pla\u00e7a de la Uni\u00f3 Musical, on la ciutadania va gaudir de la projecci\u00f3 &#8216;Una sonrisa verdadera&#8217;.<\/p>\n\n\n\n<p><strong>\u201cEstem molt contents pel bon acolliment que han tingut les activitats d&#8217;aquest primer cap de setmana, tant per la resposta de la gent, com per l&#8217;immillorable comportament de tots els participants\u201d<\/strong>, comenta la regidora de Mobilitat, Sonia Roca, qui tamb\u00e9 ha volgut convidar a la ciutadania a <strong>\u201cacompanyar-nos en les diferents propostes l\u00fadiques, educatives i culturals que hem programat per a aquesta setmana. Segur que no es penedeixen\u201d.<\/strong><\/p>\n\n\n\n<p>Aix\u00ed, aquesta vesprada tindr\u00e0 lloc una formaci\u00f3 vi\u00e0ria per a xiquets en la Pla\u00e7a de la Uni\u00f3 Musical, seguida a les\u00a018h per la visita al taller de l&#8217;alumnat del centre de Formaci\u00f3 del Professorat (CEFIRE). Dem\u00e0, dimarts, es realitzar\u00e0 una nova sessi\u00f3 de circulaci\u00f3 vi\u00e0ria en la pla\u00e7a Major a partir de les 17:30h, per a despr\u00e9s compartir amb els membres d&#8217;ASIDIT una activitat de sensibilitzaci\u00f3 sobre les persones amb diversitat funcional en l&#8217;Avinguda del\u00a0Vedat.<\/p>\n\n\n\n<p>Un dels plats forts de la programaci\u00f3 arribar\u00e0 el dimecres 20 de setembre, a les\u00a010h, amb la celebraci\u00f3 de la jornada de portes obertes <em>Humanitza la teua ciutat<\/em> a la Casa de la Cultura, que ser\u00e0 l&#8217;escenari de diversos col\u00b7loquis i pon\u00e8ncies en els quals participaran personalitats tan destacades com Gregorio Serrano, ex Director General de Tr\u00e0nsit; Pilar\u00a0Funez, Cap Provincial de Tr\u00e0nsit de Val\u00e8ncia; Ana\u00a0Novella, presidenta de STOP ACCIDENTS; Juan Carlos Mu\u00f1oz, president d&#8217;AVAE; o Juan Ignacio\u00a0Lijarcio, Director de Projectes i Investigacions de la Fundaci\u00f3 Espanyola Per a la Seguretat Vi\u00e0ria.<\/p>\n\n\n\n<p>La Fira de Mobilitat Sostenible clausurar\u00e0 aquesta edici\u00f3 de la\u00a0SEM oferint, novament, una gran exposici\u00f3 de vehicles el\u00e8ctrics durant el dijous 21 i el divendres 22 en l&#8217;Avinguda del\u00a0Vedat, on aquelles persones aficionades al motor podran con\u00e8ixer de primera m\u00e0 els millors models dels concessionaris\u00a0torrentins\u00a0Vedat Mediterrani, J.R. Vall,\u00a0Vedat\u00a0Import, Actuacions Torrent S.A.,\u00a0FERTO, Ginestar, Autopista Sud,\u00a0Nemesio i\u00a0Centertorrent.<\/p>\n\n\n\n<p><strong>\u201cA m\u00e9s de donar a con\u00e8ixer els avantatges i possibilitats que ofereixen els vehicles el\u00e8ctrics, tant per a l&#8217;usuari com per al medi ambient, la Fira \u2018Humanitza la teua ciutat\u2019 ens permet donar un impuls al sector i l&#8217;economia local. Per eixe motiu, volem animar als nostres ve\u00efns i ve\u00efnes a visitar els expositors de la mostra i descobrir tot el que tenen per oferir els concessionaris de Torrent\u201d<\/strong>, destaca l&#8217;alcaldessa Amparo Folgado<\/p>\n\n\n\n<p>Aix\u00ed mateix, per a fomentar l&#8217;\u00fas del transport p\u00fablic, la ciutadania podr\u00e0 fer \u00fas del servei\u00a0TorrentBus de forma totalment gratu\u00efta fins el pr\u00f2xim dia 22 de setembre, data en qu\u00e8 la Setmana de la Mobilitat arribar\u00e0 a la seua fi.<\/p>\n\n\n\n<figure class=\"wp-block-gallery has-nested-images columns-default is-cropped wp-block-gallery-1 is-layout-flex wp-block-gallery-is-layout-flex\">\n<figure class=\"wp-block-image size-large\"><img fetchpriority=\"high\" decoding=\"async\" width=\"1024\" height=\"683\" data-id=\"59928\" src=\"https:\/\/infotorrent.es\/wp-content\/uploads\/2023\/09\/sem7-1024x683.jpeg\" alt=\"\" class=\"wp-image-59928\" srcset=\"https:\/\/infotorrent.es\/wp-content\/uploads\/2023\/09\/sem7-1024x683.jpeg 1024w, https:\/\/infotorrent.es\/wp-content\/uploads\/2023\/09\/sem7-300x200.jpeg 300w, https:\/\/infotorrent.es\/wp-content\/uploads\/2023\/09\/sem7-768x512.jpeg 768w, https:\/\/infotorrent.es\/wp-content\/uploads\/2023\/09\/sem7-1536x1024.jpeg 1536w, https:\/\/infotorrent.es\/wp-content\/uploads\/2023\/09\/sem7.jpeg 1599w\" sizes=\"(max-width: 1024px) 100vw, 1024px\" \/><\/figure>\n\n\n\n<figure class=\"wp-block-image size-large\"><img decoding=\"async\" width=\"1024\" height=\"683\" data-id=\"59926\" src=\"https:\/\/infotorrent.es\/wp-content\/uploads\/2023\/09\/awm5-1024x683.jpeg\" alt=\"\" class=\"wp-image-59926\" srcset=\"https:\/\/infotorrent.es\/wp-content\/uploads\/2023\/09\/awm5-1024x683.jpeg 1024w, https:\/\/infotorrent.es\/wp-content\/uploads\/2023\/09\/awm5-300x200.jpeg 300w, https:\/\/infotorrent.es\/wp-content\/uploads\/2023\/09\/awm5-768x512.jpeg 768w, https:\/\/infotorrent.es\/wp-content\/uploads\/2023\/09\/awm5-1536x1024.jpeg 1536w, https:\/\/infotorrent.es\/wp-content\/uploads\/2023\/09\/awm5.jpeg 1599w\" sizes=\"(max-width: 1024px) 100vw, 1024px\" \/><\/figure>\n\n\n\n<figure class=\"wp-block-image size-large\"><img decoding=\"async\" width=\"1024\" height=\"682\" data-id=\"59934\" src=\"https:\/\/infotorrent.es\/wp-content\/uploads\/2023\/09\/sem-1-1024x682.jpeg\" alt=\"\" class=\"wp-image-59934\" srcset=\"https:\/\/infotorrent.es\/wp-content\/uploads\/2023\/09\/sem-1-1024x682.jpeg 1024w, https:\/\/infotorrent.es\/wp-content\/uploads\/2023\/09\/sem-1-300x200.jpeg 300w, https:\/\/infotorrent.es\/wp-content\/uploads\/2023\/09\/sem-1-768x512.jpeg 768w, https:\/\/infotorrent.es\/wp-content\/uploads\/2023\/09\/sem-1-1536x1023.jpeg 1536w, https:\/\/infotorrent.es\/wp-content\/uploads\/2023\/09\/sem-1.jpeg 1600w\" sizes=\"(max-width: 1024px) 100vw, 1024px\" \/><\/figure>\n\n\n\n<figure class=\"wp-block-image size-large\"><img loading=\"lazy\" decoding=\"async\" width=\"1024\" height=\"771\" data-id=\"59932\" src=\"https:\/\/infotorrent.es\/wp-content\/uploads\/2023\/09\/sem-2-1024x771.jpeg\" alt=\"\" class=\"wp-image-59932\" srcset=\"https:\/\/infotorrent.es\/wp-content\/uploads\/2023\/09\/sem-2-1024x771.jpeg 1024w, https:\/\/infotorrent.es\/wp-content\/uploads\/2023\/09\/sem-2-300x226.jpeg 300w, https:\/\/infotorrent.es\/wp-content\/uploads\/2023\/09\/sem-2-768x578.jpeg 768w, https:\/\/infotorrent.es\/wp-content\/uploads\/2023\/09\/sem-2-1536x1157.jpeg 1536w, https:\/\/infotorrent.es\/wp-content\/uploads\/2023\/09\/sem-2.jpeg 2040w\" sizes=\"(max-width: 1024px) 100vw, 1024px\" \/><\/figure>\n\n\n\n<figure class=\"wp-block-image size-large\"><img loading=\"lazy\" decoding=\"async\" width=\"1024\" height=\"682\" data-id=\"59936\" src=\"https:\/\/infotorrent.es\/wp-content\/uploads\/2023\/09\/sem4-1024x682.jpeg\" alt=\"\" class=\"wp-image-59936\" srcset=\"https:\/\/infotorrent.es\/wp-content\/uploads\/2023\/09\/sem4-1024x682.jpeg 1024w, https:\/\/infotorrent.es\/wp-content\/uploads\/2023\/09\/sem4-300x200.jpeg 300w, https:\/\/infotorrent.es\/wp-content\/uploads\/2023\/09\/sem4-768x512.jpeg 768w, https:\/\/infotorrent.es\/wp-content\/uploads\/2023\/09\/sem4-1536x1023.jpeg 1536w, https:\/\/infotorrent.es\/wp-content\/uploads\/2023\/09\/sem4.jpeg 1600w\" sizes=\"(max-width: 1024px) 100vw, 1024px\" \/><\/figure>\n\n\n\n<figure class=\"wp-block-image size-large\"><img loading=\"lazy\" decoding=\"async\" width=\"1024\" height=\"683\" data-id=\"59930\" src=\"https:\/\/infotorrent.es\/wp-content\/uploads\/2023\/09\/sem3-1024x683.jpeg\" alt=\"\" class=\"wp-image-59930\" srcset=\"https:\/\/infotorrent.es\/wp-content\/uploads\/2023\/09\/sem3-1024x683.jpeg 1024w, https:\/\/infotorrent.es\/wp-content\/uploads\/2023\/09\/sem3-300x200.jpeg 300w, https:\/\/infotorrent.es\/wp-content\/uploads\/2023\/09\/sem3-768x512.jpeg 768w, https:\/\/infotorrent.es\/wp-content\/uploads\/2023\/09\/sem3-1536x1024.jpeg 1536w, https:\/\/infotorrent.es\/wp-content\/uploads\/2023\/09\/sem3.jpeg 1599w\" sizes=\"(max-width: 1024px) 100vw, 1024px\" \/><\/figure>\n\n\n\n<figure class=\"wp-block-image size-large\"><img loading=\"lazy\" decoding=\"async\" width=\"1024\" height=\"683\" data-id=\"59924\" src=\"https:\/\/infotorrent.es\/wp-content\/uploads\/2023\/09\/sem6-1024x683.jpeg\" alt=\"\" class=\"wp-image-59924\" srcset=\"https:\/\/infotorrent.es\/wp-content\/uploads\/2023\/09\/sem6-1024x683.jpeg 1024w, https:\/\/infotorrent.es\/wp-content\/uploads\/2023\/09\/sem6-300x200.jpeg 300w, https:\/\/infotorrent.es\/wp-content\/uploads\/2023\/09\/sem6-768x512.jpeg 768w, https:\/\/infotorrent.es\/wp-content\/uploads\/2023\/09\/sem6-1536x1024.jpeg 1536w, https:\/\/infotorrent.es\/wp-content\/uploads\/2023\/09\/sem6.jpeg 1599w\" sizes=\"(max-width: 1024px) 100vw, 1024px\" \/><\/figure>\n<\/figure>\n","protected":false},"excerpt":{"rendered":"<p>La Casa de la Cultura acollir\u00e0 dimecres que ve la jornada de portes obertes Humanitza la teua ciutat, en la qual participaran l&#8217;ex Director General de Tr\u00e0nsit, Gregorio Serrano, o la Cap Provincial de Tr\u00e0nsit de Val\u00e8ncia, Pilar\u00a0Funez, entre altres La Fira de Mobilitat Sostenible clausurar\u00e0 aquesta edici\u00f3 de la\u00a0SEM, els dies 21 i 22, [&hellip;]<\/p>\n","protected":false},"author":2,"featured_media":59944,"comment_status":"open","ping_status":"open","sticky":false,"template":"","format":"standard","meta":{"_acf_changed":false,"footnotes":""},"categories":[147],"tags":[],"class_list":["post-59940","post","type-post","status-publish","format-standard","has-post-thumbnail","hentry","category-mobilitat"],"acf":[],"_links":{"self":[{"href":"https:\/\/infotorrent.es\/ca\/wp-json\/wp\/v2\/posts\/59940","targetHints":{"allow":["GET"]}}],"collection":[{"href":"https:\/\/infotorrent.es\/ca\/wp-json\/wp\/v2\/posts"}],"about":[{"href":"https:\/\/infotorrent.es\/ca\/wp-json\/wp\/v2\/types\/post"}],"author":[{"embeddable":true,"href":"https:\/\/infotorrent.es\/ca\/wp-json\/wp\/v2\/users\/2"}],"replies":[{"embeddable":true,"href":"https:\/\/infotorrent.es\/ca\/wp-json\/wp\/v2\/comments?post=59940"}],"version-history":[{"count":2,"href":"https:\/\/infotorrent.es\/ca\/wp-json\/wp\/v2\/posts\/59940\/revisions"}],"predecessor-version":[{"id":59943,"href":"https:\/\/infotorrent.es\/ca\/wp-json\/wp\/v2\/posts\/59940\/revisions\/59943"}],"wp:featuredmedia":[{"embeddable":true,"href":"https:\/\/infotorrent.es\/ca\/wp-json\/wp\/v2\/media\/59944"}],"wp:attachment":[{"href":"https:\/\/infotorrent.es\/ca\/wp-json\/wp\/v2\/media?parent=59940"}],"wp:term":[{"taxonomy":"category","embeddable":true,"href":"https:\/\/infotorrent.es\/ca\/wp-json\/wp\/v2\/categories?post=59940"},{"taxonomy":"post_tag","embeddable":true,"href":"https:\/\/infotorrent.es\/ca\/wp-json\/wp\/v2\/tags?post=59940"}],"curies":[{"name":"wp","href":"https:\/\/api.w.org\/{rel}","templated":true}]}}