{"id":59918,"date":"2023-09-18T11:10:02","date_gmt":"2023-09-18T11:10:02","guid":{"rendered":"https:\/\/infotorrent.es\/uncategorized\/torrent-inicia-la-cuenta-atras-para-las-fallas-2024\/"},"modified":"2023-09-18T11:19:18","modified_gmt":"2023-09-18T11:19:18","slug":"torrent-inicia-la-cuenta-atras-para-las-fallas-2024","status":"publish","type":"post","link":"https:\/\/infotorrent.es\/ca\/fiestas-y-tradiciones\/torrent-inicia-la-cuenta-atras-para-las-fallas-2024\/","title":{"rendered":"Torrent inicia el compte arrere per a les Falles 2024"},"content":{"rendered":"\n<h5 class=\"wp-block-heading\">Milers de fallers i falleres es van congregar dissabte passat en\u00a0l&#8217;\u00c0gora de\u00a0Parc Central per a celebrar el\u00a0Mig\u00a0Any\u00a0Faller de Torrent<\/h5>\n\n\n\n<p><br> Milers de fallers i falleres es van reunir dissabte passat en l&#8217;\u00c0gora de\u00a0Parc Central per a celebrar el\u00a0Mig\u00a0Any\u00a0Faller de Torrent, que es va consolidant a cada edici\u00f3 com un dels esdeveniments m\u00e9s assenyalats del calendari festiu de la ciutat. L&#8217;alcaldessa Amparo Folgado i el regidor de Falles, Aitor S\u00e1nchez, no van voler perdre&#8217;s l&#8217;esdeveniment i van acompanyar als fallers en el seu particular inici del compte arrere per a les Falles 2024, gaudint d&#8217;una jornada carregada de m\u00fasica, bon menjar i millor ambient.<\/p>\n\n\n\n<p><br>La festa va comen\u00e7ar amb l&#8217;actuaci\u00f3 de DJ H\u00e9ctor Mart\u00edn i el grup Va de Rumba, i despr\u00e9s va tenir lloc el tradicional sopar de\u00a0<em>germanor<\/em>, la recaptaci\u00f3 del qual, juntament amb la de la rifa, ser\u00e0 destinada a fins ben\u00e8fics. Aix\u00ed mateix, aquesta iniciativa es va complementar amb una recollida d&#8217;aliments per a l&#8217;Economat de\u00a0Mare de\u00a0D\u00e9u del\u00a0P\u00f2pul, integrat per les C\u00e0ritas parroquials de la ciutat de Torrent. L&#8217;orquestra\u00a0Matrix va tancar la vetlada oferint una revetla per a tots els presents.<\/p>\n\n\n\n<p><br><strong>\u201cUna vegada m\u00e9s, els nostres fallers i falleres han tornat a demostrar la seua solidaritat i el seu comprom\u00eds social, representant de la millor manera els valors que propugna Torrent i la seua ciutadania\u201d,<\/strong> destaca l&#8217;alcaldessa Amparo Folgado, al que afig que \u201c<strong>sempre \u00e9s un plaer formar part d&#8217;aquests esdeveniments, que construeixen la nostra identitat com a poble i ens acosten als nostres ve\u00efns i ve\u00efnes\u201d.<\/strong><\/p>\n\n\n\n<p><strong>Punt Violeta<\/strong><br>Seguint amb la pol\u00edtica de toler\u00e0ncia zero impulsada per l&#8217;Ajuntament de Torrent, Junta Local Fallera i les comissions de la ciutat, l&#8217;\u00e0rea de la Dona va habilitar un Punt Violeta per a atendre qualsevol tipus de conducta relacionada amb la viol\u00e8ncia sexual i oferir als assistents material divulgatiu per a sensibilitzar a la poblaci\u00f3 sobre aquesta problem\u00e0tica.<\/p>\n\n\n\n<p><br>Cal ressaltar que la vetlada es va saldar sense cap incid\u00e8ncia ressenyable, destacant tamb\u00e9 el bon acolliment que va tenir l&#8217;estand, on es van acostar una gran quantitat de persones per a informar-se i xarrar amb els seus integrants.<\/p>\n\n\n\n<figure class=\"wp-block-gallery has-nested-images columns-default is-cropped wp-block-gallery-1 is-layout-flex wp-block-gallery-is-layout-flex\">\n<figure class=\"wp-block-image size-large\"><img fetchpriority=\"high\" decoding=\"async\" width=\"1024\" height=\"683\" data-id=\"59906\" src=\"https:\/\/infotorrent.es\/wp-content\/uploads\/2023\/09\/mig-any-3-1024x683.jpeg\" alt=\"\" class=\"wp-image-59906\" srcset=\"https:\/\/infotorrent.es\/wp-content\/uploads\/2023\/09\/mig-any-3-1024x683.jpeg 1024w, https:\/\/infotorrent.es\/wp-content\/uploads\/2023\/09\/mig-any-3-300x200.jpeg 300w, https:\/\/infotorrent.es\/wp-content\/uploads\/2023\/09\/mig-any-3-768x512.jpeg 768w, https:\/\/infotorrent.es\/wp-content\/uploads\/2023\/09\/mig-any-3-1536x1024.jpeg 1536w, https:\/\/infotorrent.es\/wp-content\/uploads\/2023\/09\/mig-any-3.jpeg 1620w\" sizes=\"(max-width: 1024px) 100vw, 1024px\" \/><\/figure>\n\n\n\n<figure class=\"wp-block-image size-large\"><img decoding=\"async\" width=\"1024\" height=\"683\" data-id=\"59904\" src=\"https:\/\/infotorrent.es\/wp-content\/uploads\/2023\/09\/mig-any-1024x683.jpeg\" alt=\"\" class=\"wp-image-59904\" srcset=\"https:\/\/infotorrent.es\/wp-content\/uploads\/2023\/09\/mig-any-1024x683.jpeg 1024w, https:\/\/infotorrent.es\/wp-content\/uploads\/2023\/09\/mig-any-300x200.jpeg 300w, https:\/\/infotorrent.es\/wp-content\/uploads\/2023\/09\/mig-any-768x512.jpeg 768w, https:\/\/infotorrent.es\/wp-content\/uploads\/2023\/09\/mig-any-1536x1024.jpeg 1536w, https:\/\/infotorrent.es\/wp-content\/uploads\/2023\/09\/mig-any.jpeg 1620w\" sizes=\"(max-width: 1024px) 100vw, 1024px\" \/><\/figure>\n\n\n\n<figure class=\"wp-block-image size-large\"><img decoding=\"async\" width=\"1024\" height=\"683\" data-id=\"59910\" src=\"https:\/\/infotorrent.es\/wp-content\/uploads\/2023\/09\/mig-any-2-1024x683.jpeg\" alt=\"\" class=\"wp-image-59910\" srcset=\"https:\/\/infotorrent.es\/wp-content\/uploads\/2023\/09\/mig-any-2-1024x683.jpeg 1024w, https:\/\/infotorrent.es\/wp-content\/uploads\/2023\/09\/mig-any-2-300x200.jpeg 300w, https:\/\/infotorrent.es\/wp-content\/uploads\/2023\/09\/mig-any-2-768x512.jpeg 768w, https:\/\/infotorrent.es\/wp-content\/uploads\/2023\/09\/mig-any-2-1536x1024.jpeg 1536w, https:\/\/infotorrent.es\/wp-content\/uploads\/2023\/09\/mig-any-2.jpeg 1620w\" sizes=\"(max-width: 1024px) 100vw, 1024px\" \/><\/figure>\n\n\n\n<figure class=\"wp-block-image size-large\"><img loading=\"lazy\" decoding=\"async\" width=\"1024\" height=\"683\" data-id=\"59914\" src=\"https:\/\/infotorrent.es\/wp-content\/uploads\/2023\/09\/mig-any-4-1024x683.jpeg\" alt=\"\" class=\"wp-image-59914\" srcset=\"https:\/\/infotorrent.es\/wp-content\/uploads\/2023\/09\/mig-any-4-1024x683.jpeg 1024w, https:\/\/infotorrent.es\/wp-content\/uploads\/2023\/09\/mig-any-4-300x200.jpeg 300w, https:\/\/infotorrent.es\/wp-content\/uploads\/2023\/09\/mig-any-4-768x512.jpeg 768w, https:\/\/infotorrent.es\/wp-content\/uploads\/2023\/09\/mig-any-4-1536x1024.jpeg 1536w, https:\/\/infotorrent.es\/wp-content\/uploads\/2023\/09\/mig-any-4.jpeg 1620w\" sizes=\"(max-width: 1024px) 100vw, 1024px\" \/><\/figure>\n\n\n\n<figure class=\"wp-block-image size-large\"><img loading=\"lazy\" decoding=\"async\" width=\"1024\" height=\"683\" data-id=\"59912\" src=\"https:\/\/infotorrent.es\/wp-content\/uploads\/2023\/09\/mig-any-5-1024x683.jpeg\" alt=\"\" class=\"wp-image-59912\" srcset=\"https:\/\/infotorrent.es\/wp-content\/uploads\/2023\/09\/mig-any-5-1024x683.jpeg 1024w, https:\/\/infotorrent.es\/wp-content\/uploads\/2023\/09\/mig-any-5-300x200.jpeg 300w, https:\/\/infotorrent.es\/wp-content\/uploads\/2023\/09\/mig-any-5-768x512.jpeg 768w, https:\/\/infotorrent.es\/wp-content\/uploads\/2023\/09\/mig-any-5-1536x1024.jpeg 1536w, https:\/\/infotorrent.es\/wp-content\/uploads\/2023\/09\/mig-any-5.jpeg 1620w\" sizes=\"(max-width: 1024px) 100vw, 1024px\" \/><\/figure>\n\n\n\n<figure class=\"wp-block-image size-large\"><img loading=\"lazy\" decoding=\"async\" width=\"1024\" height=\"683\" data-id=\"59902\" src=\"https:\/\/infotorrent.es\/wp-content\/uploads\/2023\/09\/mig-any-6-1024x683.jpeg\" alt=\"\" class=\"wp-image-59902\" srcset=\"https:\/\/infotorrent.es\/wp-content\/uploads\/2023\/09\/mig-any-6-1024x683.jpeg 1024w, https:\/\/infotorrent.es\/wp-content\/uploads\/2023\/09\/mig-any-6-300x200.jpeg 300w, https:\/\/infotorrent.es\/wp-content\/uploads\/2023\/09\/mig-any-6-768x512.jpeg 768w, https:\/\/infotorrent.es\/wp-content\/uploads\/2023\/09\/mig-any-6-1536x1024.jpeg 1536w, https:\/\/infotorrent.es\/wp-content\/uploads\/2023\/09\/mig-any-6.jpeg 1620w\" sizes=\"(max-width: 1024px) 100vw, 1024px\" \/><\/figure>\n\n\n\n<figure class=\"wp-block-image size-large\"><img loading=\"lazy\" decoding=\"async\" width=\"1024\" height=\"703\" data-id=\"59908\" src=\"https:\/\/infotorrent.es\/wp-content\/uploads\/2023\/09\/mig-any-7-1024x703.jpeg\" alt=\"\" class=\"wp-image-59908\" srcset=\"https:\/\/infotorrent.es\/wp-content\/uploads\/2023\/09\/mig-any-7-1024x703.jpeg 1024w, https:\/\/infotorrent.es\/wp-content\/uploads\/2023\/09\/mig-any-7-300x206.jpeg 300w, https:\/\/infotorrent.es\/wp-content\/uploads\/2023\/09\/mig-any-7-768x527.jpeg 768w, https:\/\/infotorrent.es\/wp-content\/uploads\/2023\/09\/mig-any-7.jpeg 1491w\" sizes=\"(max-width: 1024px) 100vw, 1024px\" \/><\/figure>\n<\/figure>\n\n\n\n<p><\/p>\n","protected":false},"excerpt":{"rendered":"<p>Milers de fallers i falleres es van congregar dissabte passat en\u00a0l&#8217;\u00c0gora de\u00a0Parc Central per a celebrar el\u00a0Mig\u00a0Any\u00a0Faller de Torrent Milers de fallers i falleres es van reunir dissabte passat en l&#8217;\u00c0gora de\u00a0Parc Central per a celebrar el\u00a0Mig\u00a0Any\u00a0Faller de Torrent, que es va consolidant a cada edici\u00f3 com un dels esdeveniments m\u00e9s assenyalats del calendari festiu [&hellip;]<\/p>\n","protected":false},"author":2,"featured_media":59922,"comment_status":"open","ping_status":"open","sticky":false,"template":"","format":"standard","meta":{"_acf_changed":false,"footnotes":""},"categories":[143],"tags":[],"class_list":["post-59918","post","type-post","status-publish","format-standard","has-post-thumbnail","hentry","category-fiestas-y-tradiciones"],"acf":[],"_links":{"self":[{"href":"https:\/\/infotorrent.es\/ca\/wp-json\/wp\/v2\/posts\/59918","targetHints":{"allow":["GET"]}}],"collection":[{"href":"https:\/\/infotorrent.es\/ca\/wp-json\/wp\/v2\/posts"}],"about":[{"href":"https:\/\/infotorrent.es\/ca\/wp-json\/wp\/v2\/types\/post"}],"author":[{"embeddable":true,"href":"https:\/\/infotorrent.es\/ca\/wp-json\/wp\/v2\/users\/2"}],"replies":[{"embeddable":true,"href":"https:\/\/infotorrent.es\/ca\/wp-json\/wp\/v2\/comments?post=59918"}],"version-history":[{"count":1,"href":"https:\/\/infotorrent.es\/ca\/wp-json\/wp\/v2\/posts\/59918\/revisions"}],"predecessor-version":[{"id":59921,"href":"https:\/\/infotorrent.es\/ca\/wp-json\/wp\/v2\/posts\/59918\/revisions\/59921"}],"wp:featuredmedia":[{"embeddable":true,"href":"https:\/\/infotorrent.es\/ca\/wp-json\/wp\/v2\/media\/59922"}],"wp:attachment":[{"href":"https:\/\/infotorrent.es\/ca\/wp-json\/wp\/v2\/media?parent=59918"}],"wp:term":[{"taxonomy":"category","embeddable":true,"href":"https:\/\/infotorrent.es\/ca\/wp-json\/wp\/v2\/categories?post=59918"},{"taxonomy":"post_tag","embeddable":true,"href":"https:\/\/infotorrent.es\/ca\/wp-json\/wp\/v2\/tags?post=59918"}],"curies":[{"name":"wp","href":"https:\/\/api.w.org\/{rel}","templated":true}]}}