{"id":59808,"date":"2023-09-14T10:02:33","date_gmt":"2023-09-14T10:02:33","guid":{"rendered":"https:\/\/infotorrent.es\/uncategorized\/cases-de-lhorta-dona-2-000e-al-punto-de-alimentos-tras-lograr-el-segundo-premio-de-inmosolidarios\/"},"modified":"2023-09-14T10:07:52","modified_gmt":"2023-09-14T10:07:52","slug":"cases-de-lhorta-dona-2-000e-al-punto-de-alimentos-tras-lograr-el-segundo-premio-de-inmosolidarios","status":"publish","type":"post","link":"https:\/\/infotorrent.es\/ca\/bienestar-social-2\/cases-de-lhorta-dona-2-000e-al-punto-de-alimentos-tras-lograr-el-segundo-premio-de-inmosolidarios\/","title":{"rendered":"Cases de l&#8217;Horta dona 2.000\u20ac al Punt d&#8217;Aliments despr\u00e9s d&#8217;aconseguir el segon premi de\u00a0Inmosolidarios"},"content":{"rendered":"\n<h5 class=\"wp-block-heading\">Folgado: \u201camb els vostres bunyols solidaris demostreu que es pot ser solidari en qualsevol \u00e8poca de l&#8217;any, no solament per Nadal, i que sou una empresa compromesa amb la seua ciutat i amb les necessitats dels seus ve\u00efns, per aqueixa ra\u00f3, molt\u00edssimes gr\u00e0cies en nom de la ciutat de Torrent\u201d<\/h5>\n\n\n\n<p>L&#8217;alcaldessa de Torrent, Amparo Folgado, ha rebut aquest mat\u00ed en l&#8217;alcaldia a\u00a0Lluis Planells, soci de la immobili\u00e0ria Cases de l&#8217;Horta, per a lliurar al Punt d&#8217;Aliments de Torrent, els 2.000 euros reeixits, despr\u00e9s de quedar segons en els IV Premis nacionals\u00a0Inmosolidarios 2023, gr\u00e0cies a la \u201cBunyol\u00e0 Solid\u00e0ria de\u00a0Cases de l&#8217;Horta\u201d que van realitzar el 15 de mar\u00e7.<\/p>\n\n\n\n<p><strong>\u201cCal retornar al poble el que ell t&#8217;aporta\u201d<\/strong>, ha assenyalat Planells. Per eixe motiu va n\u00e0ixer la iniciativa de realitzar una \u201cbunyol\u00e0 solid\u00e0ria\u201d fa uns anys en aquesta immobili\u00e0ria\u00a0torrentina, que ja ha arreplegat 3 tones d&#8217;aliments solidaris en totes les seues edicions. En la qual van realitzar el passat 15 de mar\u00e7 de 2023 van aconseguir recaptar 1 tona d&#8217;aliments, gr\u00e0cies a l&#8217;intercanvi de bunyols per aliments no peribles.<\/p>\n\n\n\n<p>L&#8217;alcaldessa Amparo Folgado, ha agra\u00eft a\u00a0Cases de l&#8217;Horta aquesta iniciativa, ja que <strong>\u201camb els vostres bunyols solidaris demostreu que es pot ser solidari en qualsevol \u00e8poca de l&#8217;any, no solament per Nadal, i que sou una empresa compromesa amb la seua ciutat i amb les necessitats dels seus ve\u00efns, per eixa ra\u00f3, molt\u00edssimes gr\u00e0cies en nom de la ciutat de Torrent<\/strong>\u201d, ha afirmat Folgado.<\/p>\n\n\n\n<p>Cases de l&#8217;Horta ha aconseguit el segon premi compartit amb una altra immobili\u00e0ria, per la qual cosa ha aconseguit 2.000 euros que ara s\u00f3n donats al Punt d&#8217;Aliments de Torrent. Els premis \u201cInmosolidarios\u201d s\u00f3n oferits per la Uni\u00f3 de Cr\u00e8dits Immobiliaris (UCI) i Cases de l&#8217;Horta ha aconseguit el segon lloc, gr\u00e0cies a la iniciativa de bunyols solidaris.<\/p>\n\n\n\n<p>Lluis Planells tamb\u00e9 ha assenyalat que per a la pr\u00f2xima edici\u00f3 de la \u201cBunyol\u00e0 Solid\u00e0ria Cases de l&#8217;Horta\u201d volen fer part\u00edcips a m\u00e9s empreses de la zona, per a poder arreplegar molts m\u00e9s aliments solidaris. L&#8217;Ajuntament de Torrent, per part seua, tornar\u00e0 a col\u00b7laborar perqu\u00e8 siga tot un \u00e8xit la \u201cbunyol\u00e0 solid\u00e0ria\u201d de falles 2024.<\/p>\n\n\n\n<figure class=\"wp-block-image aligncenter size-full\"><img fetchpriority=\"high\" decoding=\"async\" width=\"1024\" height=\"683\" src=\"https:\/\/infotorrent.es\/wp-content\/uploads\/2023\/09\/cases-horta.jpeg\" alt=\"\" class=\"wp-image-59804\" srcset=\"https:\/\/infotorrent.es\/wp-content\/uploads\/2023\/09\/cases-horta.jpeg 1024w, https:\/\/infotorrent.es\/wp-content\/uploads\/2023\/09\/cases-horta-300x200.jpeg 300w, https:\/\/infotorrent.es\/wp-content\/uploads\/2023\/09\/cases-horta-768x512.jpeg 768w\" sizes=\"(max-width: 1024px) 100vw, 1024px\" \/><\/figure>\n","protected":false},"excerpt":{"rendered":"<p>Folgado: \u201camb els vostres bunyols solidaris demostreu que es pot ser solidari en qualsevol \u00e8poca de l&#8217;any, no solament per Nadal, i que sou una empresa compromesa amb la seua ciutat i amb les necessitats dels seus ve\u00efns, per aqueixa ra\u00f3, molt\u00edssimes gr\u00e0cies en nom de la ciutat de Torrent\u201d L&#8217;alcaldessa de Torrent, Amparo Folgado, [&hellip;]<\/p>\n","protected":false},"author":2,"featured_media":59812,"comment_status":"open","ping_status":"open","sticky":false,"template":"","format":"standard","meta":{"_acf_changed":false,"footnotes":""},"categories":[128],"tags":[],"class_list":["post-59808","post","type-post","status-publish","format-standard","has-post-thumbnail","hentry","category-bienestar-social-2"],"acf":[],"_links":{"self":[{"href":"https:\/\/infotorrent.es\/ca\/wp-json\/wp\/v2\/posts\/59808","targetHints":{"allow":["GET"]}}],"collection":[{"href":"https:\/\/infotorrent.es\/ca\/wp-json\/wp\/v2\/posts"}],"about":[{"href":"https:\/\/infotorrent.es\/ca\/wp-json\/wp\/v2\/types\/post"}],"author":[{"embeddable":true,"href":"https:\/\/infotorrent.es\/ca\/wp-json\/wp\/v2\/users\/2"}],"replies":[{"embeddable":true,"href":"https:\/\/infotorrent.es\/ca\/wp-json\/wp\/v2\/comments?post=59808"}],"version-history":[{"count":1,"href":"https:\/\/infotorrent.es\/ca\/wp-json\/wp\/v2\/posts\/59808\/revisions"}],"predecessor-version":[{"id":59811,"href":"https:\/\/infotorrent.es\/ca\/wp-json\/wp\/v2\/posts\/59808\/revisions\/59811"}],"wp:featuredmedia":[{"embeddable":true,"href":"https:\/\/infotorrent.es\/ca\/wp-json\/wp\/v2\/media\/59812"}],"wp:attachment":[{"href":"https:\/\/infotorrent.es\/ca\/wp-json\/wp\/v2\/media?parent=59808"}],"wp:term":[{"taxonomy":"category","embeddable":true,"href":"https:\/\/infotorrent.es\/ca\/wp-json\/wp\/v2\/categories?post=59808"},{"taxonomy":"post_tag","embeddable":true,"href":"https:\/\/infotorrent.es\/ca\/wp-json\/wp\/v2\/tags?post=59808"}],"curies":[{"name":"wp","href":"https:\/\/api.w.org\/{rel}","templated":true}]}}