{"id":59778,"date":"2023-09-13T09:40:51","date_gmt":"2023-09-13T09:40:51","guid":{"rendered":"https:\/\/infotorrent.es\/uncategorized\/torrent-sortea-tres-patinetes-electricos-para-promocionar-el-comercio-local-y-la-movilidad-sostenible\/"},"modified":"2023-09-14T09:47:19","modified_gmt":"2023-09-14T09:47:19","slug":"torrent-sortea-tres-patinetes-electricos-para-promocionar-el-comercio-local-y-la-movilidad-sostenible","status":"publish","type":"post","link":"https:\/\/infotorrent.es\/ca\/mobilitat\/torrent-sortea-tres-patinetes-electricos-para-promocionar-el-comercio-local-y-la-movilidad-sostenible\/","title":{"rendered":"Torrent sorteja tres patinets el\u00e8ctrics per a promocionar el comer\u00e7 local i la mobilitat sostenible"},"content":{"rendered":"\n<h5 class=\"wp-block-heading\">L&#8217;Ajuntament sortejar\u00e0 dos patinets el\u00e8ctrics entre aquelles persones que facen les seues compres en els mercats municipals del 16 al 21 de setembre, i un altre entre els participants del concurs de preguntes d&#8217;IDEA\u2019T<\/h5>\n\n\n\n<h5 class=\"wp-block-heading\">El sorteig tindr\u00e0 lloc el pr\u00f2xim 22 de setembre en la Fira de la Mobilitat de Torrent<\/h5>\n\n\n\n<p>Amb motiu de la Setmana Europea de la Mobilitat 2023, l&#8217;Ajuntament de Torrent i l&#8217;empresa municipal IDEA\u2019T sortejaran tres patinets el\u00e8ctrics entre la ciutadania per a promocionar el comer\u00e7 local i promoure l&#8217;\u00fas de maneres de transport m\u00e9s sostenibles, com el transport p\u00fablic, la bicicleta i els despla\u00e7aments a peu. Aix\u00ed ho ha anunciat l&#8217;alcaldessa de Torrent, Amparo Folgado, durant l&#8217;acte de presentaci\u00f3 de la Setmana de la\u00a0Mobilitat: \u201c<strong>amb aquesta iniciativa volem impulsar el comer\u00e7 de proximitat, ja que, a m\u00e9s de contribuir a l&#8217;economia dels nostres conve\u00efns, \u00e9s una activitat que es realitza principalment a peu i, per tant, contribueix a reduir emissions i a fomentar l&#8217;activitat f\u00edsica\u201d.<\/strong><\/p>\n\n\n\n<p>Aix\u00ed, el consistori\u00a0torrent\u00ed sortejar\u00e0 dos patinets el\u00e8ctrics entre aquelles persones que facen les seues compres en els mercats municipals entre el 16 i el 21 de setembre, duent-se a terme el sorteig el dia 22 en l&#8217;estand que IDEA\u2019T muntar\u00e0 en l&#8217;Avinguda del\u00a0Vedat per a la Fira de Mobilitat de Torrent, on la ciutadania podr\u00e0 trobar informaci\u00f3 sobre els beneficis del comer\u00e7 local per a la consecuci\u00f3 dels objectius de desenvolupament sostenible. Igualment, les persones que s&#8217;acosten a l&#8217;estand podran participar en un concurs de preguntes, sent premiades de manera aleat\u00f2ria amb productes de marxandatge o amb 20 premis de 50 euros per a gastar en el comer\u00e7 local (es podran gastar \u00fanicament en els establiments adherits al programa de la targeta +25). I, en finalitzar el concurs, se sortejar\u00e0 un tercer patinet entre totes les persones que hagen participat, clausurant, d&#8217;aquesta manera, la gran festa de la mobilitat sostenible de Torrent.<\/p>\n\n\n\n<figure class=\"wp-block-gallery has-nested-images columns-default is-cropped wp-block-gallery-1 is-layout-flex wp-block-gallery-is-layout-flex\">\n<figure class=\"wp-block-image size-large\"><img fetchpriority=\"high\" decoding=\"async\" width=\"1024\" height=\"682\" data-id=\"59774\" src=\"https:\/\/infotorrent.es\/wp-content\/uploads\/2023\/09\/movilidad3-1024x682.jpg\" alt=\"\" class=\"wp-image-59774\" srcset=\"https:\/\/infotorrent.es\/wp-content\/uploads\/2023\/09\/movilidad3-1024x682.jpg 1024w, https:\/\/infotorrent.es\/wp-content\/uploads\/2023\/09\/movilidad3-300x200.jpg 300w, https:\/\/infotorrent.es\/wp-content\/uploads\/2023\/09\/movilidad3-768x512.jpg 768w, https:\/\/infotorrent.es\/wp-content\/uploads\/2023\/09\/movilidad3-1536x1023.jpg 1536w, https:\/\/infotorrent.es\/wp-content\/uploads\/2023\/09\/movilidad3.jpg 1600w\" sizes=\"(max-width: 1024px) 100vw, 1024px\" \/><\/figure>\n\n\n\n<figure class=\"wp-block-image size-large\"><img decoding=\"async\" width=\"724\" height=\"1024\" data-id=\"59772\" src=\"https:\/\/infotorrent.es\/wp-content\/uploads\/2023\/09\/COMPRA-ALS-MERCATS1-724x1024.png\" alt=\"\" class=\"wp-image-59772\" srcset=\"https:\/\/infotorrent.es\/wp-content\/uploads\/2023\/09\/COMPRA-ALS-MERCATS1-724x1024.png 724w, https:\/\/infotorrent.es\/wp-content\/uploads\/2023\/09\/COMPRA-ALS-MERCATS1-212x300.png 212w, https:\/\/infotorrent.es\/wp-content\/uploads\/2023\/09\/COMPRA-ALS-MERCATS1-768x1086.png 768w, https:\/\/infotorrent.es\/wp-content\/uploads\/2023\/09\/COMPRA-ALS-MERCATS1-1086x1536.png 1086w, https:\/\/infotorrent.es\/wp-content\/uploads\/2023\/09\/COMPRA-ALS-MERCATS1-1448x2048.png 1448w, https:\/\/infotorrent.es\/wp-content\/uploads\/2023\/09\/COMPRA-ALS-MERCATS1.png 1587w\" sizes=\"(max-width: 724px) 100vw, 724px\" \/><\/figure>\n<\/figure>\n","protected":false},"excerpt":{"rendered":"<p>L&#8217;Ajuntament sortejar\u00e0 dos patinets el\u00e8ctrics entre aquelles persones que facen les seues compres en els mercats municipals del 16 al 21 de setembre, i un altre entre els participants del concurs de preguntes d&#8217;IDEA\u2019T El sorteig tindr\u00e0 lloc el pr\u00f2xim 22 de setembre en la Fira de la Mobilitat de Torrent Amb motiu de la [&hellip;]<\/p>\n","protected":false},"author":2,"featured_media":59782,"comment_status":"open","ping_status":"open","sticky":false,"template":"","format":"standard","meta":{"_acf_changed":false,"footnotes":""},"categories":[147],"tags":[],"class_list":["post-59778","post","type-post","status-publish","format-standard","has-post-thumbnail","hentry","category-mobilitat"],"acf":[],"_links":{"self":[{"href":"https:\/\/infotorrent.es\/ca\/wp-json\/wp\/v2\/posts\/59778","targetHints":{"allow":["GET"]}}],"collection":[{"href":"https:\/\/infotorrent.es\/ca\/wp-json\/wp\/v2\/posts"}],"about":[{"href":"https:\/\/infotorrent.es\/ca\/wp-json\/wp\/v2\/types\/post"}],"author":[{"embeddable":true,"href":"https:\/\/infotorrent.es\/ca\/wp-json\/wp\/v2\/users\/2"}],"replies":[{"embeddable":true,"href":"https:\/\/infotorrent.es\/ca\/wp-json\/wp\/v2\/comments?post=59778"}],"version-history":[{"count":1,"href":"https:\/\/infotorrent.es\/ca\/wp-json\/wp\/v2\/posts\/59778\/revisions"}],"predecessor-version":[{"id":59781,"href":"https:\/\/infotorrent.es\/ca\/wp-json\/wp\/v2\/posts\/59778\/revisions\/59781"}],"wp:featuredmedia":[{"embeddable":true,"href":"https:\/\/infotorrent.es\/ca\/wp-json\/wp\/v2\/media\/59782"}],"wp:attachment":[{"href":"https:\/\/infotorrent.es\/ca\/wp-json\/wp\/v2\/media?parent=59778"}],"wp:term":[{"taxonomy":"category","embeddable":true,"href":"https:\/\/infotorrent.es\/ca\/wp-json\/wp\/v2\/categories?post=59778"},{"taxonomy":"post_tag","embeddable":true,"href":"https:\/\/infotorrent.es\/ca\/wp-json\/wp\/v2\/tags?post=59778"}],"curies":[{"name":"wp","href":"https:\/\/api.w.org\/{rel}","templated":true}]}}