{"id":59749,"date":"2023-09-13T10:08:19","date_gmt":"2023-09-13T10:08:19","guid":{"rendered":"https:\/\/infotorrent.es\/uncategorized\/torrent-celebra-el-dia-internacional-del-chocolate\/"},"modified":"2023-09-15T07:29:16","modified_gmt":"2023-09-15T07:29:16","slug":"torrent-celebra-el-dia-internacional-del-chocolate","status":"publish","type":"post","link":"https:\/\/infotorrent.es\/ca\/uncategorized\/torrent-celebra-el-dia-internacional-del-chocolate\/","title":{"rendered":"Torrent celebra el Dia Internacional del Xocolate"},"content":{"rendered":"\n<p>El 13 de setembre se celebra el Dia Internacional del Xocolate, una data important per a Torrent, ciutat xocolatera per excel\u00b7l\u00e8ncia de la prov\u00edncia de Val\u00e8ncia. Com \u00e9s ja tradici\u00f3, l&#8217;Ajuntament de Torrent s&#8217;uneix a la festivitat repartint barres del seu emblem\u00e0tic &#8220;xocolate de brioix&#8221; entre els seus ve\u00efns.<\/p>\n\n\n\n<p>Durant d\u00e8cades, Torrent ha sigut conegut per la seua rica tradici\u00f3 xocolatera, arribant a albergar en el seu apogeu a m\u00e9s de 90 xicotets productors de xocolate artes\u00e0. Hui dia, malgrat els canvis en la ind\u00fastria, la localitat mant\u00e9 viva la seua her\u00e8ncia dol\u00e7a amb quatre empreses que continuen elaborant el t\u00edpic producte\u00a0torrent\u00ed, com s\u00f3n Rafael Andreu, Pascual Andreu, Algarra i R.\u00a0Marsilla, amb les diferents marques que comercialitzen.<\/p>\n\n\n\n<p>Les empreses locals estan compromeses amb la innovaci\u00f3 i la millora constant dels seus productes, cercant portar l&#8217;inconfusible sabor del xocolate a la tassa de Torrent a tots els racons d&#8217;Espanya i que, com des de fa molt\u00edssims anys, arriben als forns de tot el pa\u00eds. Des del xocolate de brioix a la pedra m\u00e9s tradicional, l&#8217;elaboraci\u00f3 de la qual ha sigut transmesa de generaci\u00f3 en generaci\u00f3 fins a les \u00faltimes tend\u00e8ncies en xocolateria, les empreses&nbsp;torrentines estan decidides a mantenir la qualitat i autenticitat que caracteritzen als seus productes.<\/p>\n\n\n\n<p>L&#8217;alcaldessa de Torrent, Amparo Folgado, ha expressat el seu ferm comprom\u00eds de promocionar i posar en valor aquest producte t\u00edpic de la localitat. <strong>&#8220;El xocolate de Torrent \u00e9s part de la nostra hist\u00f2ria i cultura. Volem que m\u00e9s persones en tota Espanya puguen gaudir del seu delici\u00f3s sabor i de la tradici\u00f3 que representa, jo mateixa el regale a cada personalitat que visita la nostra ciutat, s\u00f3n les nostres vitamines&nbsp;torrentines&#8221;,<\/strong> ha assenyalat l&#8217;alcaldessa.<\/p>\n\n\n\n<p>L&#8217;Ajuntament de Torrent est\u00e0 treballant en noves iniciatives que continuaran impulsant la marca del Xocolate de Torrent i que s&#8217;aniran anunciant en el futur.<\/p>\n\n\n\n<figure class=\"wp-block-image aligncenter size-large\"><img fetchpriority=\"high\" decoding=\"async\" width=\"1024\" height=\"682\" src=\"https:\/\/infotorrent.es\/wp-content\/uploads\/2023\/09\/dia-chocolate-1024x682.jpeg\" alt=\"\" class=\"wp-image-59745\" srcset=\"https:\/\/infotorrent.es\/wp-content\/uploads\/2023\/09\/dia-chocolate-1024x682.jpeg 1024w, https:\/\/infotorrent.es\/wp-content\/uploads\/2023\/09\/dia-chocolate-300x200.jpeg 300w, https:\/\/infotorrent.es\/wp-content\/uploads\/2023\/09\/dia-chocolate-768x512.jpeg 768w, https:\/\/infotorrent.es\/wp-content\/uploads\/2023\/09\/dia-chocolate-1536x1023.jpeg 1536w, https:\/\/infotorrent.es\/wp-content\/uploads\/2023\/09\/dia-chocolate.jpeg 1600w\" sizes=\"(max-width: 1024px) 100vw, 1024px\" \/><\/figure>\n","protected":false},"excerpt":{"rendered":"<p>El 13 de setembre se celebra el Dia Internacional del Xocolate, una data important per a Torrent, ciutat xocolatera per excel\u00b7l\u00e8ncia de la prov\u00edncia de Val\u00e8ncia. Com \u00e9s ja tradici\u00f3, l&#8217;Ajuntament de Torrent s&#8217;uneix a la festivitat repartint barres del seu emblem\u00e0tic &#8220;xocolate de brioix&#8221; entre els seus ve\u00efns. Durant d\u00e8cades, Torrent ha sigut conegut [&hellip;]<\/p>\n","protected":false},"author":2,"featured_media":59753,"comment_status":"open","ping_status":"open","sticky":false,"template":"","format":"standard","meta":{"_acf_changed":false,"footnotes":""},"categories":[25],"tags":[],"class_list":["post-59749","post","type-post","status-publish","format-standard","has-post-thumbnail","hentry","category-uncategorized"],"acf":[],"_links":{"self":[{"href":"https:\/\/infotorrent.es\/ca\/wp-json\/wp\/v2\/posts\/59749","targetHints":{"allow":["GET"]}}],"collection":[{"href":"https:\/\/infotorrent.es\/ca\/wp-json\/wp\/v2\/posts"}],"about":[{"href":"https:\/\/infotorrent.es\/ca\/wp-json\/wp\/v2\/types\/post"}],"author":[{"embeddable":true,"href":"https:\/\/infotorrent.es\/ca\/wp-json\/wp\/v2\/users\/2"}],"replies":[{"embeddable":true,"href":"https:\/\/infotorrent.es\/ca\/wp-json\/wp\/v2\/comments?post=59749"}],"version-history":[{"count":2,"href":"https:\/\/infotorrent.es\/ca\/wp-json\/wp\/v2\/posts\/59749\/revisions"}],"predecessor-version":[{"id":59840,"href":"https:\/\/infotorrent.es\/ca\/wp-json\/wp\/v2\/posts\/59749\/revisions\/59840"}],"wp:featuredmedia":[{"embeddable":true,"href":"https:\/\/infotorrent.es\/ca\/wp-json\/wp\/v2\/media\/59753"}],"wp:attachment":[{"href":"https:\/\/infotorrent.es\/ca\/wp-json\/wp\/v2\/media?parent=59749"}],"wp:term":[{"taxonomy":"category","embeddable":true,"href":"https:\/\/infotorrent.es\/ca\/wp-json\/wp\/v2\/categories?post=59749"},{"taxonomy":"post_tag","embeddable":true,"href":"https:\/\/infotorrent.es\/ca\/wp-json\/wp\/v2\/tags?post=59749"}],"curies":[{"name":"wp","href":"https:\/\/api.w.org\/{rel}","templated":true}]}}