{"id":59583,"date":"2023-09-06T09:45:56","date_gmt":"2023-09-06T09:45:56","guid":{"rendered":"https:\/\/infotorrent.es\/uncategorized\/el-cij-de-torrent-forma-a-los-jovenes-en-prevencion-del-bullying-y-atencion-a-personas-con-necesidades-especiales\/"},"modified":"2023-09-06T09:51:06","modified_gmt":"2023-09-06T09:51:06","slug":"el-cij-de-torrent-forma-a-los-jovenes-en-prevencion-del-bullying-y-atencion-a-personas-con-necesidades-especiales","status":"publish","type":"post","link":"https:\/\/infotorrent.es\/ca\/uncategorized\/el-cij-de-torrent-forma-a-los-jovenes-en-prevencion-del-bullying-y-atencion-a-personas-con-necesidades-especiales\/","title":{"rendered":"El\u00a0CIJ de Torrent forma als joves en prevenci\u00f3 del\u00a0bullying i atenci\u00f3 a persones amb necessitats especials"},"content":{"rendered":"\n<h5 class=\"wp-block-heading\">L&#8217;objectiu d&#8217;aquests cursos \u00e9s que els joves puguen desenvolupar les seues habilitats i coneixements per a augmentar les seues possibilitats en el mercat laboral<\/h5>\n\n\n\n<p> El Centre d&#8217;Informaci\u00f3 Juvenil (CIJ) de Torrent ofereix dos cursos de formaci\u00f3 per a joves d&#8217;entre 18 i 30 anys l&#8217;objectiu dels quals \u00e9s <strong>\u201ccontinuar adquirint habilitats i coneixements que expandisquen les seues possibilitats en el mercat laboral, mentre contribu\u00efm a atallar problem\u00e0tiques socials, com el\u00a0bullying, i posem el focus d&#8217;atenci\u00f3 en el desenvolupament de les persones amb necessitats especials\u201d<\/strong>, tal com explica la regidor de Joventut, Mar\u00eda Fern\u00e1ndez.<\/p>\n\n\n\n<p>El primer d&#8217;ells t\u00e9 com a objecte la \u2018Prevenci\u00f3 del\u00a0bullying en activitats de temps lliure infantil i juvenil\u2019, i est\u00e0 destinat a professionals de l&#8217;\u00e0mbit de la joventut, monitors i persones interessades en la detecci\u00f3 i identificaci\u00f3 de l&#8217;assetjament a menors. La formaci\u00f3 ser\u00e0 impartida pel personal de l&#8217;escola d&#8217;animaci\u00f3\u00a0ABAST -homologada per l&#8217;Institut Valenci\u00e0 de la Joventut (IVAJ)- i inclou al llarg de les seues 15 hores de duraci\u00f3 continguts com el concepte de\u00a0<em>bullying i\u00a0ciberbullying<\/em>, tipologia, factors que propicien l&#8217;assetjament o causes i conseq\u00fc\u00e8ncies. Aix\u00ed, el curs es desenvolupar\u00e0 del 25 al 29 de setembre, de 10 a\u00a013h, amb una quota d&#8217;inscripci\u00f3 de 13 euros. Per a m\u00e9s informaci\u00f3: <a href=\"https:\/\/torrentjove.com\/curso-prevencion-del-bullying-en-actividades-de-tiempo-libre-infantil-y-juvenil\/\" target=\"_blank\" rel=\"noreferrer noopener\">bit.ly\/45I5GEG<\/a><\/p>\n\n\n\n<p>El segon dels cursos del\u00a0CIJ Torrent t\u00e9 per t\u00edtol \u2018Recursos per al treball des de l&#8217;animaci\u00f3 juvenil amb col\u00b7lectius amb necessitats educatives especials\u2019, i compta tamb\u00e9 amb personal d&#8217;ABAST i la certificaci\u00f3 de l&#8217;IVAJ. La formaci\u00f3 es desenvolupar\u00e0 del 25 al 29 de setembre en horari de vesprada, de 17 a\u00a020h, i oferir\u00e0 als participants continguts com la intervenci\u00f3 socioeducativa, diversitat funcional i la seua relaci\u00f3 amb el desenvolupament i les etapes evolutives, el concepte d&#8217;educaci\u00f3 integral i molt m\u00e9s. Igual que en l&#8217;apartat anterior, la duraci\u00f3 del curs ser\u00e0 de 15 hores i la quota d&#8217;inscripci\u00f3 de 13 euros. Tota la informaci\u00f3 en: <a href=\"https:\/\/torrentjove.com\/curso-recursos-para-el-trabajo-desde-la-animacion-juvenil-con-colectivos-con-necesidades-educativas-especiales\/\" target=\"_blank\" rel=\"noreferrer noopener\">bit.ly\/3ErSTtP<\/a><\/p>\n\n\n\n<figure class=\"wp-block-gallery has-nested-images columns-default is-cropped wp-block-gallery-1 is-layout-flex wp-block-gallery-is-layout-flex\">\n<figure class=\"wp-block-image size-large\"><img fetchpriority=\"high\" decoding=\"async\" width=\"546\" height=\"322\" data-id=\"59577\" src=\"https:\/\/infotorrent.es\/wp-content\/uploads\/2023\/09\/Diseno-sin-titulo-2.png\" alt=\"\" class=\"wp-image-59577\" srcset=\"https:\/\/infotorrent.es\/wp-content\/uploads\/2023\/09\/Diseno-sin-titulo-2.png 546w, https:\/\/infotorrent.es\/wp-content\/uploads\/2023\/09\/Diseno-sin-titulo-2-300x177.png 300w\" sizes=\"(max-width: 546px) 100vw, 546px\" \/><\/figure>\n\n\n\n<figure class=\"wp-block-image size-large\"><img decoding=\"async\" width=\"546\" height=\"322\" data-id=\"59579\" src=\"https:\/\/infotorrent.es\/wp-content\/uploads\/2023\/09\/Diseno-sin-titulo.png\" alt=\"\" class=\"wp-image-59579\" srcset=\"https:\/\/infotorrent.es\/wp-content\/uploads\/2023\/09\/Diseno-sin-titulo.png 546w, https:\/\/infotorrent.es\/wp-content\/uploads\/2023\/09\/Diseno-sin-titulo-300x177.png 300w\" sizes=\"(max-width: 546px) 100vw, 546px\" \/><\/figure>\n<\/figure>\n","protected":false},"excerpt":{"rendered":"<p>L&#8217;objectiu d&#8217;aquests cursos \u00e9s que els joves puguen desenvolupar les seues habilitats i coneixements per a augmentar les seues possibilitats en el mercat laboral El Centre d&#8217;Informaci\u00f3 Juvenil (CIJ) de Torrent ofereix dos cursos de formaci\u00f3 per a joves d&#8217;entre 18 i 30 anys l&#8217;objectiu dels quals \u00e9s \u201ccontinuar adquirint habilitats i coneixements que expandisquen [&hellip;]<\/p>\n","protected":false},"author":2,"featured_media":59587,"comment_status":"open","ping_status":"open","sticky":false,"template":"","format":"standard","meta":{"_acf_changed":false,"footnotes":""},"categories":[25],"tags":[],"class_list":["post-59583","post","type-post","status-publish","format-standard","has-post-thumbnail","hentry","category-uncategorized"],"acf":[],"_links":{"self":[{"href":"https:\/\/infotorrent.es\/ca\/wp-json\/wp\/v2\/posts\/59583","targetHints":{"allow":["GET"]}}],"collection":[{"href":"https:\/\/infotorrent.es\/ca\/wp-json\/wp\/v2\/posts"}],"about":[{"href":"https:\/\/infotorrent.es\/ca\/wp-json\/wp\/v2\/types\/post"}],"author":[{"embeddable":true,"href":"https:\/\/infotorrent.es\/ca\/wp-json\/wp\/v2\/users\/2"}],"replies":[{"embeddable":true,"href":"https:\/\/infotorrent.es\/ca\/wp-json\/wp\/v2\/comments?post=59583"}],"version-history":[{"count":1,"href":"https:\/\/infotorrent.es\/ca\/wp-json\/wp\/v2\/posts\/59583\/revisions"}],"predecessor-version":[{"id":59586,"href":"https:\/\/infotorrent.es\/ca\/wp-json\/wp\/v2\/posts\/59583\/revisions\/59586"}],"wp:featuredmedia":[{"embeddable":true,"href":"https:\/\/infotorrent.es\/ca\/wp-json\/wp\/v2\/media\/59587"}],"wp:attachment":[{"href":"https:\/\/infotorrent.es\/ca\/wp-json\/wp\/v2\/media?parent=59583"}],"wp:term":[{"taxonomy":"category","embeddable":true,"href":"https:\/\/infotorrent.es\/ca\/wp-json\/wp\/v2\/categories?post=59583"},{"taxonomy":"post_tag","embeddable":true,"href":"https:\/\/infotorrent.es\/ca\/wp-json\/wp\/v2\/tags?post=59583"}],"curies":[{"name":"wp","href":"https:\/\/api.w.org\/{rel}","templated":true}]}}