{"id":59389,"date":"2023-08-30T06:51:06","date_gmt":"2023-08-30T06:51:06","guid":{"rendered":"https:\/\/infotorrent.es\/uncategorized\/deporte-y-solidaridad-se-dan-la-mano-en-la-nueva-edicion-de-runcancer-bajo-el-lema-torrent-un-solo-corazon\/"},"modified":"2023-08-30T06:55:30","modified_gmt":"2023-08-30T06:55:30","slug":"deporte-y-solidaridad-se-dan-la-mano-en-la-nueva-edicion-de-runcancer-bajo-el-lema-torrent-un-solo-corazon","status":"publish","type":"post","link":"https:\/\/infotorrent.es\/ca\/juventud-y-deportes-2\/deporte-y-solidaridad-se-dan-la-mano-en-la-nueva-edicion-de-runcancer-bajo-el-lema-torrent-un-solo-corazon\/","title":{"rendered":"Esport i solidaritat es donen la m\u00e0 en la nova edici\u00f3 de\u00a0RunC\u00e1ncer sota el lema &#8216;Torrent: un sol cor&#8217;"},"content":{"rendered":"\n<h5 class=\"wp-block-heading\">La carrera de 5K comen\u00e7ar\u00e0 el dissabte 30 de setembre a les 19.00 h, i seguidament es donar\u00e0 l&#8217;eixida a la marxa no competitiva 4K<\/h5>\n\n\n\n<h5 class=\"wp-block-heading\">Les inscripcions poden realitzar-se a trav\u00e9s de la web oficial del circuit de carreres fins al pr\u00f2xim 28 de setembre<\/h5>\n\n\n\n<h5 class=\"wp-block-heading\">La quantia recaptada ser\u00e0 destinada \u00edntegrament a la investigaci\u00f3 contra el c\u00e0ncer<\/h5>\n\n\n\n<p>La ciutat de Torrent tornar\u00e0 a demostrar una vegada m\u00e9s la seua solidaritat amb la celebraci\u00f3 de\u00a0RunC\u00e1ncer 2023, l&#8217;esdeveniment solidari i esportiu que organitza anualment l&#8217;Associaci\u00f3 Espanyola Contra el C\u00e0ncer (AECC), i que enguany se celebrar\u00e0 el dissabte 30 de setembre. Amb el lema <em>Torrent: un sol cor<\/em>, l&#8217;activitat arrancar\u00e0 en la Pla\u00e7a\u00a0Major, al costat de la Torre, des d&#8217;on es donar\u00e0 el tret d&#8217;eixida de la carrera 5K a les 19.00 h. Seguidament, a les 19.05 h, comen\u00e7ar\u00e0 una marxa no competitiva 4K des del mateix lloc.<\/p>\n\n\n\n<p>Els dorsals tenen un preu de 5,36 euros per a cadascun dels dos esdeveniments solidaris, import que ser\u00e0 destinat \u00edntegrament a la investigaci\u00f3 contra el c\u00e0ncer. Les inscripcions podran realitzar-se a trav\u00e9s de la web oficial del circuit de carreres (https:\/\/runcancer.com\/calendario-2023) fins al pr\u00f2xim 28 de setembre. Quant a la marxa no competitiva, tamb\u00e9 podran adquirir el dorsal en la Fundaci\u00f3 Esportiva Municipal de Torrent, en els comer\u00e7os\u00a0torrentins adherits a la campanya i a trav\u00e9s la junta local de\u00a0AECC.<\/p>\n\n\n\n<figure class=\"wp-block-gallery has-nested-images columns-default is-cropped wp-block-gallery-1 is-layout-flex wp-block-gallery-is-layout-flex\">\n<figure class=\"wp-block-image size-large\"><img fetchpriority=\"high\" decoding=\"async\" width=\"1024\" height=\"559\" data-id=\"59385\" src=\"https:\/\/infotorrent.es\/wp-content\/uploads\/2023\/08\/runcancer-1.jpeg\" alt=\"\" class=\"wp-image-59385\" srcset=\"https:\/\/infotorrent.es\/wp-content\/uploads\/2023\/08\/runcancer-1.jpeg 1024w, https:\/\/infotorrent.es\/wp-content\/uploads\/2023\/08\/runcancer-1-300x164.jpeg 300w, https:\/\/infotorrent.es\/wp-content\/uploads\/2023\/08\/runcancer-1-768x419.jpeg 768w\" sizes=\"(max-width: 1024px) 100vw, 1024px\" \/><\/figure>\n<\/figure>\n","protected":false},"excerpt":{"rendered":"<p>La carrera de 5K comen\u00e7ar\u00e0 el dissabte 30 de setembre a les 19.00 h, i seguidament es donar\u00e0 l&#8217;eixida a la marxa no competitiva 4K Les inscripcions poden realitzar-se a trav\u00e9s de la web oficial del circuit de carreres fins al pr\u00f2xim 28 de setembre La quantia recaptada ser\u00e0 destinada \u00edntegrament a la investigaci\u00f3 contra [&hellip;]<\/p>\n","protected":false},"author":2,"featured_media":59386,"comment_status":"open","ping_status":"open","sticky":false,"template":"","format":"standard","meta":{"_acf_changed":false,"footnotes":""},"categories":[130,128],"tags":[],"class_list":["post-59389","post","type-post","status-publish","format-standard","has-post-thumbnail","hentry","category-juventud-y-deportes-2","category-bienestar-social-2"],"acf":[],"_links":{"self":[{"href":"https:\/\/infotorrent.es\/ca\/wp-json\/wp\/v2\/posts\/59389","targetHints":{"allow":["GET"]}}],"collection":[{"href":"https:\/\/infotorrent.es\/ca\/wp-json\/wp\/v2\/posts"}],"about":[{"href":"https:\/\/infotorrent.es\/ca\/wp-json\/wp\/v2\/types\/post"}],"author":[{"embeddable":true,"href":"https:\/\/infotorrent.es\/ca\/wp-json\/wp\/v2\/users\/2"}],"replies":[{"embeddable":true,"href":"https:\/\/infotorrent.es\/ca\/wp-json\/wp\/v2\/comments?post=59389"}],"version-history":[{"count":2,"href":"https:\/\/infotorrent.es\/ca\/wp-json\/wp\/v2\/posts\/59389\/revisions"}],"predecessor-version":[{"id":59394,"href":"https:\/\/infotorrent.es\/ca\/wp-json\/wp\/v2\/posts\/59389\/revisions\/59394"}],"wp:featuredmedia":[{"embeddable":true,"href":"https:\/\/infotorrent.es\/ca\/wp-json\/wp\/v2\/media\/59386"}],"wp:attachment":[{"href":"https:\/\/infotorrent.es\/ca\/wp-json\/wp\/v2\/media?parent=59389"}],"wp:term":[{"taxonomy":"category","embeddable":true,"href":"https:\/\/infotorrent.es\/ca\/wp-json\/wp\/v2\/categories?post=59389"},{"taxonomy":"post_tag","embeddable":true,"href":"https:\/\/infotorrent.es\/ca\/wp-json\/wp\/v2\/tags?post=59389"}],"curies":[{"name":"wp","href":"https:\/\/api.w.org\/{rel}","templated":true}]}}