{"id":58997,"date":"2023-08-14T08:08:45","date_gmt":"2023-08-14T08:08:45","guid":{"rendered":"https:\/\/infotorrent.es\/uncategorized\/el-ayuntamiento-comienza-a-renovar-las-zonas-verdes-de-las-calles-campoamor-estacion-y-9-doctubre\/"},"modified":"2023-08-14T09:00:51","modified_gmt":"2023-08-14T09:00:51","slug":"el-ayuntamiento-comienza-a-renovar-las-zonas-verdes-de-las-calles-campoamor-estacion-y-9-doctubre","status":"publish","type":"post","link":"https:\/\/infotorrent.es\/ca\/noticies\/urbanisme\/el-ayuntamiento-comienza-a-renovar-las-zonas-verdes-de-las-calles-campoamor-estacion-y-9-doctubre\/","title":{"rendered":"L&#8217;Ajuntament comen\u00e7a a renovar les zones verdes dels carrers Campoamor, Estaci\u00f3 i 9 d\u2019Octubre"},"content":{"rendered":"\n<h4 class=\"wp-block-heading\">Les actuacions han comen\u00e7at amb la creaci\u00f3 d&#8217;un nou carril per a bicis i vianants que connectar\u00e0 les zones verdes dels carrers Campoamor i Estaci\u00f3 amb la carretera de Picanya<\/h4>\n\n\n\n<h4 class=\"wp-block-heading\">\u00c9s la primera fase d&#8217;unes obres que renovaran \u00edntegrament la zona verda i les \u00e0rees de jocs infantils situades en el per\u00edmetre de les vies de Metrovalencia<\/h4>\n\n\n\n<p>L&#8217;Ajuntament de Torrent ha comen\u00e7at a treballar en les obres de renovaci\u00f3 de les zones verdes dels carrers Campoamor, Estaci\u00f3 i Nou d\u2019Octubre. Les actuacions posades en marxa este mes d&#8217;agost inclouen la implantaci\u00f3 d&#8217;una infraestructura ciclopeatonal per a la connexi\u00f3 d&#8217;estes \u00e0rees dels carrers Campoamor i Estaci\u00f3 amb el carri bici i per als vianants actualment existent en la carretera de Picanya. Les millores es complementaran amb l&#8217;adequaci\u00f3 i la renovaci\u00f3 de la jardineria i l&#8217;arbratge de la zona.<br>La construcci\u00f3 d&#8217;este nou recorregut ciclopeatonal \u00e9s la primera fase d&#8217;unes obres que es prolongaran durant els pr\u00f2xims mesos i que, en el seu conjunt, tamb\u00e9 permetran renovar \u00edntegrament la zona verda i les \u00e0rees de jocs infantils situades en el per\u00edmetre de les vies de Metrovalencia, la qual cosa crear\u00e0 un nou espai urb\u00e0 a la ciutat de Torrent.<br>L&#8217;alcaldessa Amparo Folgado ha visitat les obres en marxa d&#8217;aquest nou carril bici, del qual ha destacat que <strong>\u201c\u00e9s un projecte que es tornar\u00e0 a ampliar en anys posteriors i forma part d&#8217;eixa via verda que permetr\u00e0 que aquells als quals ens agrada anar a caminar o amb bici puguem fer-ho en condicions amb un carril ampli i c\u00f2mode que puga ser compartit per totes les persones\u201d<\/strong>.<\/p>\n\n\n\n<p><strong>Renovaci\u00f3 de les zones dels carrers Estaci\u00f3 i 9 d\u2019Octubre<\/strong><br><br>En la zona verda del carrer 9 d\u2019Octubre es preveu un nou parc can\u00ed, la instal\u00b7laci\u00f3 de nou enllumenat p\u00fablic i de la xarxa de drenatge i es plantaran noves esp\u00e8cies vegetals. El parc infantil del carrer Estaci\u00f3 tamb\u00e9 es renovar\u00e0 amb una nova superf\u00edcie que millore la seguretat i amb la instal\u00b7laci\u00f3 de nous jocs. De la mateixa manera es preveu la demolici\u00f3 de paviments de la pla\u00e7a i la seua posterior reposici\u00f3, aix\u00ed com l&#8217;adequaci\u00f3 de la jardineria amb noves plantacions i una xarxa de reg.<\/p>\n\n\n\n<p><strong>Obres en la pla\u00e7a Sant Raimundo de Penyafort<\/strong><br><br>De la mateixa forma, s&#8217;han posat en marxa les obres en la pr\u00f2xima pla\u00e7a de Sant Raimundo de Penyafort. Folgado, que tamb\u00e9 ha visitat estes actuacions indica que es tracta d&#8217;uns <strong>\u201ctreballs d&#8217;adequaci\u00f3 i millora del propi parc, on es posar\u00e0 gespa i es millorar\u00e0 l&#8217;\u00e0rea de jocs, exercicis i gimn\u00e0stica per als nostres majors. Tamb\u00e9 es millorar\u00e0 la zona amb m\u00e9s bancs, amb l&#8217;\u00e0rea de jocs per a xiquets i es connectar\u00e0 amb el cam\u00ed de la ruta cap a Picanya\u201d<\/strong>. Sobre els terminis i els temps de les obres, l&#8217;alcaldessa assenyala que <strong>\u201chem volgut fer-les a l&#8217;agost per a reduir les mol\u00e8sties als ve\u00efns i que el mes de setembre ja estiguen en \u00fas. Contactem amb les associacions que utilitzen la pla\u00e7a per a afavorir l&#8217;accessibilitat en funci\u00f3 de les seues activitats i tamb\u00e9 hem intentat respondre a les necessitats dels ve\u00efns\u201d<\/strong>.<\/p>\n\n\n\n<figure class=\"wp-block-image size-large\"><img fetchpriority=\"high\" decoding=\"async\" width=\"1024\" height=\"682\" src=\"https:\/\/infotorrent.es\/wp-content\/uploads\/2023\/08\/image-28-1024x682.png\" alt=\"\" class=\"wp-image-58984\" srcset=\"https:\/\/infotorrent.es\/wp-content\/uploads\/2023\/08\/image-28-1024x682.png 1024w, https:\/\/infotorrent.es\/wp-content\/uploads\/2023\/08\/image-28-300x200.png 300w, https:\/\/infotorrent.es\/wp-content\/uploads\/2023\/08\/image-28-768x512.png 768w, https:\/\/infotorrent.es\/wp-content\/uploads\/2023\/08\/image-28-1536x1023.png 1536w, https:\/\/infotorrent.es\/wp-content\/uploads\/2023\/08\/image-28.png 1600w\" sizes=\"(max-width: 1024px) 100vw, 1024px\" \/><\/figure>\n\n\n\n<figure class=\"wp-block-image size-large\"><img decoding=\"async\" width=\"1024\" height=\"682\" src=\"https:\/\/infotorrent.es\/wp-content\/uploads\/2023\/08\/image-29-1024x682.png\" alt=\"\" class=\"wp-image-58986\" srcset=\"https:\/\/infotorrent.es\/wp-content\/uploads\/2023\/08\/image-29-1024x682.png 1024w, https:\/\/infotorrent.es\/wp-content\/uploads\/2023\/08\/image-29-300x200.png 300w, https:\/\/infotorrent.es\/wp-content\/uploads\/2023\/08\/image-29-768x512.png 768w, https:\/\/infotorrent.es\/wp-content\/uploads\/2023\/08\/image-29-1536x1023.png 1536w, https:\/\/infotorrent.es\/wp-content\/uploads\/2023\/08\/image-29.png 1600w\" sizes=\"(max-width: 1024px) 100vw, 1024px\" \/><\/figure>\n\n\n\n<figure class=\"wp-block-image size-large\"><img decoding=\"async\" width=\"1024\" height=\"682\" src=\"https:\/\/infotorrent.es\/wp-content\/uploads\/2023\/08\/image-30-1024x682.png\" alt=\"\" class=\"wp-image-58988\" srcset=\"https:\/\/infotorrent.es\/wp-content\/uploads\/2023\/08\/image-30-1024x682.png 1024w, https:\/\/infotorrent.es\/wp-content\/uploads\/2023\/08\/image-30-300x200.png 300w, https:\/\/infotorrent.es\/wp-content\/uploads\/2023\/08\/image-30-768x512.png 768w, https:\/\/infotorrent.es\/wp-content\/uploads\/2023\/08\/image-30-1536x1023.png 1536w, https:\/\/infotorrent.es\/wp-content\/uploads\/2023\/08\/image-30.png 1600w\" sizes=\"(max-width: 1024px) 100vw, 1024px\" \/><\/figure>\n\n\n\n<figure class=\"wp-block-image size-large\"><img loading=\"lazy\" decoding=\"async\" width=\"1024\" height=\"682\" src=\"https:\/\/infotorrent.es\/wp-content\/uploads\/2023\/08\/image-31-1024x682.png\" alt=\"\" class=\"wp-image-58990\" srcset=\"https:\/\/infotorrent.es\/wp-content\/uploads\/2023\/08\/image-31-1024x682.png 1024w, https:\/\/infotorrent.es\/wp-content\/uploads\/2023\/08\/image-31-300x200.png 300w, https:\/\/infotorrent.es\/wp-content\/uploads\/2023\/08\/image-31-768x512.png 768w, https:\/\/infotorrent.es\/wp-content\/uploads\/2023\/08\/image-31-1536x1023.png 1536w, https:\/\/infotorrent.es\/wp-content\/uploads\/2023\/08\/image-31.png 1600w\" sizes=\"(max-width: 1024px) 100vw, 1024px\" \/><\/figure>\n\n\n\n<p><\/p>\n","protected":false},"excerpt":{"rendered":"<p>Les actuacions han comen\u00e7at amb la creaci\u00f3 d&#8217;un nou carril per a bicis i vianants que connectar\u00e0 les zones verdes dels carrers Campoamor i Estaci\u00f3 amb la carretera de Picanya \u00c9s la primera fase d&#8217;unes obres que renovaran \u00edntegrament la zona verda i les \u00e0rees de jocs infantils situades en el per\u00edmetre de les vies [&hellip;]<\/p>\n","protected":false},"author":2,"featured_media":58998,"comment_status":"open","ping_status":"open","sticky":false,"template":"","format":"standard","meta":{"_acf_changed":false,"footnotes":""},"categories":[155,1135,133],"tags":[],"class_list":["post-58997","post","type-post","status-publish","format-standard","has-post-thumbnail","hentry","category-gestio-ciutat","category-gestion-ciudad-2","category-urbanisme"],"acf":[],"_links":{"self":[{"href":"https:\/\/infotorrent.es\/ca\/wp-json\/wp\/v2\/posts\/58997","targetHints":{"allow":["GET"]}}],"collection":[{"href":"https:\/\/infotorrent.es\/ca\/wp-json\/wp\/v2\/posts"}],"about":[{"href":"https:\/\/infotorrent.es\/ca\/wp-json\/wp\/v2\/types\/post"}],"author":[{"embeddable":true,"href":"https:\/\/infotorrent.es\/ca\/wp-json\/wp\/v2\/users\/2"}],"replies":[{"embeddable":true,"href":"https:\/\/infotorrent.es\/ca\/wp-json\/wp\/v2\/comments?post=58997"}],"version-history":[{"count":2,"href":"https:\/\/infotorrent.es\/ca\/wp-json\/wp\/v2\/posts\/58997\/revisions"}],"predecessor-version":[{"id":59001,"href":"https:\/\/infotorrent.es\/ca\/wp-json\/wp\/v2\/posts\/58997\/revisions\/59001"}],"wp:featuredmedia":[{"embeddable":true,"href":"https:\/\/infotorrent.es\/ca\/wp-json\/wp\/v2\/media\/58998"}],"wp:attachment":[{"href":"https:\/\/infotorrent.es\/ca\/wp-json\/wp\/v2\/media?parent=58997"}],"wp:term":[{"taxonomy":"category","embeddable":true,"href":"https:\/\/infotorrent.es\/ca\/wp-json\/wp\/v2\/categories?post=58997"},{"taxonomy":"post_tag","embeddable":true,"href":"https:\/\/infotorrent.es\/ca\/wp-json\/wp\/v2\/tags?post=58997"}],"curies":[{"name":"wp","href":"https:\/\/api.w.org\/{rel}","templated":true}]}}