{"id":58946,"date":"2023-08-10T11:16:18","date_gmt":"2023-08-10T11:16:18","guid":{"rendered":"https:\/\/infotorrent.es\/uncategorized\/casa-de-la-dona-ya-trabaja-en-la-programacion-de-actividades-de-otono\/"},"modified":"2023-08-10T11:24:52","modified_gmt":"2023-08-10T11:24:52","slug":"casa-de-la-dona-ya-trabaja-en-la-programacion-de-actividades-de-otono","status":"publish","type":"post","link":"https:\/\/infotorrent.es\/ca\/igualtat\/casa-de-la-dona-ya-trabaja-en-la-programacion-de-actividades-de-otono\/","title":{"rendered":"Casa de la Dona ja treballa en la programaci\u00f3 d&#8217;activitats de la tardor"},"content":{"rendered":"\n<h6 class=\"wp-block-heading\">Amparo Chust es va reunir amb les responsables dels tallers per a escoltar propostes i definir el programa d&#8217;activitats<\/h6>\n\n\n\n<h6 class=\"wp-block-heading\">Les instal\u00b7lacions de Casa de la Dona es condicionaran per a donar el millor servei possible a partir de setembre<\/h6>\n\n\n\n<p>La Casa de la Dona de l&#8217;Ajuntament de Torrent no det\u00e9 la seua activitat durant els mesos d&#8217;estiu i ja treballa en la programaci\u00f3 del pr\u00f2xim curs. Amparo Chust, delegada del departament de la dona, s&#8217;ha reunit aquests dies amb algunes de les reponsables que formaran el grup de tallers que ja s&#8217;estan preparant per al mes de setembre, amb l&#8217;objectiu d&#8217;oferir un programa ampli i variat per a totes. Entre les dones que van participar en aquesta reuni\u00f3 es troben Carolina Damonte, experta en l&#8217;art de teixir; Miracle Estruch, fot\u00f2grafa; Mar\u00eda Jos\u00e9 Guerrero Reina, com a responsable de jocs moderns; Patricia Cuenca, com a encarregada del club de lectura i Ana Mar\u00eda Guiot com a responsable de dibuix.<\/p>\n\n\n\n<p>Chust va agrair a aquestes dones la seua implicaci\u00f3 i reconeix que l&#8217;equip de Casa de la Dona est\u00e0 <strong>\u201cmolt il\u00b7lusionat amb els projectes que llan\u00e7arem entre totes. Volem proposar una oferta diversa per a poder arribar a un p\u00fablic molt ampli. Estem desitjant que arribe setembre per a posar totes aquestes propostes en marxa, el nostre objectiu \u00e9s involucrar a totes les persones que vulguen aportar idees o participar\u201d<\/strong>. La programaci\u00f3 completa d&#8217;aquestes activitats, aix\u00ed com els passos per a inscriure&#8217;s, es publicar\u00e0 al llarg del mes de setembre en la p\u00e0gina web <a href=\"http:\/\/www.torrent.es\" target=\"_blank\" rel=\"noopener\">www.torrent.es<\/a> i en les xarxes socials municipals i de Casa de la Dona.<\/p>\n\n\n\n<p><strong>Millores en les instal\u00b7lacions i potenciaci\u00f3 de la difusi\u00f3 en xarxes<\/strong><\/p>\n\n\n\n<p>A m\u00e9s, Casa de la Dona tamb\u00e9 est\u00e0 aprofitant el mes d&#8217;agost per a condicionar i millorar les seues instal\u00b7lacions, com el repintat de les sales d&#8217;exposicions, el hall i la sala d&#8217;actes de l&#8217;edifici, per a aix\u00ed poder donar el millor servei possible a partir del mes de setembre. <strong>\u201cImpulsarem i donarem visibilitat a tot el que es fa en este edifici, volem que siga un referent i que es conega tot el que fem ac\u00ed, per la qual cosa tamb\u00e9 tenim la intenci\u00f3 de potenciar les xarxes socials pr\u00f2pies\u201d<\/strong>, afegeix Amparo Chust.<\/p>\n\n\n\n<figure class=\"wp-block-image size-large\"><img fetchpriority=\"high\" decoding=\"async\" width=\"851\" height=\"1024\" src=\"https:\/\/infotorrent.es\/wp-content\/uploads\/2023\/08\/Casa_Dona_01-851x1024.png\" alt=\"\" class=\"wp-image-58935\" srcset=\"https:\/\/infotorrent.es\/wp-content\/uploads\/2023\/08\/Casa_Dona_01-851x1024.png 851w, https:\/\/infotorrent.es\/wp-content\/uploads\/2023\/08\/Casa_Dona_01-249x300.png 249w, https:\/\/infotorrent.es\/wp-content\/uploads\/2023\/08\/Casa_Dona_01-768x924.png 768w, https:\/\/infotorrent.es\/wp-content\/uploads\/2023\/08\/Casa_Dona_01.png 1200w\" sizes=\"(max-width: 851px) 100vw, 851px\" \/><\/figure>\n\n\n\n<figure class=\"wp-block-image size-large\"><img decoding=\"async\" width=\"1024\" height=\"947\" src=\"https:\/\/infotorrent.es\/wp-content\/uploads\/2023\/08\/Casa_Dona_02-1024x947.png\" alt=\"\" class=\"wp-image-58937\" srcset=\"https:\/\/infotorrent.es\/wp-content\/uploads\/2023\/08\/Casa_Dona_02-1024x947.png 1024w, https:\/\/infotorrent.es\/wp-content\/uploads\/2023\/08\/Casa_Dona_02-300x278.png 300w, https:\/\/infotorrent.es\/wp-content\/uploads\/2023\/08\/Casa_Dona_02-768x710.png 768w, https:\/\/infotorrent.es\/wp-content\/uploads\/2023\/08\/Casa_Dona_02.png 1200w\" sizes=\"(max-width: 1024px) 100vw, 1024px\" \/><\/figure>\n\n\n\n<figure class=\"wp-block-image size-large\"><img decoding=\"async\" width=\"936\" height=\"1024\" src=\"https:\/\/infotorrent.es\/wp-content\/uploads\/2023\/08\/Casa_Dona_-936x1024.png\" alt=\"\" class=\"wp-image-58942\" srcset=\"https:\/\/infotorrent.es\/wp-content\/uploads\/2023\/08\/Casa_Dona_-936x1024.png 936w, https:\/\/infotorrent.es\/wp-content\/uploads\/2023\/08\/Casa_Dona_-274x300.png 274w, https:\/\/infotorrent.es\/wp-content\/uploads\/2023\/08\/Casa_Dona_-768x841.png 768w, https:\/\/infotorrent.es\/wp-content\/uploads\/2023\/08\/Casa_Dona_-1403x1536.png 1403w, https:\/\/infotorrent.es\/wp-content\/uploads\/2023\/08\/Casa_Dona_-1871x2048.png 1871w, https:\/\/infotorrent.es\/wp-content\/uploads\/2023\/08\/Casa_Dona_.png 2000w\" sizes=\"(max-width: 936px) 100vw, 936px\" \/><\/figure>\n","protected":false},"excerpt":{"rendered":"<p>Amparo Chust es va reunir amb les responsables dels tallers per a escoltar propostes i definir el programa d&#8217;activitats Les instal\u00b7lacions de Casa de la Dona es condicionaran per a donar el millor servei possible a partir de setembre La Casa de la Dona de l&#8217;Ajuntament de Torrent no det\u00e9 la seua activitat durant els [&hellip;]<\/p>\n","protected":false},"author":2,"featured_media":58947,"comment_status":"open","ping_status":"open","sticky":false,"template":"","format":"standard","meta":{"_acf_changed":false,"footnotes":""},"categories":[152],"tags":[],"class_list":["post-58946","post","type-post","status-publish","format-standard","has-post-thumbnail","hentry","category-igualtat"],"acf":[],"_links":{"self":[{"href":"https:\/\/infotorrent.es\/ca\/wp-json\/wp\/v2\/posts\/58946","targetHints":{"allow":["GET"]}}],"collection":[{"href":"https:\/\/infotorrent.es\/ca\/wp-json\/wp\/v2\/posts"}],"about":[{"href":"https:\/\/infotorrent.es\/ca\/wp-json\/wp\/v2\/types\/post"}],"author":[{"embeddable":true,"href":"https:\/\/infotorrent.es\/ca\/wp-json\/wp\/v2\/users\/2"}],"replies":[{"embeddable":true,"href":"https:\/\/infotorrent.es\/ca\/wp-json\/wp\/v2\/comments?post=58946"}],"version-history":[{"count":3,"href":"https:\/\/infotorrent.es\/ca\/wp-json\/wp\/v2\/posts\/58946\/revisions"}],"predecessor-version":[{"id":58953,"href":"https:\/\/infotorrent.es\/ca\/wp-json\/wp\/v2\/posts\/58946\/revisions\/58953"}],"wp:featuredmedia":[{"embeddable":true,"href":"https:\/\/infotorrent.es\/ca\/wp-json\/wp\/v2\/media\/58947"}],"wp:attachment":[{"href":"https:\/\/infotorrent.es\/ca\/wp-json\/wp\/v2\/media?parent=58946"}],"wp:term":[{"taxonomy":"category","embeddable":true,"href":"https:\/\/infotorrent.es\/ca\/wp-json\/wp\/v2\/categories?post=58946"},{"taxonomy":"post_tag","embeddable":true,"href":"https:\/\/infotorrent.es\/ca\/wp-json\/wp\/v2\/tags?post=58946"}],"curies":[{"name":"wp","href":"https:\/\/api.w.org\/{rel}","templated":true}]}}