{"id":58899,"date":"2023-08-08T15:44:06","date_gmt":"2023-08-08T15:44:06","guid":{"rendered":"https:\/\/infotorrent.es\/?p=58899"},"modified":"2023-08-08T15:44:09","modified_gmt":"2023-08-08T15:44:09","slug":"folgado-visita-a-la-consellera-elisa-nunez-per-abordar-el-futur-del-palau-de-justicia","status":"publish","type":"post","link":"https:\/\/infotorrent.es\/ca\/gestio-ciutat\/folgado-visita-a-la-consellera-elisa-nunez-per-abordar-el-futur-del-palau-de-justicia\/","title":{"rendered":"Folgado visita a la consellera Elisa N\u00fa\u00f1ez per abordar el futur del Palau de Just\u00edcia"},"content":{"rendered":"\n<h6 class=\"wp-block-heading\">L&#8217;anterior Consell va revocar les compet\u00e8ncies i va anul\u00b7lar el conveni pactat en 2018 per a la construcci\u00f3 del futur Palau<\/h6>\n\n\n\n<h6 class=\"wp-block-heading\">Des de l&#8217;Ajuntament es recorda la quantitat de diners i hores de treball invertides en q\u00fcestions com la redacci\u00f3 del projecte o la urbanitzaci\u00f3 dels terrenys<\/h6>\n\n\n\n<p>Amparo Folgado, alcaldessa de Torrent, s&#8217;ha reunit este mat\u00ed amb la consellera de Just\u00edcia, Elisa N\u00fa\u00f1ez S\u00e1nchez, per a tractar, entre altres temes, el futur del Palau de Just\u00edcia, projecte sobre el qual l&#8217;anterior<br>Consell va revocar compet\u00e8ncies, anul\u00b7lant el conveni pactat l&#8217;any 2018.<\/p>\n\n\n\n<p>En la trobada, al qual tamb\u00e9 ha acudit el regidor de l&#8217;\u00e0rea d&#8217;Urbanisme, Jos\u00e9 Gozalvo, la conselleria ha mostrat la seua predisposici\u00f3 per a posar-se a treballar de nou amb l&#8217;objectiu que el projecte del Palau de Just\u00edcia siga una realitat a Torrent. A m\u00e9s, la consellera tamb\u00e9 ha mostrat la seua intenci\u00f3 de refor\u00e7ar la col\u00b7laboraci\u00f3 amb la ciutat en mat\u00e8ries de les quals tamb\u00e9 tenen les compet\u00e8ncies, com assumptes de seguretat i interior.<\/p>\n\n\n\n<p>El passat 26 de juny, dies abans del canvi de legislatura, l&#8217;exconsellera Gabriela Bravo va signar una resoluci\u00f3 per a anul\u00b7lar el conveni de 2018, al\u00b7ludint a un sobrecost de 16\u20198 milions i a un retard en les actuacions acordades. Despr\u00e9s que el Consell electe no poguera estudiar el cas i adoptar la<br>soluci\u00f3 corresponent, l&#8217;Equip de Govern de Torrent ja va manifestar la seua disconformitat per la revocaci\u00f3 de compet\u00e8ncies per a la construcci\u00f3 del Palau de Just\u00edcia.<\/p>\n\n\n\n<p>Sobre aquest tema, el m\u00e0xim responsable de l&#8217;\u00e0rea d&#8217;Urbanisme, Jos\u00e9 Gozalvo, va remarcar que <strong>\u201c\u00e9s inexplicable que es prenguera una decisi\u00f3 tan important en els \u00faltims dies de la legislatura, sense deixar que el nou Consell triat per tots els valencians i valencianes estudiara la proposta i adoptara la soluci\u00f3 pertinent. Contradiu tota l\u00f2gica democr\u00e0tica\u201d<\/strong>. L&#8217;edil tamb\u00e9 va destacar que <strong>\u201cl&#8217;Ajuntament de Torrent ha invertit moltes hores de treball perqu\u00e8 aquest projecte tire avant, a m\u00e9s d&#8217;una gran quantitat de diners, en q\u00fcestions com la redacci\u00f3 del projecte o la urbanitzaci\u00f3 del terreny on s&#8217;anava a situar el Palau de Just\u00edcia, que no tenim intenci\u00f3 de donar per perdut en nom de Torrent i totes les persones que viuen en la nostra gran ciutat\u201d<\/strong>.<\/p>\n\n\n\n<p><strong>Ronda de contactes amb la Generalitat Valenciana <\/strong><\/p>\n\n\n\n<p>Esta visita s&#8217;emmarca en la ronda de contactes que l&#8217;alcaldessa Amparo Folgado realitzar\u00e0 durant les pr\u00f2ximes setmanes amb les diferents conselleries de la Generalitat Valenciana per a posar sobre la taula els assumptes que preocupen els ciutadans de Torrent. Folgado ja es va reunir en la jornada d&#8217;ahir amb la consellera d&#8217;Economia, Hisenda i Administraci\u00f3 P\u00fablica, Ruth Merino per a dialogar, entre altres assumptes, sobre la baixada d&#8217;impostos i el futur d&#8217;altres projectes que es van quedar sense executar per part de la Generalitat en les dos legislatures anteriors.<\/p>\n\n\n\n<figure class=\"wp-block-image size-large\"><img fetchpriority=\"high\" decoding=\"async\" width=\"1024\" height=\"682\" src=\"https:\/\/infotorrent.es\/wp-content\/uploads\/2023\/08\/image-21-1024x682.png\" alt=\"\" class=\"wp-image-58904\" srcset=\"https:\/\/infotorrent.es\/wp-content\/uploads\/2023\/08\/image-21-1024x682.png 1024w, https:\/\/infotorrent.es\/wp-content\/uploads\/2023\/08\/image-21-300x200.png 300w, https:\/\/infotorrent.es\/wp-content\/uploads\/2023\/08\/image-21-768x512.png 768w, https:\/\/infotorrent.es\/wp-content\/uploads\/2023\/08\/image-21-1536x1023.png 1536w, https:\/\/infotorrent.es\/wp-content\/uploads\/2023\/08\/image-21.png 1600w\" sizes=\"(max-width: 1024px) 100vw, 1024px\" \/><\/figure>\n\n\n\n<figure class=\"wp-block-image size-large\"><img decoding=\"async\" width=\"1024\" height=\"682\" src=\"https:\/\/infotorrent.es\/wp-content\/uploads\/2023\/08\/image-19-1024x682.png\" alt=\"\" class=\"wp-image-58900\" srcset=\"https:\/\/infotorrent.es\/wp-content\/uploads\/2023\/08\/image-19-1024x682.png 1024w, https:\/\/infotorrent.es\/wp-content\/uploads\/2023\/08\/image-19-300x200.png 300w, https:\/\/infotorrent.es\/wp-content\/uploads\/2023\/08\/image-19-768x512.png 768w, https:\/\/infotorrent.es\/wp-content\/uploads\/2023\/08\/image-19-1536x1023.png 1536w, https:\/\/infotorrent.es\/wp-content\/uploads\/2023\/08\/image-19.png 1600w\" sizes=\"(max-width: 1024px) 100vw, 1024px\" \/><\/figure>\n\n\n\n<figure class=\"wp-block-image size-large\"><img decoding=\"async\" width=\"1024\" height=\"682\" src=\"https:\/\/infotorrent.es\/wp-content\/uploads\/2023\/08\/image-20-1024x682.png\" alt=\"\" class=\"wp-image-58902\" srcset=\"https:\/\/infotorrent.es\/wp-content\/uploads\/2023\/08\/image-20-1024x682.png 1024w, https:\/\/infotorrent.es\/wp-content\/uploads\/2023\/08\/image-20-300x200.png 300w, https:\/\/infotorrent.es\/wp-content\/uploads\/2023\/08\/image-20-768x512.png 768w, https:\/\/infotorrent.es\/wp-content\/uploads\/2023\/08\/image-20-1536x1023.png 1536w, https:\/\/infotorrent.es\/wp-content\/uploads\/2023\/08\/image-20.png 1600w\" sizes=\"(max-width: 1024px) 100vw, 1024px\" \/><\/figure>\n","protected":false},"excerpt":{"rendered":"<p>L&#8217;anterior Consell va revocar les compet\u00e8ncies i va anul\u00b7lar el conveni pactat en 2018 per a la construcci\u00f3 del futur Palau Des de l&#8217;Ajuntament es recorda la quantitat de diners i hores de treball invertides en q\u00fcestions com la redacci\u00f3 del projecte o la urbanitzaci\u00f3 dels terrenys Amparo Folgado, alcaldessa de Torrent, s&#8217;ha reunit este [&hellip;]<\/p>\n","protected":false},"author":2,"featured_media":58906,"comment_status":"open","ping_status":"open","sticky":false,"template":"","format":"standard","meta":{"_acf_changed":false,"footnotes":""},"categories":[155,124],"tags":[],"class_list":["post-58899","post","type-post","status-publish","format-standard","has-post-thumbnail","hentry","category-gestio-ciutat","category-seguretat-ciutadana"],"acf":[],"_links":{"self":[{"href":"https:\/\/infotorrent.es\/ca\/wp-json\/wp\/v2\/posts\/58899","targetHints":{"allow":["GET"]}}],"collection":[{"href":"https:\/\/infotorrent.es\/ca\/wp-json\/wp\/v2\/posts"}],"about":[{"href":"https:\/\/infotorrent.es\/ca\/wp-json\/wp\/v2\/types\/post"}],"author":[{"embeddable":true,"href":"https:\/\/infotorrent.es\/ca\/wp-json\/wp\/v2\/users\/2"}],"replies":[{"embeddable":true,"href":"https:\/\/infotorrent.es\/ca\/wp-json\/wp\/v2\/comments?post=58899"}],"version-history":[{"count":1,"href":"https:\/\/infotorrent.es\/ca\/wp-json\/wp\/v2\/posts\/58899\/revisions"}],"predecessor-version":[{"id":58907,"href":"https:\/\/infotorrent.es\/ca\/wp-json\/wp\/v2\/posts\/58899\/revisions\/58907"}],"wp:featuredmedia":[{"embeddable":true,"href":"https:\/\/infotorrent.es\/ca\/wp-json\/wp\/v2\/media\/58906"}],"wp:attachment":[{"href":"https:\/\/infotorrent.es\/ca\/wp-json\/wp\/v2\/media?parent=58899"}],"wp:term":[{"taxonomy":"category","embeddable":true,"href":"https:\/\/infotorrent.es\/ca\/wp-json\/wp\/v2\/categories?post=58899"},{"taxonomy":"post_tag","embeddable":true,"href":"https:\/\/infotorrent.es\/ca\/wp-json\/wp\/v2\/tags?post=58899"}],"curies":[{"name":"wp","href":"https:\/\/api.w.org\/{rel}","templated":true}]}}