{"id":58895,"date":"2023-08-08T15:18:43","date_gmt":"2023-08-08T15:18:43","guid":{"rendered":"https:\/\/infotorrent.es\/uncategorized\/la-parroquia-san-vicente-ferrer-del-mas-del-jutge-de-torrent-inaugura-la-restauracion-de-sus-campanas\/"},"modified":"2023-08-08T15:27:51","modified_gmt":"2023-08-08T15:27:51","slug":"la-parroquia-san-vicente-ferrer-del-mas-del-jutge-de-torrent-inaugura-la-restauracion-de-sus-campanas","status":"publish","type":"post","link":"https:\/\/infotorrent.es\/ca\/fiestas-y-tradiciones\/la-parroquia-san-vicente-ferrer-del-mas-del-jutge-de-torrent-inaugura-la-restauracion-de-sus-campanas\/","title":{"rendered":"La parr\u00f2quia Sant Vicent Ferrer del Mas del Jutge de Torrent inaugura la restauraci\u00f3 de les seues campanes"},"content":{"rendered":"\n<h6 class=\"wp-block-heading\">El dissabte 12 d&#8217;agost tindr\u00e0 lloc una missa per a beneir la restauraci\u00f3 de les tres campanes de la parr\u00f2quia<br><br>Els Mestres Campaners de Val\u00e8ncia seran els encarregats de realitzar el primer vol manual despr\u00e9s de la renovaci\u00f3<\/h6>\n\n\n\n<p>En el seu afany per contribuir a la preservaci\u00f3 del patrimoni de la ciutat, l&#8217;Ajuntament de Torrent va subvencionar la restauraci\u00f3 de les tres campanes de la parr\u00f2quia de Sant Vicent Ferrer del Mas del Jutge, que ja van ser instal\u00b7lades a la part alta del campanar despr\u00e9s d&#8217;uns mesos d&#8217;intens treball.<\/p>\n\n\n\n<p>Ara, despr\u00e9s de la seua renovaci\u00f3, les campanes seran estrenades dissabte que ve 12 d&#8217;agost amb una missa a les 18.30 hores en esta mateixa parr\u00f2quia de Mas del Jutge, en la qual es beneir\u00e0 la restauraci\u00f3 i posteriorment es realitzar\u00e0 un primer vol manual d&#8217;inauguraci\u00f3 a c\u00e0rrec dels Mestres Campaners de Val\u00e8ncia.<\/p>\n\n\n\n<p>L&#8217;empresa Rellotges i Campanes Monumentals va ser l&#8217;encarregada de netejar els jous amb silicat d&#8217;alumini, conservant tots els elements de les dues campanes de major grand\u00e0ria, mentre que el jou de fusta de la m\u00e9s xicoteta va ser substitu\u00eft per un jou de ferro. Tamb\u00e9 es va procedir a la instal\u00b7laci\u00f3 d&#8217;un volteig autom\u00e0tic controlat per ordinador, que permet coordinar de forma m\u00e9s senzilla els tocs per a repicar.<\/p>\n\n\n\n<figure class=\"wp-block-image size-large\"><img fetchpriority=\"high\" decoding=\"async\" width=\"1024\" height=\"683\" src=\"https:\/\/infotorrent.es\/wp-content\/uploads\/2023\/08\/image-16-1024x683.png\" alt=\"\" class=\"wp-image-58886\" srcset=\"https:\/\/infotorrent.es\/wp-content\/uploads\/2023\/08\/image-16-1024x683.png 1024w, https:\/\/infotorrent.es\/wp-content\/uploads\/2023\/08\/image-16-300x200.png 300w, https:\/\/infotorrent.es\/wp-content\/uploads\/2023\/08\/image-16-768x512.png 768w, https:\/\/infotorrent.es\/wp-content\/uploads\/2023\/08\/image-16.png 1500w\" sizes=\"(max-width: 1024px) 100vw, 1024px\" \/><\/figure>\n\n\n\n<figure class=\"wp-block-image size-large\"><img decoding=\"async\" width=\"683\" height=\"1024\" src=\"https:\/\/infotorrent.es\/wp-content\/uploads\/2023\/08\/image-17-683x1024.png\" alt=\"\" class=\"wp-image-58888\" srcset=\"https:\/\/infotorrent.es\/wp-content\/uploads\/2023\/08\/image-17-683x1024.png 683w, https:\/\/infotorrent.es\/wp-content\/uploads\/2023\/08\/image-17-200x300.png 200w, https:\/\/infotorrent.es\/wp-content\/uploads\/2023\/08\/image-17-768x1151.png 768w, https:\/\/infotorrent.es\/wp-content\/uploads\/2023\/08\/image-17.png 982w\" sizes=\"(max-width: 683px) 100vw, 683px\" \/><\/figure>\n\n\n\n<figure class=\"wp-block-image size-full\"><img decoding=\"async\" width=\"720\" height=\"509\" src=\"https:\/\/infotorrent.es\/wp-content\/uploads\/2023\/08\/image-18.png\" alt=\"\" class=\"wp-image-58891\" srcset=\"https:\/\/infotorrent.es\/wp-content\/uploads\/2023\/08\/image-18.png 720w, https:\/\/infotorrent.es\/wp-content\/uploads\/2023\/08\/image-18-300x212.png 300w\" sizes=\"(max-width: 720px) 100vw, 720px\" \/><\/figure>\n","protected":false},"excerpt":{"rendered":"<p>El dissabte 12 d&#8217;agost tindr\u00e0 lloc una missa per a beneir la restauraci\u00f3 de les tres campanes de la parr\u00f2quia Els Mestres Campaners de Val\u00e8ncia seran els encarregats de realitzar el primer vol manual despr\u00e9s de la renovaci\u00f3 En el seu afany per contribuir a la preservaci\u00f3 del patrimoni de la ciutat, l&#8217;Ajuntament de Torrent [&hellip;]<\/p>\n","protected":false},"author":2,"featured_media":58896,"comment_status":"open","ping_status":"open","sticky":false,"template":"","format":"standard","meta":{"_acf_changed":false,"footnotes":""},"categories":[143],"tags":[],"class_list":["post-58895","post","type-post","status-publish","format-standard","has-post-thumbnail","hentry","category-fiestas-y-tradiciones"],"acf":[],"_links":{"self":[{"href":"https:\/\/infotorrent.es\/ca\/wp-json\/wp\/v2\/posts\/58895","targetHints":{"allow":["GET"]}}],"collection":[{"href":"https:\/\/infotorrent.es\/ca\/wp-json\/wp\/v2\/posts"}],"about":[{"href":"https:\/\/infotorrent.es\/ca\/wp-json\/wp\/v2\/types\/post"}],"author":[{"embeddable":true,"href":"https:\/\/infotorrent.es\/ca\/wp-json\/wp\/v2\/users\/2"}],"replies":[{"embeddable":true,"href":"https:\/\/infotorrent.es\/ca\/wp-json\/wp\/v2\/comments?post=58895"}],"version-history":[{"count":1,"href":"https:\/\/infotorrent.es\/ca\/wp-json\/wp\/v2\/posts\/58895\/revisions"}],"predecessor-version":[{"id":58898,"href":"https:\/\/infotorrent.es\/ca\/wp-json\/wp\/v2\/posts\/58895\/revisions\/58898"}],"wp:featuredmedia":[{"embeddable":true,"href":"https:\/\/infotorrent.es\/ca\/wp-json\/wp\/v2\/media\/58896"}],"wp:attachment":[{"href":"https:\/\/infotorrent.es\/ca\/wp-json\/wp\/v2\/media?parent=58895"}],"wp:term":[{"taxonomy":"category","embeddable":true,"href":"https:\/\/infotorrent.es\/ca\/wp-json\/wp\/v2\/categories?post=58895"},{"taxonomy":"post_tag","embeddable":true,"href":"https:\/\/infotorrent.es\/ca\/wp-json\/wp\/v2\/tags?post=58895"}],"curies":[{"name":"wp","href":"https:\/\/api.w.org\/{rel}","templated":true}]}}