{"id":58858,"date":"2023-08-07T08:13:02","date_gmt":"2023-08-07T08:13:02","guid":{"rendered":"https:\/\/infotorrent.es\/uncategorized\/cinema-a-la-placa-se-estrena-con-encanto-y-lleno-absoluto-en-su-primer-fin-de-semana-en-torrent\/"},"modified":"2023-08-07T08:22:14","modified_gmt":"2023-08-07T08:22:14","slug":"cinema-a-la-placa-se-estrena-con-encanto-y-lleno-absoluto-en-su-primer-fin-de-semana-en-torrent","status":"publish","type":"post","link":"https:\/\/infotorrent.es\/ca\/cultura-es-2\/cinema-a-la-placa-se-estrena-con-encanto-y-lleno-absoluto-en-su-primer-fin-de-semana-en-torrent\/","title":{"rendered":"\u2018Cinema a la pla\u00e7a\u2019 s&#8217;estrena amb \u2018Encanto\u2019 i ple absolut en el seu primer cap de setmana en Torrent"},"content":{"rendered":"\n<h4 class=\"wp-block-heading\">La programaci\u00f3 seguir\u00e0 els divendres i dissabtes d&#8217;agost fins el pr\u00f2xim dia 26<\/h4>\n\n\n\n<h4 class=\"wp-block-heading\">Abans de les projeccions, l&#8217;Ajuntament va estrenar un v\u00eddeo per a promocionar les xarxes socials municipals<\/h4>\n\n\n\n<p>Este cap de setmana, els ve\u00efns de Torrent van poder disfrutar del millor cinema a l&#8217;aire lliure en les places de la ciutat. La pel\u00b7l\u00edcula d&#8217;animaci\u00f3 <em>Encanto<\/em> (2021) va ser l&#8217;encarregada d&#8217;inaugurar divendres passat \u2018Cinema a la pla\u00e7a\u2019, el programa que oferir\u00e0 fins al 26 d&#8217;agost, i de manera totalment gratu\u00efta, algunes de les millors propostes cinematogr\u00e0fiques dels \u00faltims mesos. En la pla\u00e7a de la Llibertat va haver-hi ple absolut, amb m\u00e9s de 400 butaques ocupades en la primera sessi\u00f3, amb p\u00fablic de totes les edats per a disfrutar d&#8217;este conte dels estudis Disney que conta la hist\u00f2ria de la fam\u00edlia Madrigal.<\/p>\n\n\n\n<p>El dissabte va ser el torn de la resta d&#8217;ubicacions, on tamb\u00e9 es van esgotar les butaques disponibles. Va ser el cas de la pla\u00e7a del Pintor Mir\u00f3, la pla\u00e7a de l&#8217;Esgl\u00e9sia i El Vedat, en les quals es van projectar respectivament <em>Thor: Love and Thunder<\/em>, <em>Descarrilados<\/em> i <em>Bullet train<\/em>.<\/p>\n\n\n\n<p><strong>Campanya d&#8217;informaci\u00f3 municipal<\/strong><\/p>\n\n\n\n<p>Abans de les projeccions, l&#8217;Ajuntament de Torrent va estrenar un v\u00eddeo que forma part de la campanya d&#8217;informaci\u00f3 municipal \u2018I love Torrent\u2019, en el qual informa els espectadors dels canals de comunicaci\u00f3 i xarxes socials disponibles. Tamb\u00e9 indica els passos necessaris per a donar-se d&#8217;alta en el servei municipal de difusi\u00f3 a trav\u00e9s de l&#8217;aplicaci\u00f3 Whatsapp. \u00a0<\/p>\n\n\n\n<p>\u2018Cinema a la pla\u00e7a tornar\u00e0\u2019 el pr\u00f2xim cap de setmana. El divendres 11 d&#8217;agost l&#8217;animaci\u00f3 tornar\u00e0 a la pla\u00e7a de la Llibertat amb L<em>a fam\u00edlia Adams 2: la gran escapada<\/em>, i el dissabte 5 es projectar\u00e0<em> The Batman<\/em> en la pla\u00e7a del Pintor Mir\u00f3 i <em>Voy a pas\u00e1rmelo bien<\/em> en la pla\u00e7a de l&#8217;Esgl\u00e9sia. L&#8217;horari de totes les sessions ser\u00e0 a les 22.30 hores. Compartim la resta de la programaci\u00f3 completa:<\/p>\n\n\n\n<p><strong>Plaza de la Llibertat<\/strong><\/p>\n\n\n\n<p>Divendres 11 d&#8217;agost &#8211; La fam\u00edlia Addams 2: la gran escapada<\/p>\n\n\n\n<p>Divendres 18 d&#8217;agost &#8211; Lightyear<\/p>\n\n\n\n<p>Divendres 25 d&#8217;agost &#8211; Sonic 2: la pel\u00b7l\u00edcula<\/p>\n\n\n\n<p><strong>Plaza del Pintor Mir\u00f3<\/strong><\/p>\n\n\n\n<p>Dissabte 12 d&#8217;agost &#8211; The Batman<\/p>\n\n\n\n<p>Dissabte 19 d&#8217;agost &#8211; Spiderman: no way home<\/p>\n\n\n\n<p>Dissabte 26 d&#8217;agost &#8211; Doctor Strange: en el multiverso de la locura<\/p>\n\n\n\n<p><strong>Plaza de l&#8217;Esgl\u00e9sia<\/strong><\/p>\n\n\n\n<p>Dissabte 12 d&#8217;agost &#8211; Voy a pas\u00e1rmelo bien<\/p>\n\n\n\n<p>Dissabte 19 d&#8217;agost &#8211; Hollyblood<\/p>\n\n\n\n<p>Dissabte 26 d&#8217;agost &#8211; Tadeo Jones 3: la tabla esmeralda<\/p>\n\n\n\n<figure class=\"wp-block-image size-large\"><img fetchpriority=\"high\" decoding=\"async\" width=\"1024\" height=\"587\" src=\"https:\/\/infotorrent.es\/wp-content\/uploads\/2023\/08\/Cinema-placa-encanto-1-1024x587.jpeg\" alt=\"\" class=\"wp-image-58846\" srcset=\"https:\/\/infotorrent.es\/wp-content\/uploads\/2023\/08\/Cinema-placa-encanto-1-1024x587.jpeg 1024w, https:\/\/infotorrent.es\/wp-content\/uploads\/2023\/08\/Cinema-placa-encanto-1-300x172.jpeg 300w, https:\/\/infotorrent.es\/wp-content\/uploads\/2023\/08\/Cinema-placa-encanto-1-768x440.jpeg 768w, https:\/\/infotorrent.es\/wp-content\/uploads\/2023\/08\/Cinema-placa-encanto-1.jpeg 1245w\" sizes=\"(max-width: 1024px) 100vw, 1024px\" \/><\/figure>\n\n\n\n<figure class=\"wp-block-image size-large\"><img decoding=\"async\" width=\"1024\" height=\"589\" src=\"https:\/\/infotorrent.es\/wp-content\/uploads\/2023\/08\/Cinema-placa-encanto-2-1024x589.jpeg\" alt=\"\" class=\"wp-image-58848\" srcset=\"https:\/\/infotorrent.es\/wp-content\/uploads\/2023\/08\/Cinema-placa-encanto-2-1024x589.jpeg 1024w, https:\/\/infotorrent.es\/wp-content\/uploads\/2023\/08\/Cinema-placa-encanto-2-300x172.jpeg 300w, https:\/\/infotorrent.es\/wp-content\/uploads\/2023\/08\/Cinema-placa-encanto-2-768x441.jpeg 768w, https:\/\/infotorrent.es\/wp-content\/uploads\/2023\/08\/Cinema-placa-encanto-2.jpeg 1479w\" sizes=\"(max-width: 1024px) 100vw, 1024px\" \/><\/figure>\n\n\n\n<figure class=\"wp-block-image size-large\"><img decoding=\"async\" width=\"1024\" height=\"683\" src=\"https:\/\/infotorrent.es\/wp-content\/uploads\/2023\/08\/Cinema-placa-encanto-3-1024x683.jpeg\" alt=\"\" class=\"wp-image-58851\" srcset=\"https:\/\/infotorrent.es\/wp-content\/uploads\/2023\/08\/Cinema-placa-encanto-3-1024x683.jpeg 1024w, https:\/\/infotorrent.es\/wp-content\/uploads\/2023\/08\/Cinema-placa-encanto-3-300x200.jpeg 300w, https:\/\/infotorrent.es\/wp-content\/uploads\/2023\/08\/Cinema-placa-encanto-3-768x512.jpeg 768w, https:\/\/infotorrent.es\/wp-content\/uploads\/2023\/08\/Cinema-placa-encanto-3-1536x1024.jpeg 1536w, https:\/\/infotorrent.es\/wp-content\/uploads\/2023\/08\/Cinema-placa-encanto-3.jpeg 1599w\" sizes=\"(max-width: 1024px) 100vw, 1024px\" \/><\/figure>\n\n\n\n<figure class=\"wp-block-image size-large\"><img loading=\"lazy\" decoding=\"async\" width=\"1024\" height=\"625\" src=\"https:\/\/infotorrent.es\/wp-content\/uploads\/2023\/08\/Cinema-placa-encanto-4-1024x625.jpeg\" alt=\"\" class=\"wp-image-58853\" srcset=\"https:\/\/infotorrent.es\/wp-content\/uploads\/2023\/08\/Cinema-placa-encanto-4-1024x625.jpeg 1024w, https:\/\/infotorrent.es\/wp-content\/uploads\/2023\/08\/Cinema-placa-encanto-4-300x183.jpeg 300w, https:\/\/infotorrent.es\/wp-content\/uploads\/2023\/08\/Cinema-placa-encanto-4-768x469.jpeg 768w, https:\/\/infotorrent.es\/wp-content\/uploads\/2023\/08\/Cinema-placa-encanto-4.jpeg 1096w\" sizes=\"(max-width: 1024px) 100vw, 1024px\" \/><\/figure>\n\n\n\n<figure class=\"wp-block-image size-large\"><img loading=\"lazy\" decoding=\"async\" width=\"1024\" height=\"639\" src=\"https:\/\/infotorrent.es\/wp-content\/uploads\/2023\/08\/Cinema-placa-encanto-5-1024x639.jpeg\" alt=\"\" class=\"wp-image-58855\" srcset=\"https:\/\/infotorrent.es\/wp-content\/uploads\/2023\/08\/Cinema-placa-encanto-5-1024x639.jpeg 1024w, https:\/\/infotorrent.es\/wp-content\/uploads\/2023\/08\/Cinema-placa-encanto-5-300x187.jpeg 300w, https:\/\/infotorrent.es\/wp-content\/uploads\/2023\/08\/Cinema-placa-encanto-5-768x479.jpeg 768w, https:\/\/infotorrent.es\/wp-content\/uploads\/2023\/08\/Cinema-placa-encanto-5.jpeg 1146w\" sizes=\"(max-width: 1024px) 100vw, 1024px\" \/><\/figure>\n","protected":false},"excerpt":{"rendered":"<p>La programaci\u00f3 seguir\u00e0 els divendres i dissabtes d&#8217;agost fins el pr\u00f2xim dia 26 Abans de les projeccions, l&#8217;Ajuntament va estrenar un v\u00eddeo per a promocionar les xarxes socials municipals Este cap de setmana, els ve\u00efns de Torrent van poder disfrutar del millor cinema a l&#8217;aire lliure en les places de la ciutat. La pel\u00b7l\u00edcula d&#8217;animaci\u00f3 [&hellip;]<\/p>\n","protected":false},"author":2,"featured_media":58862,"comment_status":"open","ping_status":"open","sticky":false,"template":"","format":"standard","meta":{"_acf_changed":false,"footnotes":""},"categories":[126],"tags":[],"class_list":["post-58858","post","type-post","status-publish","format-standard","has-post-thumbnail","hentry","category-cultura-es-2"],"acf":[],"_links":{"self":[{"href":"https:\/\/infotorrent.es\/ca\/wp-json\/wp\/v2\/posts\/58858","targetHints":{"allow":["GET"]}}],"collection":[{"href":"https:\/\/infotorrent.es\/ca\/wp-json\/wp\/v2\/posts"}],"about":[{"href":"https:\/\/infotorrent.es\/ca\/wp-json\/wp\/v2\/types\/post"}],"author":[{"embeddable":true,"href":"https:\/\/infotorrent.es\/ca\/wp-json\/wp\/v2\/users\/2"}],"replies":[{"embeddable":true,"href":"https:\/\/infotorrent.es\/ca\/wp-json\/wp\/v2\/comments?post=58858"}],"version-history":[{"count":1,"href":"https:\/\/infotorrent.es\/ca\/wp-json\/wp\/v2\/posts\/58858\/revisions"}],"predecessor-version":[{"id":58861,"href":"https:\/\/infotorrent.es\/ca\/wp-json\/wp\/v2\/posts\/58858\/revisions\/58861"}],"wp:featuredmedia":[{"embeddable":true,"href":"https:\/\/infotorrent.es\/ca\/wp-json\/wp\/v2\/media\/58862"}],"wp:attachment":[{"href":"https:\/\/infotorrent.es\/ca\/wp-json\/wp\/v2\/media?parent=58858"}],"wp:term":[{"taxonomy":"category","embeddable":true,"href":"https:\/\/infotorrent.es\/ca\/wp-json\/wp\/v2\/categories?post=58858"},{"taxonomy":"post_tag","embeddable":true,"href":"https:\/\/infotorrent.es\/ca\/wp-json\/wp\/v2\/tags?post=58858"}],"curies":[{"name":"wp","href":"https:\/\/api.w.org\/{rel}","templated":true}]}}