{"id":58837,"date":"2023-08-07T06:47:53","date_gmt":"2023-08-07T06:47:53","guid":{"rendered":"https:\/\/infotorrent.es\/uncategorized\/mas-de-150-negocios-ya-se-han-unido-a-la-red-de-comercios-contra-violencia-de-genero-de-torrent\/"},"modified":"2023-08-07T07:37:36","modified_gmt":"2023-08-07T07:37:36","slug":"mas-de-150-negocios-ya-se-han-unido-a-la-red-de-comercios-contra-violencia-de-genero-de-torrent","status":"publish","type":"post","link":"https:\/\/infotorrent.es\/ca\/igualtat\/mas-de-150-negocios-ya-se-han-unido-a-la-red-de-comercios-contra-violencia-de-genero-de-torrent\/","title":{"rendered":"M\u00e9s de 150 negocis ja s&#8217;han unit a la \u2018Xarxa de comer\u00e7os contra viol\u00e8ncia de g\u00e8nere de Torrent\u2019"},"content":{"rendered":"\n<h4 class=\"wp-block-heading\">Els comer\u00e7os que ho desitgen poden sumar-se a la iniciativa a trav\u00e9s d&#8217;un formulari<\/h4>\n\n\n\n<h4 class=\"wp-block-heading\">Els establiments adherits ofereixen informaci\u00f3 i recursos per a sensibilitzar i previndre contra la viol\u00e8ncia de g\u00e8nere<\/h4>\n\n\n\n<p> L&#8217;Ajuntament de Torrent, a trav\u00e9s d&#8217;IDEA\u2019T i Casa de la Dona, pot\u00e8ncia i refor\u00e7a la campanya municipal de sensibilitzaci\u00f3 i prevenci\u00f3 contra la viol\u00e8ncia de g\u00e8nere en comer\u00e7os del municipi.<br>Amb aquesta iniciativa, els negocis de la nostra ciutat poden unir-se a aquesta xarxa de comer\u00e7os, que ja compta amb m\u00e9s de 150 comer\u00e7os adherits, que col\u00b7laboren per a sensibilitzar i previndre contra la viol\u00e8ncia de g\u00e8nere. L&#8217;objectiu principal \u00e9s estendre i difondre, de manera massiva, la informaci\u00f3 de recursos relacionats amb la viol\u00e8ncia de g\u00e8nere a trav\u00e9s de punts informatius fora de les administracions p\u00fabliques i externs a l&#8217;\u00e0mbit social. I tamb\u00e9 es donar\u00e0 visibilitat en xarxes socials als comer\u00e7os que se sumen a la iniciativa.<br>Amparo *Chust, delegada del departament de la dona assenyala que \u201cen un tema tan important com la viol\u00e8ncia de g\u00e8nere sempre \u00e9s positiu implicar el major nombre de sectors de la societat, com en aquesta campanya fem amb comer\u00e7os i negocis locals, per a oferir ajuda i recursos a qui els necessite\u201d. *Chust tamb\u00e9 destaca que \u201cla col\u00b7laboraci\u00f3 entre diferents departaments de l&#8217;administraci\u00f3 municipal, com ac\u00ed succeeix amb IDEA\u2019T i Casa de la Dona, \u00e9s una prova que aquestes relacions sempre s\u00f3n beneficioses i afavoreixen la comunicaci\u00f3 dels missatges que volem transmetre\u201d.<\/p>\n\n\n\n<p><br>Els comer\u00e7os que desitgen adherir-se a la campanya ho poden fer a trav\u00e9s de seg\u00fcent enlla\u00e7: https:\/\/bit.ly\/comer\u00e7os-viol\u00e8ncia-g\u00e8nere<br>All\u00ed trobaran un formulari que hauran d&#8217;emplenar amb les dades del negoci i el comprom\u00eds a col\u00b7laborar en la difusi\u00f3 i sensibilitzaci\u00f3 de la causa entre la poblaci\u00f3. No en va, aquesta xarxa es basa en un sistema de suport i acolliment continu, de manera que sempre est\u00e0 oberta a la inclusi\u00f3 dels nous comer\u00e7os que vulguen formar part d&#8217;ella.<\/p>\n\n\n\n<figure class=\"wp-block-image size-large\"><img fetchpriority=\"high\" decoding=\"async\" width=\"1024\" height=\"1024\" src=\"https:\/\/infotorrent.es\/wp-content\/uploads\/2023\/08\/image-15-1024x1024.png\" alt=\"\" class=\"wp-image-58833\" srcset=\"https:\/\/infotorrent.es\/wp-content\/uploads\/2023\/08\/image-15.png 1024w, https:\/\/infotorrent.es\/wp-content\/uploads\/2023\/08\/image-15-300x300.png 300w, https:\/\/infotorrent.es\/wp-content\/uploads\/2023\/08\/image-15-150x150.png 150w, https:\/\/infotorrent.es\/wp-content\/uploads\/2023\/08\/image-15-768x768.png 768w, https:\/\/infotorrent.es\/wp-content\/uploads\/2023\/08\/image-15-700x700.png 700w\" sizes=\"(max-width: 1024px) 100vw, 1024px\" \/><\/figure>\n\n\n\n<p><\/p>\n","protected":false},"excerpt":{"rendered":"<p>Els comer\u00e7os que ho desitgen poden sumar-se a la iniciativa a trav\u00e9s d&#8217;un formulari Els establiments adherits ofereixen informaci\u00f3 i recursos per a sensibilitzar i previndre contra la viol\u00e8ncia de g\u00e8nere L&#8217;Ajuntament de Torrent, a trav\u00e9s d&#8217;IDEA\u2019T i Casa de la Dona, pot\u00e8ncia i refor\u00e7a la campanya municipal de sensibilitzaci\u00f3 i prevenci\u00f3 contra la viol\u00e8ncia [&hellip;]<\/p>\n","protected":false},"author":2,"featured_media":58838,"comment_status":"open","ping_status":"open","sticky":false,"template":"","format":"standard","meta":{"_acf_changed":false,"footnotes":""},"categories":[152,1153],"tags":[],"class_list":["post-58837","post","type-post","status-publish","format-standard","has-post-thumbnail","hentry","category-igualtat","category-economia-noticias-ca"],"acf":[],"_links":{"self":[{"href":"https:\/\/infotorrent.es\/ca\/wp-json\/wp\/v2\/posts\/58837","targetHints":{"allow":["GET"]}}],"collection":[{"href":"https:\/\/infotorrent.es\/ca\/wp-json\/wp\/v2\/posts"}],"about":[{"href":"https:\/\/infotorrent.es\/ca\/wp-json\/wp\/v2\/types\/post"}],"author":[{"embeddable":true,"href":"https:\/\/infotorrent.es\/ca\/wp-json\/wp\/v2\/users\/2"}],"replies":[{"embeddable":true,"href":"https:\/\/infotorrent.es\/ca\/wp-json\/wp\/v2\/comments?post=58837"}],"version-history":[{"count":3,"href":"https:\/\/infotorrent.es\/ca\/wp-json\/wp\/v2\/posts\/58837\/revisions"}],"predecessor-version":[{"id":58842,"href":"https:\/\/infotorrent.es\/ca\/wp-json\/wp\/v2\/posts\/58837\/revisions\/58842"}],"wp:featuredmedia":[{"embeddable":true,"href":"https:\/\/infotorrent.es\/ca\/wp-json\/wp\/v2\/media\/58838"}],"wp:attachment":[{"href":"https:\/\/infotorrent.es\/ca\/wp-json\/wp\/v2\/media?parent=58837"}],"wp:term":[{"taxonomy":"category","embeddable":true,"href":"https:\/\/infotorrent.es\/ca\/wp-json\/wp\/v2\/categories?post=58837"},{"taxonomy":"post_tag","embeddable":true,"href":"https:\/\/infotorrent.es\/ca\/wp-json\/wp\/v2\/tags?post=58837"}],"curies":[{"name":"wp","href":"https:\/\/api.w.org\/{rel}","templated":true}]}}