{"id":58800,"date":"2023-08-03T15:58:03","date_gmt":"2023-08-03T15:58:03","guid":{"rendered":"https:\/\/infotorrent.es\/uncategorized\/110-peregrinos-de-estados-unidos-visitan-torrent-antes-de-viajar-a-la-jornada-mundial-de-la-juventud-de-lisboa\/"},"modified":"2023-08-03T16:03:55","modified_gmt":"2023-08-03T16:03:55","slug":"110-peregrinos-de-estados-unidos-visitan-torrent-antes-de-viajar-a-la-jornada-mundial-de-la-juventud-de-lisboa","status":"publish","type":"post","link":"https:\/\/infotorrent.es\/ca\/juventud-y-deportes-2\/110-peregrinos-de-estados-unidos-visitan-torrent-antes-de-viajar-a-la-jornada-mundial-de-la-juventud-de-lisboa\/","title":{"rendered":"110 pelegrins dels Estats Units visiten Torrent abans de viatjar a la Jornada Mundial de la Joventut de Lisboa"},"content":{"rendered":"\n<h4 class=\"wp-block-heading\">Els pelegrins, convidats a la nostra ciutat per la parr\u00f2quia del Bon Consell, van passar la nit en el Pavell\u00f3 El Vedat<\/h4>\n\n\n\n<h4 class=\"wp-block-heading\">Despr\u00e9s d&#8217;allotjar-se a Torrent, els joves visitaran Val\u00e8ncia abans de continuar el seu viatge cap a la capital portuguesa<\/h4>\n\n\n\n<p>En el seu cam\u00ed a la celebraci\u00f3 de la Jornada Mundial de la Joventut (JMJ) que se celebra estos dies a la ciutat portuguesa de Lisboa, 110 pelegrins estatunidencs, en la seua majoria procedents de la ciutat de<br>Filad\u00e8lfia, han visitat Torrent.<br><br>Abans d&#8217;acudir a la trobada de joves de tot el m\u00f3n amb el Papa en la capital portuguesa, aquest grup de pelegrins ha fet una parada en el seu viatge per a visitar la capital de l&#8217;Horta Sud. Convidats per la parr\u00f2quia del Bon Consell, van passar la nit en el pavell\u00f3 El Vedat, cedit per a l&#8217;ocasi\u00f3 per l&#8217;Ajuntament<br>de Torrent.<br><br>Hui, els joves es despla\u00e7aran a Val\u00e8ncia, on visitaran el Sant Calze, abans d&#8217;emprendre el seu viatge final cap a Jornada Mundial de la Joventut, que se celebra de l&#8217;1 al 6 d&#8217;agost en la capital de Portugal, en una trobada que busca promoure la pau, la uni\u00f3 i la fraternitat entre els pobles i les nacions de tot el m\u00f3n.<\/p>\n\n\n\n<figure class=\"wp-block-image size-large\"><img fetchpriority=\"high\" decoding=\"async\" width=\"1024\" height=\"683\" src=\"https:\/\/infotorrent.es\/wp-content\/uploads\/2023\/08\/image-12-1024x683.png\" alt=\"\" class=\"wp-image-58794\" srcset=\"https:\/\/infotorrent.es\/wp-content\/uploads\/2023\/08\/image-12-1024x683.png 1024w, https:\/\/infotorrent.es\/wp-content\/uploads\/2023\/08\/image-12-300x200.png 300w, https:\/\/infotorrent.es\/wp-content\/uploads\/2023\/08\/image-12-768x512.png 768w, https:\/\/infotorrent.es\/wp-content\/uploads\/2023\/08\/image-12-1536x1024.png 1536w, https:\/\/infotorrent.es\/wp-content\/uploads\/2023\/08\/image-12-2048x1366.png 2048w\" sizes=\"(max-width: 1024px) 100vw, 1024px\" \/><\/figure>\n\n\n\n<figure class=\"wp-block-image size-large\"><img decoding=\"async\" width=\"1024\" height=\"683\" src=\"https:\/\/infotorrent.es\/wp-content\/uploads\/2023\/08\/image-13-1024x683.png\" alt=\"\" class=\"wp-image-58796\" srcset=\"https:\/\/infotorrent.es\/wp-content\/uploads\/2023\/08\/image-13-1024x683.png 1024w, https:\/\/infotorrent.es\/wp-content\/uploads\/2023\/08\/image-13-300x200.png 300w, https:\/\/infotorrent.es\/wp-content\/uploads\/2023\/08\/image-13-768x512.png 768w, https:\/\/infotorrent.es\/wp-content\/uploads\/2023\/08\/image-13-1536x1024.png 1536w, https:\/\/infotorrent.es\/wp-content\/uploads\/2023\/08\/image-13-2048x1366.png 2048w\" sizes=\"(max-width: 1024px) 100vw, 1024px\" \/><\/figure>\n","protected":false},"excerpt":{"rendered":"<p>Els pelegrins, convidats a la nostra ciutat per la parr\u00f2quia del Bon Consell, van passar la nit en el Pavell\u00f3 El Vedat Despr\u00e9s d&#8217;allotjar-se a Torrent, els joves visitaran Val\u00e8ncia abans de continuar el seu viatge cap a la capital portuguesa En el seu cam\u00ed a la celebraci\u00f3 de la Jornada Mundial de la Joventut [&hellip;]<\/p>\n","protected":false},"author":2,"featured_media":58801,"comment_status":"open","ping_status":"open","sticky":false,"template":"","format":"standard","meta":{"_acf_changed":false,"footnotes":""},"categories":[130],"tags":[],"class_list":["post-58800","post","type-post","status-publish","format-standard","has-post-thumbnail","hentry","category-juventud-y-deportes-2"],"acf":[],"_links":{"self":[{"href":"https:\/\/infotorrent.es\/ca\/wp-json\/wp\/v2\/posts\/58800","targetHints":{"allow":["GET"]}}],"collection":[{"href":"https:\/\/infotorrent.es\/ca\/wp-json\/wp\/v2\/posts"}],"about":[{"href":"https:\/\/infotorrent.es\/ca\/wp-json\/wp\/v2\/types\/post"}],"author":[{"embeddable":true,"href":"https:\/\/infotorrent.es\/ca\/wp-json\/wp\/v2\/users\/2"}],"replies":[{"embeddable":true,"href":"https:\/\/infotorrent.es\/ca\/wp-json\/wp\/v2\/comments?post=58800"}],"version-history":[{"count":1,"href":"https:\/\/infotorrent.es\/ca\/wp-json\/wp\/v2\/posts\/58800\/revisions"}],"predecessor-version":[{"id":58803,"href":"https:\/\/infotorrent.es\/ca\/wp-json\/wp\/v2\/posts\/58800\/revisions\/58803"}],"wp:featuredmedia":[{"embeddable":true,"href":"https:\/\/infotorrent.es\/ca\/wp-json\/wp\/v2\/media\/58801"}],"wp:attachment":[{"href":"https:\/\/infotorrent.es\/ca\/wp-json\/wp\/v2\/media?parent=58800"}],"wp:term":[{"taxonomy":"category","embeddable":true,"href":"https:\/\/infotorrent.es\/ca\/wp-json\/wp\/v2\/categories?post=58800"},{"taxonomy":"post_tag","embeddable":true,"href":"https:\/\/infotorrent.es\/ca\/wp-json\/wp\/v2\/tags?post=58800"}],"curies":[{"name":"wp","href":"https:\/\/api.w.org\/{rel}","templated":true}]}}