{"id":58705,"date":"2023-08-01T20:29:47","date_gmt":"2023-08-01T20:29:47","guid":{"rendered":"https:\/\/infotorrent.es\/uncategorized\/el-ayuntamiento-agradece-a-los-bomberos-de-torrent-su-trabajo-durante-el-campeonato-de-espana-de-atletismo\/"},"modified":"2023-08-01T20:34:20","modified_gmt":"2023-08-01T20:34:20","slug":"el-ayuntamiento-agradece-a-los-bomberos-de-torrent-su-trabajo-durante-el-campeonato-de-espana-de-atletismo","status":"publish","type":"post","link":"https:\/\/infotorrent.es\/ca\/noticies\/joventut-i-esports\/el-ayuntamiento-agradece-a-los-bomberos-de-torrent-su-trabajo-durante-el-campeonato-de-espana-de-atletismo\/","title":{"rendered":"L&#8217;Ajuntament agraeix als Bombers de Torrent el seu treball durant el Campionat d&#8217;Espanya d&#8217;Atletisme"},"content":{"rendered":"\n<h2 class=\"wp-block-heading\">Una sobrec\u00e0rrega en la instal\u00b7laci\u00f3 el\u00e8ctrica va provocar un xicotet incendi en un quart de manteniment<\/h2>\n\n\n\n<h4 class=\"wp-block-heading\">El treball dels Bombers de Torrent va permetre que la programaci\u00f3 de l&#8217;\u00faltima jornada del Campionat d&#8217;Espanya d&#8217;Atletisme no es vera alterada<\/h4>\n\n\n\n<p>La r\u00e0pida intervenci\u00f3 dels Bombers de Torrent va permetre resoldre amb \u00e8xit una incid\u00e8ncia que es va produir el passat cap de setmana en les instal\u00b7lacions esportives de la <em>Ciutat de l\u2019<\/em>Esport de Parc Central, durant la celebraci\u00f3 del Campionat d&#8217;Espanya d&#8217;Atletisme. En el mat\u00ed del diumenge, la sobrec\u00e0rrega d&#8217;una instal\u00b7laci\u00f3 el\u00e8ctrica situada una sala de la cambra de m\u00e0quines va provocar un xicotet incendi.<br><br>L&#8217;Ajuntament de Torrent ha volgut agrair la professionalitat i rapidesa amb la qual l&#8217;equip de bombers es va despla\u00e7ar al lloc. Una vegada all\u00ed va ventilar les inst\u00e0ncies per a evitar l&#8217;acumulaci\u00f3 de mon\u00f2xid de carboni i va procedir a controlar al personal, i comunicar als organitzadors i als voluntaris les mesures de seguretat a seguir.<br><br>El bon fer de l&#8217;equip de bombers va permetre que l&#8217;\u00faltima jornada del Campionat d&#8217;Espanya d&#8217;Atletisme transcorreguera sense incidents, comen\u00e7ant sense retard i garantint la seguretat de participants i espectadors que es van donar cita en les instal\u00b7lacions de Parc Central.<br><br>L&#8217;alcaldessa Amparo Folgado i el regidor d&#8217;Esports, Guillermo Alonso del Real, van acudir al lloc de l&#8217;incident per a con\u00e9ixer de primera m\u00e0 els fets. Guillermo Alonso del Real, present en el recinte durant la celebraci\u00f3 del campionat esportiu va destacar que <strong>\u201c\u00e9s un orgull per a tota la ciutat de Torrent tindre a un equip de bombers com el nostre. Gr\u00e0cies al seu excel\u00b7lent treball, el problema ha estat controlat des del primer moment i s&#8217;ha garantit la seguretat de tots els assistents\u201d<\/strong>.<br><br>Ara es dur\u00e0 a terme una investigaci\u00f3 per a con\u00e9ixer les causes que van provocar l&#8217;incident i aix\u00ed millorar les instal\u00b7lacions per a evitar problemes similars en un futur.<\/p>\n\n\n\n<figure class=\"wp-block-image size-large\"><img fetchpriority=\"high\" decoding=\"async\" width=\"1024\" height=\"768\" src=\"https:\/\/infotorrent.es\/wp-content\/uploads\/2023\/08\/image-1024x768.png\" alt=\"\" class=\"wp-image-58699\" srcset=\"https:\/\/infotorrent.es\/wp-content\/uploads\/2023\/08\/image-1024x768.png 1024w, https:\/\/infotorrent.es\/wp-content\/uploads\/2023\/08\/image-300x225.png 300w, https:\/\/infotorrent.es\/wp-content\/uploads\/2023\/08\/image-768x576.png 768w, https:\/\/infotorrent.es\/wp-content\/uploads\/2023\/08\/image-1536x1152.png 1536w, https:\/\/infotorrent.es\/wp-content\/uploads\/2023\/08\/image.png 1600w\" sizes=\"(max-width: 1024px) 100vw, 1024px\" \/><\/figure>\n","protected":false},"excerpt":{"rendered":"<p>Una sobrec\u00e0rrega en la instal\u00b7laci\u00f3 el\u00e8ctrica va provocar un xicotet incendi en un quart de manteniment El treball dels Bombers de Torrent va permetre que la programaci\u00f3 de l&#8217;\u00faltima jornada del Campionat d&#8217;Espanya d&#8217;Atletisme no es vera alterada La r\u00e0pida intervenci\u00f3 dels Bombers de Torrent va permetre resoldre amb \u00e8xit una incid\u00e8ncia que es va [&hellip;]<\/p>\n","protected":false},"author":2,"featured_media":58706,"comment_status":"open","ping_status":"open","sticky":false,"template":"","format":"standard","meta":{"_acf_changed":false,"footnotes":""},"categories":[123,124],"tags":[],"class_list":["post-58705","post","type-post","status-publish","format-standard","has-post-thumbnail","hentry","category-joventut-i-esports","category-seguretat-ciutadana"],"acf":[],"_links":{"self":[{"href":"https:\/\/infotorrent.es\/ca\/wp-json\/wp\/v2\/posts\/58705","targetHints":{"allow":["GET"]}}],"collection":[{"href":"https:\/\/infotorrent.es\/ca\/wp-json\/wp\/v2\/posts"}],"about":[{"href":"https:\/\/infotorrent.es\/ca\/wp-json\/wp\/v2\/types\/post"}],"author":[{"embeddable":true,"href":"https:\/\/infotorrent.es\/ca\/wp-json\/wp\/v2\/users\/2"}],"replies":[{"embeddable":true,"href":"https:\/\/infotorrent.es\/ca\/wp-json\/wp\/v2\/comments?post=58705"}],"version-history":[{"count":2,"href":"https:\/\/infotorrent.es\/ca\/wp-json\/wp\/v2\/posts\/58705\/revisions"}],"predecessor-version":[{"id":58709,"href":"https:\/\/infotorrent.es\/ca\/wp-json\/wp\/v2\/posts\/58705\/revisions\/58709"}],"wp:featuredmedia":[{"embeddable":true,"href":"https:\/\/infotorrent.es\/ca\/wp-json\/wp\/v2\/media\/58706"}],"wp:attachment":[{"href":"https:\/\/infotorrent.es\/ca\/wp-json\/wp\/v2\/media?parent=58705"}],"wp:term":[{"taxonomy":"category","embeddable":true,"href":"https:\/\/infotorrent.es\/ca\/wp-json\/wp\/v2\/categories?post=58705"},{"taxonomy":"post_tag","embeddable":true,"href":"https:\/\/infotorrent.es\/ca\/wp-json\/wp\/v2\/tags?post=58705"}],"curies":[{"name":"wp","href":"https:\/\/api.w.org\/{rel}","templated":true}]}}