{"id":57748,"date":"2023-07-03T08:06:04","date_gmt":"2023-07-03T08:06:04","guid":{"rendered":"https:\/\/infotorrent.es\/uncategorized\/danza-musica-y-satira-protagonistas-en-el-homenaje-de-la-ciudad-al-ball-de-torrent\/"},"modified":"2023-07-04T08:11:25","modified_gmt":"2023-07-04T08:11:25","slug":"danza-musica-y-satira-protagonistas-en-el-homenaje-de-la-ciudad-al-ball-de-torrent","status":"publish","type":"post","link":"https:\/\/infotorrent.es\/ca\/cultura-es-2\/danza-musica-y-satira-protagonistas-en-el-homenaje-de-la-ciudad-al-ball-de-torrent\/","title":{"rendered":"Dansa, m\u00fasica i s\u00e0tira, protagonistes en l&#8217;homenatge de la ciutat al\u00a0Ball de Torrent"},"content":{"rendered":"\n<p><strong>Dins dels actes del 775 aniversari de la Carta de\u00a0Poblament de Torrent, el\u00a0grup de\u00a0ball l\u2019\u00da i Dos del\u00a0Llar\u00a0Antoni\u00e0 va organitzar divendres passat una intensa jornada d&#8217;activitats en homenatge a aquesta dansa popular del segle XVII<\/strong><\/p>\n\n\n\n<p>En commemoraci\u00f3 del 775 aniversari de la Carta de\u00a0Poblament de Torrent, el\u00a0grup de\u00a0ball l\u2019\u00da i Dos del\u00a0Llar\u00a0Antoni\u00e0 va organitzar divendres passat una jornada en homenatge al\u00a0Ball de Torrent, que va congregar en els seus diferents actes a centenars de ve\u00efns i ve\u00efnes per a exaltar una de les tradicions m\u00e9s arrelades i amb major hist\u00f2ria de la ciutat.<\/p>\n\n\n\n<p><br>Les activitats van comen\u00e7ar al mat\u00ed amb la celebraci\u00f3 del tradicional\u00a0rep\u00e9s en les proximitats de la pla\u00e7a Major, amenitzant el mercat dels divendres amb m\u00fasica tradicional valenciana. Ja a la nit, els personatges folkl\u00f2rics que conformen el\u00a0Ball de Torrent van rec\u00f3rrer els carrers de la ciutat en una acolorida desfilada que va culminar al Pati Rosa, on el p\u00fablic va gaudir de la representaci\u00f3 del\u00a0Ball de Torrent a c\u00e0rrec del\u00a0grup de\u00a0ball l\u2019\u00da i Dos del\u00a0Llar\u00a0Antoni\u00e0, posant fi, aix\u00ed, als actes de la jornada amb aquesta exhibici\u00f3 de dansa, m\u00fasica i s\u00e0tira, que remunta els seus or\u00edgens al segle XVII.<\/p>\n\n\n\n<p><\/p>\n\n\n\n<figure class=\"wp-block-gallery has-nested-images columns-default is-cropped wp-block-gallery-1 is-layout-flex wp-block-gallery-is-layout-flex\">\n<figure class=\"wp-block-image size-large\"><img fetchpriority=\"high\" decoding=\"async\" width=\"1024\" height=\"683\" data-id=\"57738\" src=\"https:\/\/infotorrent.es\/wp-content\/uploads\/2023\/07\/ball-4-1024x683.jpg\" alt=\"\" class=\"wp-image-57738\" srcset=\"https:\/\/infotorrent.es\/wp-content\/uploads\/2023\/07\/ball-4-1024x683.jpg 1024w, https:\/\/infotorrent.es\/wp-content\/uploads\/2023\/07\/ball-4-300x200.jpg 300w, https:\/\/infotorrent.es\/wp-content\/uploads\/2023\/07\/ball-4-768x512.jpg 768w, https:\/\/infotorrent.es\/wp-content\/uploads\/2023\/07\/ball-4-1536x1024.jpg 1536w, https:\/\/infotorrent.es\/wp-content\/uploads\/2023\/07\/ball-4.jpg 2048w\" sizes=\"(max-width: 1024px) 100vw, 1024px\" \/><\/figure>\n\n\n\n<figure class=\"wp-block-image size-large\"><img decoding=\"async\" width=\"1024\" height=\"683\" data-id=\"57732\" src=\"https:\/\/infotorrent.es\/wp-content\/uploads\/2023\/07\/ball-6-1024x683.jpg\" alt=\"\" class=\"wp-image-57732\" srcset=\"https:\/\/infotorrent.es\/wp-content\/uploads\/2023\/07\/ball-6-1024x683.jpg 1024w, https:\/\/infotorrent.es\/wp-content\/uploads\/2023\/07\/ball-6-300x200.jpg 300w, https:\/\/infotorrent.es\/wp-content\/uploads\/2023\/07\/ball-6-768x512.jpg 768w, https:\/\/infotorrent.es\/wp-content\/uploads\/2023\/07\/ball-6-1536x1024.jpg 1536w, https:\/\/infotorrent.es\/wp-content\/uploads\/2023\/07\/ball-6.jpg 2048w\" sizes=\"(max-width: 1024px) 100vw, 1024px\" \/><\/figure>\n\n\n\n<figure class=\"wp-block-image size-large\"><img decoding=\"async\" width=\"1024\" height=\"683\" data-id=\"57744\" src=\"https:\/\/infotorrent.es\/wp-content\/uploads\/2023\/07\/ball-7-1024x683.jpg\" alt=\"\" class=\"wp-image-57744\" srcset=\"https:\/\/infotorrent.es\/wp-content\/uploads\/2023\/07\/ball-7-1024x683.jpg 1024w, https:\/\/infotorrent.es\/wp-content\/uploads\/2023\/07\/ball-7-300x200.jpg 300w, https:\/\/infotorrent.es\/wp-content\/uploads\/2023\/07\/ball-7-768x512.jpg 768w, https:\/\/infotorrent.es\/wp-content\/uploads\/2023\/07\/ball-7-1536x1024.jpg 1536w, https:\/\/infotorrent.es\/wp-content\/uploads\/2023\/07\/ball-7.jpg 2048w\" sizes=\"(max-width: 1024px) 100vw, 1024px\" \/><\/figure>\n\n\n\n<figure class=\"wp-block-image size-large\"><img loading=\"lazy\" decoding=\"async\" width=\"1024\" height=\"683\" data-id=\"57736\" src=\"https:\/\/infotorrent.es\/wp-content\/uploads\/2023\/07\/ball-8-1024x683.jpg\" alt=\"\" class=\"wp-image-57736\" srcset=\"https:\/\/infotorrent.es\/wp-content\/uploads\/2023\/07\/ball-8-1024x683.jpg 1024w, https:\/\/infotorrent.es\/wp-content\/uploads\/2023\/07\/ball-8-300x200.jpg 300w, https:\/\/infotorrent.es\/wp-content\/uploads\/2023\/07\/ball-8-768x512.jpg 768w, https:\/\/infotorrent.es\/wp-content\/uploads\/2023\/07\/ball-8-1536x1024.jpg 1536w, https:\/\/infotorrent.es\/wp-content\/uploads\/2023\/07\/ball-8.jpg 2048w\" sizes=\"(max-width: 1024px) 100vw, 1024px\" \/><\/figure>\n\n\n\n<figure class=\"wp-block-image size-large\"><img loading=\"lazy\" decoding=\"async\" width=\"1024\" height=\"683\" data-id=\"57742\" src=\"https:\/\/infotorrent.es\/wp-content\/uploads\/2023\/07\/ball-1024x683.jpg\" alt=\"\" class=\"wp-image-57742\" srcset=\"https:\/\/infotorrent.es\/wp-content\/uploads\/2023\/07\/ball-1024x683.jpg 1024w, https:\/\/infotorrent.es\/wp-content\/uploads\/2023\/07\/ball-300x200.jpg 300w, https:\/\/infotorrent.es\/wp-content\/uploads\/2023\/07\/ball-768x512.jpg 768w, https:\/\/infotorrent.es\/wp-content\/uploads\/2023\/07\/ball-1536x1024.jpg 1536w, https:\/\/infotorrent.es\/wp-content\/uploads\/2023\/07\/ball.jpg 2048w\" sizes=\"(max-width: 1024px) 100vw, 1024px\" \/><\/figure>\n\n\n\n<figure class=\"wp-block-image size-large\"><img loading=\"lazy\" decoding=\"async\" width=\"1024\" height=\"683\" data-id=\"57734\" src=\"https:\/\/infotorrent.es\/wp-content\/uploads\/2023\/07\/vall-2-1024x683.jpg\" alt=\"\" class=\"wp-image-57734\" srcset=\"https:\/\/infotorrent.es\/wp-content\/uploads\/2023\/07\/vall-2-1024x683.jpg 1024w, https:\/\/infotorrent.es\/wp-content\/uploads\/2023\/07\/vall-2-300x200.jpg 300w, https:\/\/infotorrent.es\/wp-content\/uploads\/2023\/07\/vall-2-768x512.jpg 768w, https:\/\/infotorrent.es\/wp-content\/uploads\/2023\/07\/vall-2-1536x1024.jpg 1536w, https:\/\/infotorrent.es\/wp-content\/uploads\/2023\/07\/vall-2.jpg 2048w\" sizes=\"(max-width: 1024px) 100vw, 1024px\" \/><\/figure>\n\n\n\n<figure class=\"wp-block-image size-large\"><img loading=\"lazy\" decoding=\"async\" width=\"1024\" height=\"683\" data-id=\"57740\" src=\"https:\/\/infotorrent.es\/wp-content\/uploads\/2023\/07\/vall-3-1024x683.jpg\" alt=\"\" class=\"wp-image-57740\" srcset=\"https:\/\/infotorrent.es\/wp-content\/uploads\/2023\/07\/vall-3-1024x683.jpg 1024w, https:\/\/infotorrent.es\/wp-content\/uploads\/2023\/07\/vall-3-300x200.jpg 300w, https:\/\/infotorrent.es\/wp-content\/uploads\/2023\/07\/vall-3-768x512.jpg 768w, https:\/\/infotorrent.es\/wp-content\/uploads\/2023\/07\/vall-3-1536x1024.jpg 1536w, https:\/\/infotorrent.es\/wp-content\/uploads\/2023\/07\/vall-3.jpg 2048w\" sizes=\"(max-width: 1024px) 100vw, 1024px\" \/><\/figure>\n<\/figure>\n","protected":false},"excerpt":{"rendered":"<p>Dins dels actes del 775 aniversari de la Carta de\u00a0Poblament de Torrent, el\u00a0grup de\u00a0ball l\u2019\u00da i Dos del\u00a0Llar\u00a0Antoni\u00e0 va organitzar divendres passat una intensa jornada d&#8217;activitats en homenatge a aquesta dansa popular del segle XVII En commemoraci\u00f3 del 775 aniversari de la Carta de\u00a0Poblament de Torrent, el\u00a0grup de\u00a0ball l\u2019\u00da i Dos del\u00a0Llar\u00a0Antoni\u00e0 va organitzar divendres [&hellip;]<\/p>\n","protected":false},"author":2,"featured_media":57752,"comment_status":"open","ping_status":"open","sticky":false,"template":"","format":"standard","meta":{"_acf_changed":false,"footnotes":""},"categories":[126],"tags":[],"class_list":["post-57748","post","type-post","status-publish","format-standard","has-post-thumbnail","hentry","category-cultura-es-2"],"acf":[],"_links":{"self":[{"href":"https:\/\/infotorrent.es\/ca\/wp-json\/wp\/v2\/posts\/57748","targetHints":{"allow":["GET"]}}],"collection":[{"href":"https:\/\/infotorrent.es\/ca\/wp-json\/wp\/v2\/posts"}],"about":[{"href":"https:\/\/infotorrent.es\/ca\/wp-json\/wp\/v2\/types\/post"}],"author":[{"embeddable":true,"href":"https:\/\/infotorrent.es\/ca\/wp-json\/wp\/v2\/users\/2"}],"replies":[{"embeddable":true,"href":"https:\/\/infotorrent.es\/ca\/wp-json\/wp\/v2\/comments?post=57748"}],"version-history":[{"count":1,"href":"https:\/\/infotorrent.es\/ca\/wp-json\/wp\/v2\/posts\/57748\/revisions"}],"predecessor-version":[{"id":57751,"href":"https:\/\/infotorrent.es\/ca\/wp-json\/wp\/v2\/posts\/57748\/revisions\/57751"}],"wp:featuredmedia":[{"embeddable":true,"href":"https:\/\/infotorrent.es\/ca\/wp-json\/wp\/v2\/media\/57752"}],"wp:attachment":[{"href":"https:\/\/infotorrent.es\/ca\/wp-json\/wp\/v2\/media?parent=57748"}],"wp:term":[{"taxonomy":"category","embeddable":true,"href":"https:\/\/infotorrent.es\/ca\/wp-json\/wp\/v2\/categories?post=57748"},{"taxonomy":"post_tag","embeddable":true,"href":"https:\/\/infotorrent.es\/ca\/wp-json\/wp\/v2\/tags?post=57748"}],"curies":[{"name":"wp","href":"https:\/\/api.w.org\/{rel}","templated":true}]}}