{"id":57543,"date":"2023-06-20T11:28:28","date_gmt":"2023-06-20T11:28:28","guid":{"rendered":"https:\/\/infotorrent.es\/uncategorized\/todo-a-punto-para-disputar-el-xxxviii-campeonato-de-espana-de-padel-en-torrent\/"},"modified":"2023-06-21T11:34:02","modified_gmt":"2023-06-21T11:34:02","slug":"todo-a-punto-para-disputar-el-xxxviii-campeonato-de-espana-de-padel-en-torrent","status":"publish","type":"post","link":"https:\/\/infotorrent.es\/ca\/juventud-y-deportes-2\/todo-a-punto-para-disputar-el-xxxviii-campeonato-de-espana-de-padel-en-torrent\/","title":{"rendered":"Tot a punt per a disputar el XXXVIII Campionat d&#8217;Espanya de P\u00e0del a Torrent"},"content":{"rendered":"\n<p><strong>El Pavell\u00f3 del\u00a0Vedat i la\u00a0Ciutat de l\u2019Esport de\u00a0Parc Central acolliran la celebraci\u00f3 del torneig del 26 de juny al 2 de juliol, sent la primera vegada en la hist\u00f2ria que es dispute a la prov\u00edncia de Val\u00e8ncia<\/strong><\/p>\n\n\n\n<p><strong>Un total de 49 parelles femenines i 73 parelles masculines es disputaran el tron nacional en la capital de L&#8217;Horta\u00a0Sud<\/strong><\/p>\n\n\n\n<p>En la seua ferma aposta pel foment de l&#8217;esport i les competicions de primer nivell, la ciutat de Torrent es prepara per a acollir el XXXVIII Campionat d&#8217;Espanya Absolut de P\u00e0del, que es disputar\u00e0 del 26 de juny al 2 de juliol en el Pavell\u00f3 del\u00a0Vedat i la\u00a0Ciutat de l\u2019Esport de\u00a0Parc Central, reunint algunes de les millors parelles del circuit en la seua lluita pel tron nacional. No obstant aix\u00f2, cal destacar que el diumenge 25 de juny es disputar\u00e0 la ronda pr\u00e8via del torneig, els resultats del qual tancaran el quadre final de la competici\u00f3<\/p>\n\n\n\n<p>Aquesta ser\u00e0 la primera vegada que la prova regna del calendari competitiu de la Federaci\u00f3 Espanyola de P\u00e0del se celebre a la prov\u00edncia de Val\u00e8ncia, i des de l&#8217;Ajuntament de Torrent i la Fundaci\u00f3 Esportiva Municipal es treballa intensament perqu\u00e8 tot estiga a punt, i en perfectes condicions, de cara a la jornada inaugural.<\/p>\n\n\n\n<p>Aix\u00ed, finalment el campionat comptar\u00e0 amb un import de 50.000 euros en premis, dividint-se en 25.000 per a la categoria femenina i altres 25.000 per a la masculina, amb 49 parelles femenines i 73 parelles masculines participants.<\/p>\n\n\n\n<p><\/p>\n\n\n\n<figure class=\"wp-block-image aligncenter size-large\"><img fetchpriority=\"high\" decoding=\"async\" width=\"724\" height=\"1024\" src=\"https:\/\/infotorrent.es\/wp-content\/uploads\/2023\/06\/padel-724x1024.jpg\" alt=\"\" class=\"wp-image-57539\" srcset=\"https:\/\/infotorrent.es\/wp-content\/uploads\/2023\/06\/padel-724x1024.jpg 724w, https:\/\/infotorrent.es\/wp-content\/uploads\/2023\/06\/padel-212x300.jpg 212w, https:\/\/infotorrent.es\/wp-content\/uploads\/2023\/06\/padel-768x1086.jpg 768w, https:\/\/infotorrent.es\/wp-content\/uploads\/2023\/06\/padel-1086x1536.jpg 1086w, https:\/\/infotorrent.es\/wp-content\/uploads\/2023\/06\/padel.jpg 1131w\" sizes=\"(max-width: 724px) 100vw, 724px\" \/><\/figure>\n","protected":false},"excerpt":{"rendered":"<p>El Pavell\u00f3 del\u00a0Vedat i la\u00a0Ciutat de l\u2019Esport de\u00a0Parc Central acolliran la celebraci\u00f3 del torneig del 26 de juny al 2 de juliol, sent la primera vegada en la hist\u00f2ria que es dispute a la prov\u00edncia de Val\u00e8ncia Un total de 49 parelles femenines i 73 parelles masculines es disputaran el tron nacional en la capital [&hellip;]<\/p>\n","protected":false},"author":2,"featured_media":57547,"comment_status":"open","ping_status":"open","sticky":false,"template":"","format":"standard","meta":{"_acf_changed":false,"footnotes":""},"categories":[130],"tags":[],"class_list":["post-57543","post","type-post","status-publish","format-standard","has-post-thumbnail","hentry","category-juventud-y-deportes-2"],"acf":[],"_links":{"self":[{"href":"https:\/\/infotorrent.es\/ca\/wp-json\/wp\/v2\/posts\/57543","targetHints":{"allow":["GET"]}}],"collection":[{"href":"https:\/\/infotorrent.es\/ca\/wp-json\/wp\/v2\/posts"}],"about":[{"href":"https:\/\/infotorrent.es\/ca\/wp-json\/wp\/v2\/types\/post"}],"author":[{"embeddable":true,"href":"https:\/\/infotorrent.es\/ca\/wp-json\/wp\/v2\/users\/2"}],"replies":[{"embeddable":true,"href":"https:\/\/infotorrent.es\/ca\/wp-json\/wp\/v2\/comments?post=57543"}],"version-history":[{"count":1,"href":"https:\/\/infotorrent.es\/ca\/wp-json\/wp\/v2\/posts\/57543\/revisions"}],"predecessor-version":[{"id":57546,"href":"https:\/\/infotorrent.es\/ca\/wp-json\/wp\/v2\/posts\/57543\/revisions\/57546"}],"wp:featuredmedia":[{"embeddable":true,"href":"https:\/\/infotorrent.es\/ca\/wp-json\/wp\/v2\/media\/57547"}],"wp:attachment":[{"href":"https:\/\/infotorrent.es\/ca\/wp-json\/wp\/v2\/media?parent=57543"}],"wp:term":[{"taxonomy":"category","embeddable":true,"href":"https:\/\/infotorrent.es\/ca\/wp-json\/wp\/v2\/categories?post=57543"},{"taxonomy":"post_tag","embeddable":true,"href":"https:\/\/infotorrent.es\/ca\/wp-json\/wp\/v2\/tags?post=57543"}],"curies":[{"name":"wp","href":"https:\/\/api.w.org\/{rel}","templated":true}]}}