{"id":57533,"date":"2023-06-19T12:26:20","date_gmt":"2023-06-19T12:26:20","guid":{"rendered":"https:\/\/infotorrent.es\/uncategorized\/amparo-folgado-nueva-alcaldesa-de-torrent\/"},"modified":"2023-06-19T12:32:19","modified_gmt":"2023-06-19T12:32:19","slug":"amparo-folgado-nueva-alcaldesa-de-torrent","status":"publish","type":"post","link":"https:\/\/infotorrent.es\/ca\/alcaldia-2\/amparo-folgado-nueva-alcaldesa-de-torrent\/","title":{"rendered":"Amparo Folgado, nova alcaldessa de Torrent"},"content":{"rendered":"\n<p><strong>La l\u00edder popular va ser investida dissabte passat davant la societat\u00a0torrentina amb el suport del PP i VOX<\/strong><\/p>\n\n\n\n<p><strong>La nova Corporaci\u00f3 Municipal queda conformada per 10 representants del PSPV-PSOE, 9 del Partit Popular, 4 de VOX i 2 de Comprom\u00eds \u2013\u00a0Podem \u2013 Esquerra Unida.<\/strong><\/p>\n\n\n\n<p>La sala d&#8217;actes de l&#8217;Ajuntament de Torrent va acollir dissabte passat la investidura de la nova alcaldessa de Torrent, Amparo Folgado, qui va jurar el seu c\u00e0rrec davant la societat\u00a0torrentina despr\u00e9s de rebre el suport del Partit Popular i Vox. L&#8217;acte va donar comen\u00e7ament amb la presa de possessi\u00f3 de les 25 persones que conformaran d&#8217;ara en avant la Corporaci\u00f3 Municipal, amb 10 representants del PSPV-PSOE, 9 del Partit Popular, 4 de VOX i 2 de Comprom\u00eds \u2013\u00a0Podem \u2013 Esquerra Unida.<\/p>\n\n\n\n<p>Una vegada constitu\u00efda la corporaci\u00f3, van ser presentades les diferents candidatures a l&#8217;alcaldia de la ciutat i es va iniciar la votaci\u00f3, llan\u00e7ant un resultat de 13 vots a favor d&#8217;Amparo Folgado. La l\u00edder del PP va pujar a l&#8217;escenari acompanyada de l&#8217;eixordadora ovaci\u00f3 de la sala, formalitzant, aix\u00ed, el seu nomenament com a presidenta del Ple Municipal en rebre la vara de comandament de la ciutat de mans del seu predecessor, Jes\u00fas Ros.<\/p>\n\n\n\n<p>En el seu discurs de proclamaci\u00f3, la nova alcaldessa de Torrent va voler agrair a la ciutadania\u00a0torrentina <strong>\u201cla confian\u00e7a mostrada en un projecte que far\u00e0 de Torrent, novament, un referent en tota la Comunitat Valenciana\u201d<\/strong>, i va destacar que <strong>\u201ctant Guillermo Alonso del Real (VOX) com jo, posarem tota la nostra obstinaci\u00f3 a retornar als nostres ve\u00efns i ve\u00efnes la confian\u00e7a que ens van atorgar el passat 28 de maig, amb un mandat constru\u00eft sobre el di\u00e0leg, el consens i el treball conjunt per Torrent\u201d<\/strong>.<\/p>\n\n\n\n<p>Per part seua, el representant de VOX, Guillermo Mar\u00eda del Real Barrera, va posar en valor<strong> \u201cel sentiment de Torrent com una gran fam\u00edlia\u201d <\/strong>i es va comprometre a continuar treballant <strong>\u201cper a la ciutadania\u00a0torrentina, que \u00e9s el veritablement important\u201d<\/strong>.<\/p>\n\n\n\n<p><\/p>\n\n\n\n<figure class=\"wp-block-gallery has-nested-images columns-default is-cropped wp-block-gallery-1 is-layout-flex wp-block-gallery-is-layout-flex\">\n<figure class=\"wp-block-image size-large\"><img fetchpriority=\"high\" decoding=\"async\" width=\"1024\" height=\"683\" data-id=\"57525\" src=\"https:\/\/infotorrent.es\/wp-content\/uploads\/2023\/06\/Toma-de-posesion-2023-1-1024x683.jpg\" alt=\"\" class=\"wp-image-57525\" srcset=\"https:\/\/infotorrent.es\/wp-content\/uploads\/2023\/06\/Toma-de-posesion-2023-1-1024x683.jpg 1024w, https:\/\/infotorrent.es\/wp-content\/uploads\/2023\/06\/Toma-de-posesion-2023-1-300x200.jpg 300w, https:\/\/infotorrent.es\/wp-content\/uploads\/2023\/06\/Toma-de-posesion-2023-1-768x512.jpg 768w, https:\/\/infotorrent.es\/wp-content\/uploads\/2023\/06\/Toma-de-posesion-2023-1-1536x1024.jpg 1536w, https:\/\/infotorrent.es\/wp-content\/uploads\/2023\/06\/Toma-de-posesion-2023-1.jpg 2048w\" sizes=\"(max-width: 1024px) 100vw, 1024px\" \/><\/figure>\n\n\n\n<figure class=\"wp-block-image size-large\"><img decoding=\"async\" width=\"1024\" height=\"683\" data-id=\"57527\" src=\"https:\/\/infotorrent.es\/wp-content\/uploads\/2023\/06\/Toma-de-posesion-2023-2-1024x683.jpg\" alt=\"\" class=\"wp-image-57527\" srcset=\"https:\/\/infotorrent.es\/wp-content\/uploads\/2023\/06\/Toma-de-posesion-2023-2-1024x683.jpg 1024w, https:\/\/infotorrent.es\/wp-content\/uploads\/2023\/06\/Toma-de-posesion-2023-2-300x200.jpg 300w, https:\/\/infotorrent.es\/wp-content\/uploads\/2023\/06\/Toma-de-posesion-2023-2-768x512.jpg 768w, https:\/\/infotorrent.es\/wp-content\/uploads\/2023\/06\/Toma-de-posesion-2023-2-1536x1024.jpg 1536w, https:\/\/infotorrent.es\/wp-content\/uploads\/2023\/06\/Toma-de-posesion-2023-2.jpg 2048w\" sizes=\"(max-width: 1024px) 100vw, 1024px\" \/><\/figure>\n\n\n\n<figure class=\"wp-block-image size-large\"><img decoding=\"async\" width=\"1024\" height=\"683\" data-id=\"57519\" src=\"https:\/\/infotorrent.es\/wp-content\/uploads\/2023\/06\/Toma-de-posesion-2023-3-1024x683.jpg\" alt=\"\" class=\"wp-image-57519\" srcset=\"https:\/\/infotorrent.es\/wp-content\/uploads\/2023\/06\/Toma-de-posesion-2023-3-1024x683.jpg 1024w, https:\/\/infotorrent.es\/wp-content\/uploads\/2023\/06\/Toma-de-posesion-2023-3-300x200.jpg 300w, https:\/\/infotorrent.es\/wp-content\/uploads\/2023\/06\/Toma-de-posesion-2023-3-768x512.jpg 768w, https:\/\/infotorrent.es\/wp-content\/uploads\/2023\/06\/Toma-de-posesion-2023-3-1536x1024.jpg 1536w, https:\/\/infotorrent.es\/wp-content\/uploads\/2023\/06\/Toma-de-posesion-2023-3.jpg 2048w\" sizes=\"(max-width: 1024px) 100vw, 1024px\" \/><\/figure>\n\n\n\n<figure class=\"wp-block-image size-large\"><img loading=\"lazy\" decoding=\"async\" width=\"1024\" height=\"683\" data-id=\"57521\" src=\"https:\/\/infotorrent.es\/wp-content\/uploads\/2023\/06\/Toma-de-posesion-2023-4-1024x683.jpg\" alt=\"\" class=\"wp-image-57521\" srcset=\"https:\/\/infotorrent.es\/wp-content\/uploads\/2023\/06\/Toma-de-posesion-2023-4-1024x683.jpg 1024w, https:\/\/infotorrent.es\/wp-content\/uploads\/2023\/06\/Toma-de-posesion-2023-4-300x200.jpg 300w, https:\/\/infotorrent.es\/wp-content\/uploads\/2023\/06\/Toma-de-posesion-2023-4-768x512.jpg 768w, https:\/\/infotorrent.es\/wp-content\/uploads\/2023\/06\/Toma-de-posesion-2023-4-1536x1024.jpg 1536w, https:\/\/infotorrent.es\/wp-content\/uploads\/2023\/06\/Toma-de-posesion-2023-4.jpg 2048w\" sizes=\"(max-width: 1024px) 100vw, 1024px\" \/><\/figure>\n\n\n\n<figure class=\"wp-block-image size-large\"><img loading=\"lazy\" decoding=\"async\" width=\"1024\" height=\"683\" data-id=\"57523\" src=\"https:\/\/infotorrent.es\/wp-content\/uploads\/2023\/06\/Toma-de-posesion-2023-5-1024x683.jpg\" alt=\"\" class=\"wp-image-57523\" srcset=\"https:\/\/infotorrent.es\/wp-content\/uploads\/2023\/06\/Toma-de-posesion-2023-5-1024x683.jpg 1024w, https:\/\/infotorrent.es\/wp-content\/uploads\/2023\/06\/Toma-de-posesion-2023-5-300x200.jpg 300w, https:\/\/infotorrent.es\/wp-content\/uploads\/2023\/06\/Toma-de-posesion-2023-5-768x512.jpg 768w, https:\/\/infotorrent.es\/wp-content\/uploads\/2023\/06\/Toma-de-posesion-2023-5-1536x1024.jpg 1536w, https:\/\/infotorrent.es\/wp-content\/uploads\/2023\/06\/Toma-de-posesion-2023-5.jpg 2048w\" sizes=\"(max-width: 1024px) 100vw, 1024px\" \/><\/figure>\n\n\n\n<figure class=\"wp-block-image size-large\"><img loading=\"lazy\" decoding=\"async\" width=\"1024\" height=\"683\" data-id=\"57529\" src=\"https:\/\/infotorrent.es\/wp-content\/uploads\/2023\/06\/Toma-de-posesion-2023-6-1024x683.jpg\" alt=\"\" class=\"wp-image-57529\" srcset=\"https:\/\/infotorrent.es\/wp-content\/uploads\/2023\/06\/Toma-de-posesion-2023-6-1024x683.jpg 1024w, https:\/\/infotorrent.es\/wp-content\/uploads\/2023\/06\/Toma-de-posesion-2023-6-300x200.jpg 300w, https:\/\/infotorrent.es\/wp-content\/uploads\/2023\/06\/Toma-de-posesion-2023-6-768x512.jpg 768w, https:\/\/infotorrent.es\/wp-content\/uploads\/2023\/06\/Toma-de-posesion-2023-6-1536x1024.jpg 1536w, https:\/\/infotorrent.es\/wp-content\/uploads\/2023\/06\/Toma-de-posesion-2023-6.jpg 2048w\" sizes=\"(max-width: 1024px) 100vw, 1024px\" \/><\/figure>\n<\/figure>\n","protected":false},"excerpt":{"rendered":"<p>La l\u00edder popular va ser investida dissabte passat davant la societat\u00a0torrentina amb el suport del PP i VOX La nova Corporaci\u00f3 Municipal queda conformada per 10 representants del PSPV-PSOE, 9 del Partit Popular, 4 de VOX i 2 de Comprom\u00eds \u2013\u00a0Podem \u2013 Esquerra Unida. La sala d&#8217;actes de l&#8217;Ajuntament de Torrent va acollir dissabte passat [&hellip;]<\/p>\n","protected":false},"author":2,"featured_media":57537,"comment_status":"open","ping_status":"open","sticky":false,"template":"","format":"standard","meta":{"_acf_changed":false,"footnotes":""},"categories":[141],"tags":[],"class_list":["post-57533","post","type-post","status-publish","format-standard","has-post-thumbnail","hentry","category-alcaldia-2"],"acf":[],"_links":{"self":[{"href":"https:\/\/infotorrent.es\/ca\/wp-json\/wp\/v2\/posts\/57533","targetHints":{"allow":["GET"]}}],"collection":[{"href":"https:\/\/infotorrent.es\/ca\/wp-json\/wp\/v2\/posts"}],"about":[{"href":"https:\/\/infotorrent.es\/ca\/wp-json\/wp\/v2\/types\/post"}],"author":[{"embeddable":true,"href":"https:\/\/infotorrent.es\/ca\/wp-json\/wp\/v2\/users\/2"}],"replies":[{"embeddable":true,"href":"https:\/\/infotorrent.es\/ca\/wp-json\/wp\/v2\/comments?post=57533"}],"version-history":[{"count":1,"href":"https:\/\/infotorrent.es\/ca\/wp-json\/wp\/v2\/posts\/57533\/revisions"}],"predecessor-version":[{"id":57536,"href":"https:\/\/infotorrent.es\/ca\/wp-json\/wp\/v2\/posts\/57533\/revisions\/57536"}],"wp:featuredmedia":[{"embeddable":true,"href":"https:\/\/infotorrent.es\/ca\/wp-json\/wp\/v2\/media\/57537"}],"wp:attachment":[{"href":"https:\/\/infotorrent.es\/ca\/wp-json\/wp\/v2\/media?parent=57533"}],"wp:term":[{"taxonomy":"category","embeddable":true,"href":"https:\/\/infotorrent.es\/ca\/wp-json\/wp\/v2\/categories?post=57533"},{"taxonomy":"post_tag","embeddable":true,"href":"https:\/\/infotorrent.es\/ca\/wp-json\/wp\/v2\/tags?post=57533"}],"curies":[{"name":"wp","href":"https:\/\/api.w.org\/{rel}","templated":true}]}}