{"id":57480,"date":"2023-06-12T09:18:34","date_gmt":"2023-06-12T09:18:34","guid":{"rendered":"https:\/\/infotorrent.es\/uncategorized\/el-dia-mundial-de-tejer-en-publico-llena-la-plaza-fray-antonio-panes\/"},"modified":"2023-06-14T09:24:01","modified_gmt":"2023-06-14T09:24:01","slug":"el-dia-mundial-de-tejer-en-publico-llena-la-plaza-fray-antonio-panes","status":"publish","type":"post","link":"https:\/\/infotorrent.es\/ca\/cultura-es-2\/el-dia-mundial-de-tejer-en-publico-llena-la-plaza-fray-antonio-panes\/","title":{"rendered":"El Dia Mundial de Teixir en P\u00fablic plena la pla\u00e7a Fra Antoni\u00a0Panes"},"content":{"rendered":"\n<p>La pla\u00e7a Fra Antoni\u00a0Panes va acollir dissabte passat la IV edici\u00f3 del Dia Mundial de Teixir en P\u00fablico, l&#8217;esdeveniment organitzat per l&#8217;Ajuntament de Torrent i el\u00a0Museu Comarcal de L&#8217;Horta\u00a0Sud amb motiu d&#8217;aquesta data, que va tornar a oferir al p\u00fablic una s\u00e8rie d&#8217;activitats gratu\u00eftes que van incloure tallers de brodat o\u00a0ganchillo, sortejos, una demostraci\u00f3 d&#8217;encordat de cadires o xarrades amb professionals de l&#8217;\u00e0mbit, com s\u00f3n la ceramista i teixidora\u00a0Martuperino o els criadors de cabres d&#8217;angora Roureda de la Santa, entre altres.<\/p>\n\n\n\n<p><\/p>\n\n\n\n<figure class=\"wp-block-gallery has-nested-images columns-default is-cropped wp-block-gallery-1 is-layout-flex wp-block-gallery-is-layout-flex\">\n<figure class=\"wp-block-image size-large\"><img fetchpriority=\"high\" decoding=\"async\" width=\"1024\" height=\"683\" data-id=\"57470\" src=\"https:\/\/infotorrent.es\/wp-content\/uploads\/2023\/06\/tejer-3-1024x683.jpg\" alt=\"\" class=\"wp-image-57470\" srcset=\"https:\/\/infotorrent.es\/wp-content\/uploads\/2023\/06\/tejer-3-1024x683.jpg 1024w, https:\/\/infotorrent.es\/wp-content\/uploads\/2023\/06\/tejer-3-300x200.jpg 300w, https:\/\/infotorrent.es\/wp-content\/uploads\/2023\/06\/tejer-3-768x512.jpg 768w, https:\/\/infotorrent.es\/wp-content\/uploads\/2023\/06\/tejer-3-1536x1024.jpg 1536w, https:\/\/infotorrent.es\/wp-content\/uploads\/2023\/06\/tejer-3.jpg 1620w\" sizes=\"(max-width: 1024px) 100vw, 1024px\" \/><\/figure>\n\n\n\n<figure class=\"wp-block-image size-large\"><img decoding=\"async\" width=\"1024\" height=\"683\" data-id=\"57473\" src=\"https:\/\/infotorrent.es\/wp-content\/uploads\/2023\/06\/tejer-4-1024x683.jpg\" alt=\"\" class=\"wp-image-57473\" srcset=\"https:\/\/infotorrent.es\/wp-content\/uploads\/2023\/06\/tejer-4-1024x683.jpg 1024w, https:\/\/infotorrent.es\/wp-content\/uploads\/2023\/06\/tejer-4-300x200.jpg 300w, https:\/\/infotorrent.es\/wp-content\/uploads\/2023\/06\/tejer-4-768x512.jpg 768w, https:\/\/infotorrent.es\/wp-content\/uploads\/2023\/06\/tejer-4-1536x1024.jpg 1536w, https:\/\/infotorrent.es\/wp-content\/uploads\/2023\/06\/tejer-4.jpg 1620w\" sizes=\"(max-width: 1024px) 100vw, 1024px\" \/><\/figure>\n\n\n\n<figure class=\"wp-block-image size-large\"><img decoding=\"async\" width=\"1024\" height=\"683\" data-id=\"57468\" src=\"https:\/\/infotorrent.es\/wp-content\/uploads\/2023\/06\/tejer-5-1024x683.jpg\" alt=\"\" class=\"wp-image-57468\" srcset=\"https:\/\/infotorrent.es\/wp-content\/uploads\/2023\/06\/tejer-5-1024x683.jpg 1024w, https:\/\/infotorrent.es\/wp-content\/uploads\/2023\/06\/tejer-5-300x200.jpg 300w, https:\/\/infotorrent.es\/wp-content\/uploads\/2023\/06\/tejer-5-768x512.jpg 768w, https:\/\/infotorrent.es\/wp-content\/uploads\/2023\/06\/tejer-5-1536x1024.jpg 1536w, https:\/\/infotorrent.es\/wp-content\/uploads\/2023\/06\/tejer-5.jpg 1620w\" sizes=\"(max-width: 1024px) 100vw, 1024px\" \/><\/figure>\n\n\n\n<figure class=\"wp-block-image size-large\"><img loading=\"lazy\" decoding=\"async\" width=\"1024\" height=\"683\" data-id=\"57476\" src=\"https:\/\/infotorrent.es\/wp-content\/uploads\/2023\/06\/tejer-1024x683.jpg\" alt=\"\" class=\"wp-image-57476\" srcset=\"https:\/\/infotorrent.es\/wp-content\/uploads\/2023\/06\/tejer-1024x683.jpg 1024w, https:\/\/infotorrent.es\/wp-content\/uploads\/2023\/06\/tejer-300x200.jpg 300w, https:\/\/infotorrent.es\/wp-content\/uploads\/2023\/06\/tejer-768x512.jpg 768w, https:\/\/infotorrent.es\/wp-content\/uploads\/2023\/06\/tejer-1536x1024.jpg 1536w, https:\/\/infotorrent.es\/wp-content\/uploads\/2023\/06\/tejer.jpg 1620w\" sizes=\"(max-width: 1024px) 100vw, 1024px\" \/><\/figure>\n\n\n\n<figure class=\"wp-block-image size-large\"><img loading=\"lazy\" decoding=\"async\" width=\"1024\" height=\"768\" data-id=\"57472\" src=\"https:\/\/infotorrent.es\/wp-content\/uploads\/2023\/06\/tejer-1-1024x768.jpg\" alt=\"\" class=\"wp-image-57472\" srcset=\"https:\/\/infotorrent.es\/wp-content\/uploads\/2023\/06\/tejer-1-1024x768.jpg 1024w, https:\/\/infotorrent.es\/wp-content\/uploads\/2023\/06\/tejer-1-300x225.jpg 300w, https:\/\/infotorrent.es\/wp-content\/uploads\/2023\/06\/tejer-1-768x576.jpg 768w, https:\/\/infotorrent.es\/wp-content\/uploads\/2023\/06\/tejer-1-1536x1152.jpg 1536w, https:\/\/infotorrent.es\/wp-content\/uploads\/2023\/06\/tejer-1.jpg 1600w\" sizes=\"(max-width: 1024px) 100vw, 1024px\" \/><\/figure>\n<\/figure>\n","protected":false},"excerpt":{"rendered":"<p>La pla\u00e7a Fra Antoni\u00a0Panes va acollir dissabte passat la IV edici\u00f3 del Dia Mundial de Teixir en P\u00fablico, l&#8217;esdeveniment organitzat per l&#8217;Ajuntament de Torrent i el\u00a0Museu Comarcal de L&#8217;Horta\u00a0Sud amb motiu d&#8217;aquesta data, que va tornar a oferir al p\u00fablic una s\u00e8rie d&#8217;activitats gratu\u00eftes que van incloure tallers de brodat o\u00a0ganchillo, sortejos, una demostraci\u00f3 d&#8217;encordat [&hellip;]<\/p>\n","protected":false},"author":2,"featured_media":57484,"comment_status":"open","ping_status":"open","sticky":false,"template":"","format":"standard","meta":{"_acf_changed":false,"footnotes":""},"categories":[126],"tags":[],"class_list":["post-57480","post","type-post","status-publish","format-standard","has-post-thumbnail","hentry","category-cultura-es-2"],"acf":[],"_links":{"self":[{"href":"https:\/\/infotorrent.es\/ca\/wp-json\/wp\/v2\/posts\/57480","targetHints":{"allow":["GET"]}}],"collection":[{"href":"https:\/\/infotorrent.es\/ca\/wp-json\/wp\/v2\/posts"}],"about":[{"href":"https:\/\/infotorrent.es\/ca\/wp-json\/wp\/v2\/types\/post"}],"author":[{"embeddable":true,"href":"https:\/\/infotorrent.es\/ca\/wp-json\/wp\/v2\/users\/2"}],"replies":[{"embeddable":true,"href":"https:\/\/infotorrent.es\/ca\/wp-json\/wp\/v2\/comments?post=57480"}],"version-history":[{"count":1,"href":"https:\/\/infotorrent.es\/ca\/wp-json\/wp\/v2\/posts\/57480\/revisions"}],"predecessor-version":[{"id":57483,"href":"https:\/\/infotorrent.es\/ca\/wp-json\/wp\/v2\/posts\/57480\/revisions\/57483"}],"wp:featuredmedia":[{"embeddable":true,"href":"https:\/\/infotorrent.es\/ca\/wp-json\/wp\/v2\/media\/57484"}],"wp:attachment":[{"href":"https:\/\/infotorrent.es\/ca\/wp-json\/wp\/v2\/media?parent=57480"}],"wp:term":[{"taxonomy":"category","embeddable":true,"href":"https:\/\/infotorrent.es\/ca\/wp-json\/wp\/v2\/categories?post=57480"},{"taxonomy":"post_tag","embeddable":true,"href":"https:\/\/infotorrent.es\/ca\/wp-json\/wp\/v2\/tags?post=57480"}],"curies":[{"name":"wp","href":"https:\/\/api.w.org\/{rel}","templated":true}]}}