{"id":57452,"date":"2023-06-12T08:00:19","date_gmt":"2023-06-12T08:00:19","guid":{"rendered":"https:\/\/infotorrent.es\/uncategorized\/torrent-vive-con-emocion-las-celebraciones-del-corpus-christi\/"},"modified":"2023-06-14T08:04:29","modified_gmt":"2023-06-14T08:04:29","slug":"torrent-vive-con-emocion-las-celebraciones-del-corpus-christi","status":"publish","type":"post","link":"https:\/\/infotorrent.es\/ca\/fiestas-y-tradiciones\/torrent-vive-con-emocion-las-celebraciones-del-corpus-christi\/","title":{"rendered":"Torrent viu amb emoci\u00f3 les celebracions del Corpus\u00a0Christi"},"content":{"rendered":"\n<p><strong>Els carrers de la ciutat es van tornar a omplir de color i alegria per a la celebraci\u00f3 d&#8217;aquesta festivitat, en la qual van participar els tradicionals personatges de la\u00a0Moma,\u00a0els\u00a0Arquets, la Magrana o\u00a0els\u00a0Pastoret<\/strong><\/p>\n\n\n\n<p> Els carrers de Torrent es van engalanar aquest cap de setmana per a celebrar una de les festivitats amb major tradici\u00f3 de la ciutat, el Corpus\u00a0Christi, que, com cada any, va congregar a un gran nombre de ve\u00efns i ve\u00efnes per a gaudir dels seus diferents actes. La programaci\u00f3 va donar inici el divendres amb el concert del 51\u00e8 aniversari de la Uni\u00f3 Musical Torrent en la pla\u00e7a de l&#8217;Esgl\u00e9sia, que va ser seguit, en la nit del dissabte, per l&#8217;actuaci\u00f3 de la Banda Simf\u00f2nica del Cercle Cat\u00f2lic en la mateixa pla\u00e7a.<\/p>\n\n\n\n<p>La jornada del diumenge va comen\u00e7ar amb la tradicional eucaristia en la parr\u00f2quia de l&#8217;Assumpci\u00f3 de Nostra Senyora, des d&#8217;on va donar inici la process\u00f3 celebrada a la vesprada, que va rec\u00f3rrer els lim\u00edtrofs de la pla\u00e7a Major fins a desfilar pel tap\u00eds floral confeccionat per a l&#8217;ocasi\u00f3 en direcci\u00f3 de tornada a la parr\u00f2quia, com \u00e9s tradici\u00f3.<\/p>\n\n\n\n<p>Pr\u00e8viament, els carros havien iniciat el cam\u00ed pel barri antic per a dur a terme l\u2019enram\u00e0 de la murta; i es van realitzar les tradicionals danses amb els personatges\u00a0dels\u00a0Arquets, la Magrana,els\u00a0Pastorets,\u00a0els\u00a0Nanos, la\u00a0Degolla, la\u00a0Moma,\u00a0els\u00a0Cavallets i els\u00a0Betes. Aix\u00ed mateix, tamb\u00e9 van participar en la process\u00f3 els xiquets i xiquetes que enguany van prendre la comuni\u00f3 en les parr\u00f2quies de la ciutat.<\/p>\n\n\n\n<p><\/p>\n\n\n\n<figure class=\"wp-block-gallery has-nested-images columns-default is-cropped wp-block-gallery-1 is-layout-flex wp-block-gallery-is-layout-flex\">\n<figure class=\"wp-block-image size-large\"><img fetchpriority=\"high\" decoding=\"async\" width=\"1024\" height=\"683\" data-id=\"57445\" src=\"https:\/\/infotorrent.es\/wp-content\/uploads\/2023\/06\/corpus2-1024x683.jpg\" alt=\"\" class=\"wp-image-57445\" srcset=\"https:\/\/infotorrent.es\/wp-content\/uploads\/2023\/06\/corpus2-1024x683.jpg 1024w, https:\/\/infotorrent.es\/wp-content\/uploads\/2023\/06\/corpus2-300x200.jpg 300w, https:\/\/infotorrent.es\/wp-content\/uploads\/2023\/06\/corpus2-768x512.jpg 768w, https:\/\/infotorrent.es\/wp-content\/uploads\/2023\/06\/corpus2-1536x1024.jpg 1536w, https:\/\/infotorrent.es\/wp-content\/uploads\/2023\/06\/corpus2.jpg 1620w\" sizes=\"(max-width: 1024px) 100vw, 1024px\" \/><\/figure>\n\n\n\n<figure class=\"wp-block-image size-large\"><img decoding=\"async\" width=\"1024\" height=\"683\" data-id=\"57439\" src=\"https:\/\/infotorrent.es\/wp-content\/uploads\/2023\/06\/corpus-1024x683.jpg\" alt=\"\" class=\"wp-image-57439\" srcset=\"https:\/\/infotorrent.es\/wp-content\/uploads\/2023\/06\/corpus-1024x683.jpg 1024w, https:\/\/infotorrent.es\/wp-content\/uploads\/2023\/06\/corpus-300x200.jpg 300w, https:\/\/infotorrent.es\/wp-content\/uploads\/2023\/06\/corpus-768x512.jpg 768w, https:\/\/infotorrent.es\/wp-content\/uploads\/2023\/06\/corpus-1536x1024.jpg 1536w, https:\/\/infotorrent.es\/wp-content\/uploads\/2023\/06\/corpus.jpg 1620w\" sizes=\"(max-width: 1024px) 100vw, 1024px\" \/><\/figure>\n\n\n\n<figure class=\"wp-block-image size-large\"><img decoding=\"async\" width=\"1024\" height=\"683\" data-id=\"57444\" src=\"https:\/\/infotorrent.es\/wp-content\/uploads\/2023\/06\/corpus3-1024x683.jpg\" alt=\"\" class=\"wp-image-57444\" srcset=\"https:\/\/infotorrent.es\/wp-content\/uploads\/2023\/06\/corpus3-1024x683.jpg 1024w, https:\/\/infotorrent.es\/wp-content\/uploads\/2023\/06\/corpus3-300x200.jpg 300w, https:\/\/infotorrent.es\/wp-content\/uploads\/2023\/06\/corpus3-768x512.jpg 768w, https:\/\/infotorrent.es\/wp-content\/uploads\/2023\/06\/corpus3-1536x1024.jpg 1536w, https:\/\/infotorrent.es\/wp-content\/uploads\/2023\/06\/corpus3.jpg 1620w\" sizes=\"(max-width: 1024px) 100vw, 1024px\" \/><\/figure>\n\n\n\n<figure class=\"wp-block-image size-large\"><img loading=\"lazy\" decoding=\"async\" width=\"1024\" height=\"683\" data-id=\"57443\" src=\"https:\/\/infotorrent.es\/wp-content\/uploads\/2023\/06\/corpus7-1024x683.jpg\" alt=\"\" class=\"wp-image-57443\" srcset=\"https:\/\/infotorrent.es\/wp-content\/uploads\/2023\/06\/corpus7-1024x683.jpg 1024w, https:\/\/infotorrent.es\/wp-content\/uploads\/2023\/06\/corpus7-300x200.jpg 300w, https:\/\/infotorrent.es\/wp-content\/uploads\/2023\/06\/corpus7-768x512.jpg 768w, https:\/\/infotorrent.es\/wp-content\/uploads\/2023\/06\/corpus7-1536x1024.jpg 1536w, https:\/\/infotorrent.es\/wp-content\/uploads\/2023\/06\/corpus7.jpg 1620w\" sizes=\"(max-width: 1024px) 100vw, 1024px\" \/><\/figure>\n\n\n\n<figure class=\"wp-block-image size-large\"><img loading=\"lazy\" decoding=\"async\" width=\"1024\" height=\"683\" data-id=\"57448\" src=\"https:\/\/infotorrent.es\/wp-content\/uploads\/2023\/06\/corpus8-1024x683.jpg\" alt=\"\" class=\"wp-image-57448\" srcset=\"https:\/\/infotorrent.es\/wp-content\/uploads\/2023\/06\/corpus8-1024x683.jpg 1024w, https:\/\/infotorrent.es\/wp-content\/uploads\/2023\/06\/corpus8-300x200.jpg 300w, https:\/\/infotorrent.es\/wp-content\/uploads\/2023\/06\/corpus8-768x512.jpg 768w, https:\/\/infotorrent.es\/wp-content\/uploads\/2023\/06\/corpus8-1536x1024.jpg 1536w, https:\/\/infotorrent.es\/wp-content\/uploads\/2023\/06\/corpus8.jpg 1620w\" sizes=\"(max-width: 1024px) 100vw, 1024px\" \/><\/figure>\n\n\n\n<figure class=\"wp-block-image size-large\"><img loading=\"lazy\" decoding=\"async\" width=\"1024\" height=\"683\" data-id=\"57441\" src=\"https:\/\/infotorrent.es\/wp-content\/uploads\/2023\/06\/corpus10-1024x683.jpg\" alt=\"\" class=\"wp-image-57441\" srcset=\"https:\/\/infotorrent.es\/wp-content\/uploads\/2023\/06\/corpus10-1024x683.jpg 1024w, https:\/\/infotorrent.es\/wp-content\/uploads\/2023\/06\/corpus10-300x200.jpg 300w, https:\/\/infotorrent.es\/wp-content\/uploads\/2023\/06\/corpus10-768x512.jpg 768w, https:\/\/infotorrent.es\/wp-content\/uploads\/2023\/06\/corpus10-1536x1024.jpg 1536w, https:\/\/infotorrent.es\/wp-content\/uploads\/2023\/06\/corpus10.jpg 1620w\" sizes=\"(max-width: 1024px) 100vw, 1024px\" \/><\/figure>\n<\/figure>\n","protected":false},"excerpt":{"rendered":"<p>Els carrers de la ciutat es van tornar a omplir de color i alegria per a la celebraci\u00f3 d&#8217;aquesta festivitat, en la qual van participar els tradicionals personatges de la\u00a0Moma,\u00a0els\u00a0Arquets, la Magrana o\u00a0els\u00a0Pastoret Els carrers de Torrent es van engalanar aquest cap de setmana per a celebrar una de les festivitats amb major tradici\u00f3 de [&hellip;]<\/p>\n","protected":false},"author":2,"featured_media":57456,"comment_status":"open","ping_status":"open","sticky":false,"template":"","format":"standard","meta":{"_acf_changed":false,"footnotes":""},"categories":[143],"tags":[],"class_list":["post-57452","post","type-post","status-publish","format-standard","has-post-thumbnail","hentry","category-fiestas-y-tradiciones"],"acf":[],"_links":{"self":[{"href":"https:\/\/infotorrent.es\/ca\/wp-json\/wp\/v2\/posts\/57452","targetHints":{"allow":["GET"]}}],"collection":[{"href":"https:\/\/infotorrent.es\/ca\/wp-json\/wp\/v2\/posts"}],"about":[{"href":"https:\/\/infotorrent.es\/ca\/wp-json\/wp\/v2\/types\/post"}],"author":[{"embeddable":true,"href":"https:\/\/infotorrent.es\/ca\/wp-json\/wp\/v2\/users\/2"}],"replies":[{"embeddable":true,"href":"https:\/\/infotorrent.es\/ca\/wp-json\/wp\/v2\/comments?post=57452"}],"version-history":[{"count":1,"href":"https:\/\/infotorrent.es\/ca\/wp-json\/wp\/v2\/posts\/57452\/revisions"}],"predecessor-version":[{"id":57455,"href":"https:\/\/infotorrent.es\/ca\/wp-json\/wp\/v2\/posts\/57452\/revisions\/57455"}],"wp:featuredmedia":[{"embeddable":true,"href":"https:\/\/infotorrent.es\/ca\/wp-json\/wp\/v2\/media\/57456"}],"wp:attachment":[{"href":"https:\/\/infotorrent.es\/ca\/wp-json\/wp\/v2\/media?parent=57452"}],"wp:term":[{"taxonomy":"category","embeddable":true,"href":"https:\/\/infotorrent.es\/ca\/wp-json\/wp\/v2\/categories?post=57452"},{"taxonomy":"post_tag","embeddable":true,"href":"https:\/\/infotorrent.es\/ca\/wp-json\/wp\/v2\/tags?post=57452"}],"curies":[{"name":"wp","href":"https:\/\/api.w.org\/{rel}","templated":true}]}}