{"id":57030,"date":"2023-05-11T08:09:59","date_gmt":"2023-05-11T08:09:59","guid":{"rendered":"https:\/\/infotorrent.es\/uncategorized\/todo-a-punto-para-la-10k-ciutat-de-torrent\/"},"modified":"2023-05-16T08:17:09","modified_gmt":"2023-05-16T08:17:09","slug":"todo-a-punto-para-la-10k-ciutat-de-torrent","status":"publish","type":"post","link":"https:\/\/infotorrent.es\/ca\/juventud-y-deportes-2\/todo-a-punto-para-la-10k-ciutat-de-torrent\/","title":{"rendered":"Tot a punt per a la\u00a010k\u00a0Ciutat de Torrent"},"content":{"rendered":"\n<p><strong>L&#8217;eixida de la prova tindr\u00e0 lloc diumenge que ve a les 9:30h, des del Poliesportiu de\u00a0Parc Central<\/strong><\/p>\n\n\n\n<p> La Fundaci\u00f3 Esportiva Municipal ultima els preparatius per a celebrar una nova edici\u00f3 de la\u00a010k\u00a0Ciutat de Torrent, una de les proves m\u00e9s esperades pels\u00a0torrentins i\u00a0torrentines, que tornar\u00e0 a rec\u00f3rrer els carrers de la capital de L&#8217;Horta\u00a0Sud diumenge que ve dins del XXIV Circuit de Carreras de la Diputaci\u00f3 de Val\u00e8ncia.<\/p>\n\n\n\n<p><br><strong>\u201cDes de l&#8217;Ajuntament continuem treballant per a millorar en cada edici\u00f3 i poder consolidar nostra 10K en un referent de l&#8217;esport en la Comunitat Valenciana, a m\u00e9s de posar en valor tant l&#8217;entorn natural com urb\u00e0 de Torrent\u201d,<\/strong> destaca la regidora d&#8217;Esports,\u00a0Susi Ferrer.<\/p>\n\n\n\n<p><br>Aix\u00ed, a partir de les 8:15h els i les participants podran fer-se amb el seu dorsal en el Poliesportiu de\u00a0Parc Central, des d&#8217;on donar\u00e0 principi la prova a les 9:30h amb un recorregut urb\u00e0 i semiurb\u00e0 que finalitzar\u00e0 tamb\u00e9 en la\u00a0Ciutat de l\u2019Esport.<\/p>\n\n\n\n<p><\/p>\n","protected":false},"excerpt":{"rendered":"<p>L&#8217;eixida de la prova tindr\u00e0 lloc diumenge que ve a les 9:30h, des del Poliesportiu de\u00a0Parc Central La Fundaci\u00f3 Esportiva Municipal ultima els preparatius per a celebrar una nova edici\u00f3 de la\u00a010k\u00a0Ciutat de Torrent, una de les proves m\u00e9s esperades pels\u00a0torrentins i\u00a0torrentines, que tornar\u00e0 a rec\u00f3rrer els carrers de la capital de L&#8217;Horta\u00a0Sud diumenge que [&hellip;]<\/p>\n","protected":false},"author":2,"featured_media":57031,"comment_status":"open","ping_status":"open","sticky":false,"template":"","format":"standard","meta":{"_acf_changed":false,"footnotes":""},"categories":[130],"tags":[],"class_list":["post-57030","post","type-post","status-publish","format-standard","has-post-thumbnail","hentry","category-juventud-y-deportes-2"],"acf":[],"_links":{"self":[{"href":"https:\/\/infotorrent.es\/ca\/wp-json\/wp\/v2\/posts\/57030","targetHints":{"allow":["GET"]}}],"collection":[{"href":"https:\/\/infotorrent.es\/ca\/wp-json\/wp\/v2\/posts"}],"about":[{"href":"https:\/\/infotorrent.es\/ca\/wp-json\/wp\/v2\/types\/post"}],"author":[{"embeddable":true,"href":"https:\/\/infotorrent.es\/ca\/wp-json\/wp\/v2\/users\/2"}],"replies":[{"embeddable":true,"href":"https:\/\/infotorrent.es\/ca\/wp-json\/wp\/v2\/comments?post=57030"}],"version-history":[{"count":1,"href":"https:\/\/infotorrent.es\/ca\/wp-json\/wp\/v2\/posts\/57030\/revisions"}],"predecessor-version":[{"id":57033,"href":"https:\/\/infotorrent.es\/ca\/wp-json\/wp\/v2\/posts\/57030\/revisions\/57033"}],"wp:featuredmedia":[{"embeddable":true,"href":"https:\/\/infotorrent.es\/ca\/wp-json\/wp\/v2\/media\/57031"}],"wp:attachment":[{"href":"https:\/\/infotorrent.es\/ca\/wp-json\/wp\/v2\/media?parent=57030"}],"wp:term":[{"taxonomy":"category","embeddable":true,"href":"https:\/\/infotorrent.es\/ca\/wp-json\/wp\/v2\/categories?post=57030"},{"taxonomy":"post_tag","embeddable":true,"href":"https:\/\/infotorrent.es\/ca\/wp-json\/wp\/v2\/tags?post=57030"}],"curies":[{"name":"wp","href":"https:\/\/api.w.org\/{rel}","templated":true}]}}