{"id":56864,"date":"2023-05-02T10:13:54","date_gmt":"2023-05-02T10:13:54","guid":{"rendered":"https:\/\/infotorrent.es\/uncategorized\/ideco-celebra-su-fiesta-comarcal-en-lantic-mercat\/"},"modified":"2023-05-03T10:19:54","modified_gmt":"2023-05-03T10:19:54","slug":"ideco-celebra-su-fiesta-comarcal-en-lantic-mercat","status":"publish","type":"post","link":"https:\/\/infotorrent.es\/ca\/noticias-2\/cultura-noticias-2\/ideco-celebra-su-fiesta-comarcal-en-lantic-mercat\/","title":{"rendered":"IDECO celebra la seua festa comarcal en l\u2019Antic\u00a0Mercat"},"content":{"rendered":"\n<p><strong>Beatriz Fern\u00e1ndez va ser guardonada amb el VII Premi \u2018Carmen Valero\u2019, mentre que Vicent Torrent va rebre el XIII Premi \u2018Quico Moret\u2019<\/strong><\/p>\n\n\n\n<p><strong>Enric Monforte va ser guardonat amb el XXVI\u00a0Premi d\u2019Investigaci\u00f3 de l&#8217;Horta\u00a0Sud per la seua obra treball de recerca sobre la hist\u00f2ria de la pilota valenciana en el per\u00edode 1900-1975<\/strong><\/p>\n\n\n\n<p> La sala c\u00edvica de l\u2019Antic\u00a0Mercat va acollir divendres passat, per set\u00e8 any, un dels actes m\u00e9s assenyalats del calendari de la comarca: la gala anual de l&#8217;Institut d&#8217;Estudis Comarcals de L&#8217;Horta\u00a0Sud (IDECO). Com cada any, l&#8217;acte va reunir diferents personalitats de L&#8217;Horta\u00a0Sud per a lliurar els guardons convocats per l&#8217;entitat, aix\u00ed com el premi d&#8217;investigaci\u00f3 atorgat en col\u00b7laboraci\u00f3 amb l&#8217;Ajuntament de Torrent i la\u00a0Mancomunitat de l&#8217;Horta\u00a0Sud, seguint amb l&#8217;objectiu de promocionar la investigaci\u00f3 i divulgaci\u00f3 hist\u00f2rica sobre les tradicions de la comarca.<\/p>\n\n\n\n<p>L&#8217;esdeveniment va donar inici amb la presentaci\u00f3 del nou logo de IDECO, el qual ha sigut confeccionat per Manolo\u00a0S\u00e1nchez i Eugeni Sim\u00f3, i seguidament es va procedir al lliurament de guardons. La directora d&#8217;orquestra Beatriz Fern\u00e1ndez, qui no va poder assistir a l&#8217;esdeveniment per motius professionals, va ser reconeguda amb el VII Premi \u2018Carmen Valero\u2019 per la seua dilatada traject\u00f2ria en el m\u00f3n de la m\u00fasica. Per part seua, Vicent Torrent va rebre el XIII Premi \u2018Quico Moret\u2019 en reconeixement de la seua extensa carrera musical, sumant entre els seus \u00e8xits la fundaci\u00f3 del grup \u2018Al\u00a0tall\u2019. Com a colof\u00f3, el XXVI\u00a0Premi d\u2019Investigaci\u00f3 de l&#8217;Horta\u00a0Sud, en el qual col\u00b7laboren l&#8217;Ajuntament de Torrent i la\u00a0Mancomunitat de l&#8217;Horta\u00a0Sud, va ser lliurat a Enric Monforte pel seu treball de recerca sobre la hist\u00f2ria de la pilota valenciana en el per\u00edode 1900-1975.<\/p>\n\n\n\n<p> \u00a0<\/p>\n\n\n\n<figure class=\"wp-block-gallery has-nested-images columns-default is-cropped wp-block-gallery-1 is-layout-flex wp-block-gallery-is-layout-flex\">\n<figure class=\"wp-block-image size-large\"><img fetchpriority=\"high\" decoding=\"async\" width=\"1024\" height=\"683\" data-id=\"56852\" src=\"https:\/\/infotorrent.es\/wp-content\/uploads\/2023\/05\/ideco-7-1024x683.jpg\" alt=\"\" class=\"wp-image-56852\" srcset=\"https:\/\/infotorrent.es\/wp-content\/uploads\/2023\/05\/ideco-7-1024x683.jpg 1024w, https:\/\/infotorrent.es\/wp-content\/uploads\/2023\/05\/ideco-7-300x200.jpg 300w, https:\/\/infotorrent.es\/wp-content\/uploads\/2023\/05\/ideco-7-768x512.jpg 768w, https:\/\/infotorrent.es\/wp-content\/uploads\/2023\/05\/ideco-7-1536x1024.jpg 1536w, https:\/\/infotorrent.es\/wp-content\/uploads\/2023\/05\/ideco-7.jpg 2048w\" sizes=\"(max-width: 1024px) 100vw, 1024px\" \/><\/figure>\n\n\n\n<figure class=\"wp-block-image size-large\"><img decoding=\"async\" width=\"1024\" height=\"683\" data-id=\"56856\" src=\"https:\/\/infotorrent.es\/wp-content\/uploads\/2023\/05\/ideco-1-1024x683.jpg\" alt=\"\" class=\"wp-image-56856\" srcset=\"https:\/\/infotorrent.es\/wp-content\/uploads\/2023\/05\/ideco-1-1024x683.jpg 1024w, https:\/\/infotorrent.es\/wp-content\/uploads\/2023\/05\/ideco-1-300x200.jpg 300w, https:\/\/infotorrent.es\/wp-content\/uploads\/2023\/05\/ideco-1-768x512.jpg 768w, https:\/\/infotorrent.es\/wp-content\/uploads\/2023\/05\/ideco-1-1536x1024.jpg 1536w, https:\/\/infotorrent.es\/wp-content\/uploads\/2023\/05\/ideco-1.jpg 2048w\" sizes=\"(max-width: 1024px) 100vw, 1024px\" \/><\/figure>\n\n\n\n<figure class=\"wp-block-image size-large\"><img decoding=\"async\" width=\"1024\" height=\"683\" data-id=\"56850\" src=\"https:\/\/infotorrent.es\/wp-content\/uploads\/2023\/05\/ideco-3-1024x683.jpg\" alt=\"\" class=\"wp-image-56850\" srcset=\"https:\/\/infotorrent.es\/wp-content\/uploads\/2023\/05\/ideco-3-1024x683.jpg 1024w, https:\/\/infotorrent.es\/wp-content\/uploads\/2023\/05\/ideco-3-300x200.jpg 300w, https:\/\/infotorrent.es\/wp-content\/uploads\/2023\/05\/ideco-3-768x512.jpg 768w, https:\/\/infotorrent.es\/wp-content\/uploads\/2023\/05\/ideco-3-1536x1024.jpg 1536w, https:\/\/infotorrent.es\/wp-content\/uploads\/2023\/05\/ideco-3.jpg 2048w\" sizes=\"(max-width: 1024px) 100vw, 1024px\" \/><\/figure>\n\n\n\n<figure class=\"wp-block-image size-large\"><img loading=\"lazy\" decoding=\"async\" width=\"1024\" height=\"683\" data-id=\"56858\" src=\"https:\/\/infotorrent.es\/wp-content\/uploads\/2023\/05\/ideco-4-1024x683.jpg\" alt=\"\" class=\"wp-image-56858\" srcset=\"https:\/\/infotorrent.es\/wp-content\/uploads\/2023\/05\/ideco-4-1024x683.jpg 1024w, https:\/\/infotorrent.es\/wp-content\/uploads\/2023\/05\/ideco-4-300x200.jpg 300w, https:\/\/infotorrent.es\/wp-content\/uploads\/2023\/05\/ideco-4-768x512.jpg 768w, https:\/\/infotorrent.es\/wp-content\/uploads\/2023\/05\/ideco-4-1536x1024.jpg 1536w, https:\/\/infotorrent.es\/wp-content\/uploads\/2023\/05\/ideco-4.jpg 2048w\" sizes=\"(max-width: 1024px) 100vw, 1024px\" \/><\/figure>\n\n\n\n<figure class=\"wp-block-image size-large\"><img loading=\"lazy\" decoding=\"async\" width=\"1024\" height=\"683\" data-id=\"56854\" src=\"https:\/\/infotorrent.es\/wp-content\/uploads\/2023\/05\/ideco-5-1024x683.jpg\" alt=\"\" class=\"wp-image-56854\" srcset=\"https:\/\/infotorrent.es\/wp-content\/uploads\/2023\/05\/ideco-5-1024x683.jpg 1024w, https:\/\/infotorrent.es\/wp-content\/uploads\/2023\/05\/ideco-5-300x200.jpg 300w, https:\/\/infotorrent.es\/wp-content\/uploads\/2023\/05\/ideco-5-768x512.jpg 768w, https:\/\/infotorrent.es\/wp-content\/uploads\/2023\/05\/ideco-5-1536x1024.jpg 1536w, https:\/\/infotorrent.es\/wp-content\/uploads\/2023\/05\/ideco-5.jpg 2048w\" sizes=\"(max-width: 1024px) 100vw, 1024px\" \/><\/figure>\n\n\n\n<figure class=\"wp-block-image size-large\"><img loading=\"lazy\" decoding=\"async\" width=\"1024\" height=\"683\" data-id=\"56848\" src=\"https:\/\/infotorrent.es\/wp-content\/uploads\/2023\/05\/ideco-6-1024x683.jpg\" alt=\"\" class=\"wp-image-56848\" srcset=\"https:\/\/infotorrent.es\/wp-content\/uploads\/2023\/05\/ideco-6-1024x683.jpg 1024w, https:\/\/infotorrent.es\/wp-content\/uploads\/2023\/05\/ideco-6-300x200.jpg 300w, https:\/\/infotorrent.es\/wp-content\/uploads\/2023\/05\/ideco-6-768x512.jpg 768w, https:\/\/infotorrent.es\/wp-content\/uploads\/2023\/05\/ideco-6-1536x1024.jpg 1536w, https:\/\/infotorrent.es\/wp-content\/uploads\/2023\/05\/ideco-6.jpg 2048w\" sizes=\"(max-width: 1024px) 100vw, 1024px\" \/><\/figure>\n\n\n\n<figure class=\"wp-block-image size-large\"><img loading=\"lazy\" decoding=\"async\" width=\"1024\" height=\"683\" data-id=\"56860\" src=\"https:\/\/infotorrent.es\/wp-content\/uploads\/2023\/05\/ideco-1024x683.jpg\" alt=\"\" class=\"wp-image-56860\" srcset=\"https:\/\/infotorrent.es\/wp-content\/uploads\/2023\/05\/ideco-1024x683.jpg 1024w, https:\/\/infotorrent.es\/wp-content\/uploads\/2023\/05\/ideco-300x200.jpg 300w, https:\/\/infotorrent.es\/wp-content\/uploads\/2023\/05\/ideco-768x512.jpg 768w, https:\/\/infotorrent.es\/wp-content\/uploads\/2023\/05\/ideco-1536x1024.jpg 1536w, https:\/\/infotorrent.es\/wp-content\/uploads\/2023\/05\/ideco.jpg 2048w\" sizes=\"(max-width: 1024px) 100vw, 1024px\" \/><\/figure>\n<\/figure>\n","protected":false},"excerpt":{"rendered":"<p>Beatriz Fern\u00e1ndez va ser guardonada amb el VII Premi \u2018Carmen Valero\u2019, mentre que Vicent Torrent va rebre el XIII Premi \u2018Quico Moret\u2019 Enric Monforte va ser guardonat amb el XXVI\u00a0Premi d\u2019Investigaci\u00f3 de l&#8217;Horta\u00a0Sud per la seua obra treball de recerca sobre la hist\u00f2ria de la pilota valenciana en el per\u00edode 1900-1975 La sala c\u00edvica de [&hellip;]<\/p>\n","protected":false},"author":2,"featured_media":56868,"comment_status":"open","ping_status":"open","sticky":false,"template":"","format":"standard","meta":{"_acf_changed":false,"footnotes":""},"categories":[756,136],"tags":[],"class_list":["post-56864","post","type-post","status-publish","format-standard","has-post-thumbnail","hentry","category-cultura-noticias-2","category-festes-i-turisme"],"acf":[],"_links":{"self":[{"href":"https:\/\/infotorrent.es\/ca\/wp-json\/wp\/v2\/posts\/56864","targetHints":{"allow":["GET"]}}],"collection":[{"href":"https:\/\/infotorrent.es\/ca\/wp-json\/wp\/v2\/posts"}],"about":[{"href":"https:\/\/infotorrent.es\/ca\/wp-json\/wp\/v2\/types\/post"}],"author":[{"embeddable":true,"href":"https:\/\/infotorrent.es\/ca\/wp-json\/wp\/v2\/users\/2"}],"replies":[{"embeddable":true,"href":"https:\/\/infotorrent.es\/ca\/wp-json\/wp\/v2\/comments?post=56864"}],"version-history":[{"count":1,"href":"https:\/\/infotorrent.es\/ca\/wp-json\/wp\/v2\/posts\/56864\/revisions"}],"predecessor-version":[{"id":56867,"href":"https:\/\/infotorrent.es\/ca\/wp-json\/wp\/v2\/posts\/56864\/revisions\/56867"}],"wp:featuredmedia":[{"embeddable":true,"href":"https:\/\/infotorrent.es\/ca\/wp-json\/wp\/v2\/media\/56868"}],"wp:attachment":[{"href":"https:\/\/infotorrent.es\/ca\/wp-json\/wp\/v2\/media?parent=56864"}],"wp:term":[{"taxonomy":"category","embeddable":true,"href":"https:\/\/infotorrent.es\/ca\/wp-json\/wp\/v2\/categories?post=56864"},{"taxonomy":"post_tag","embeddable":true,"href":"https:\/\/infotorrent.es\/ca\/wp-json\/wp\/v2\/tags?post=56864"}],"curies":[{"name":"wp","href":"https:\/\/api.w.org\/{rel}","templated":true}]}}