{"id":56667,"date":"2023-04-24T08:16:58","date_gmt":"2023-04-24T08:16:58","guid":{"rendered":"https:\/\/infotorrent.es\/uncategorized\/lantic-mercat-se-viste-de-gala-en-una-nueva-edicion-de-la-fiesta-comarcal-organizada-por-ideco\/"},"modified":"2023-04-25T08:28:10","modified_gmt":"2023-04-25T08:28:10","slug":"lantic-mercat-se-viste-de-gala-en-una-nueva-edicion-de-la-fiesta-comarcal-organizada-por-ideco","status":"publish","type":"post","link":"https:\/\/infotorrent.es\/ca\/cultura-es-2\/lantic-mercat-se-viste-de-gala-en-una-nueva-edicion-de-la-fiesta-comarcal-organizada-por-ideco\/","title":{"rendered":"L\u2019Antic Mercat es vesteix de gala en una nova edici\u00f3 de la festa comarcal organitzada per IDECO"},"content":{"rendered":"\n<p><strong>El VII Premi \u2018Carmen Valero\u2019 ser\u00e0 lliurat a Beatriz Fern\u00e1ndez, mentre que el XIII Premi \u2018Quico Moret\u2019 s&#8217;atorgar\u00e0 a Vicent Torrent<\/strong><\/p>\n\n\n\n<p><strong>Enric Monforte rebr\u00e0 el XXVI Premi d\u2019Investigaci\u00f3 de l&#8217;Horta **Sud per la seua obra treball de recerca sobre la hist\u00f2ria de la pilota valenciana en el per\u00edode 1900-1975<\/strong><\/p>\n\n\n\n<p>La Sala C\u00edvica de l\u2019Antic Mercat acollir\u00e0 el pr\u00f2xim divendres  28 de maig una nova edici\u00f3 de la festa comarcal de l&#8217;Institut d&#8217;Estudis Comarcals de L&#8217;Horta <strong>Sud (<\/strong>IDECO), que, com cada any, organitza aquesta gala amb l&#8217;objectiu de promocionar la investigaci\u00f3 i la divulgaci\u00f3 hist\u00f2rica sobre les tradicions de la comarca de L&#8217;Horta Sud. En l&#8217;acte, que donar\u00e0 inici a partir de les 19h, es lliuraran els guardons anuals convocats per l&#8217;entitat juntament amb el premi d&#8217;investigaci\u00f3 atorgat en col\u00b7laboraci\u00f3 amb l&#8217;Ajuntament de Torrent i la Mancomunitat de l&#8217;Horta Sud, el qual ofereix als autors i autores una opci\u00f3 per a publicar aquells treballs sobre tem\u00e0tiques valencianes i hist\u00f2riques que no poden ser publicats per la via acad\u00e8mica.<\/p>\n\n\n\n<p>Sobre aquest tema, el president d&#8217;IDECO, Josep Maria Tarazona, comenta que <strong>\u201cla nostra entitat mant\u00e9 un fort vincle amb Torrent des de fa uns 40 anys, per la qual cosa sempre \u00e9s especial celebrar aquest esdeveniment en una ciutat a la qual ens sentim tan lligats. Ja s\u00f3n 7 anys col\u00b7laborant amb l&#8217;Ajuntament de Torrent per a la celebraci\u00f3 d&#8217;aquesta gala, i estem molt agra\u00efts de continuar treballant bra\u00e7 a bra\u00e7 amb l&#8217;objectiu de fer m\u00e9s gran L&#8217;Horta Sud\u201d<\/strong>.<\/p>\n\n\n\n<p>Aix\u00ed, el VII Premi \u2018Carmen Valero\u2019 ser\u00e0 lliurat a Beatriz Fern\u00e1ndez, com a reconeixement a la seua gran traject\u00f2ria professional com a directora d&#8217;orquestra. El XIII Premi \u2018Quico Moret\u2019 recaur\u00e0 en Vicent Torrent, fundador del grup \u2018Al tall\u2019, per la seua dilatada traject\u00f2ria art\u00edstica i cultural. Mentre que Enric Monforte rebr\u00e0 el XXVI <strong>Premi d\u2019<\/strong>Investigaci\u00f3 de l&#8217;Horta Sud pel seu treball de recerca sobre la hist\u00f2ria de la pilota valenciana en el per\u00edode 1900-1975. A m\u00e9s, en l&#8217;esdeveniment es presentar\u00e0 el nou logo d&#8217;IDECO, el qual ha sigut dissenyat per Manolo S\u00e1nchez i Eugeni Sim\u00f3.<\/p>\n\n\n\n<p><\/p>\n\n\n\n<figure class=\"wp-block-image aligncenter size-large\"><img fetchpriority=\"high\" decoding=\"async\" width=\"1024\" height=\"1024\" src=\"https:\/\/infotorrent.es\/wp-content\/uploads\/2023\/04\/ideco-1-1024x1024.jpeg\" alt=\"\" class=\"wp-image-56668\" srcset=\"https:\/\/infotorrent.es\/wp-content\/uploads\/2023\/04\/ideco-1.jpeg 1024w, https:\/\/infotorrent.es\/wp-content\/uploads\/2023\/04\/ideco-1-300x300.jpeg 300w, https:\/\/infotorrent.es\/wp-content\/uploads\/2023\/04\/ideco-1-150x150.jpeg 150w, https:\/\/infotorrent.es\/wp-content\/uploads\/2023\/04\/ideco-1-768x768.jpeg 768w, https:\/\/infotorrent.es\/wp-content\/uploads\/2023\/04\/ideco-1-700x700.jpeg 700w\" sizes=\"(max-width: 1024px) 100vw, 1024px\" \/><\/figure>\n","protected":false},"excerpt":{"rendered":"<p>El VII Premi \u2018Carmen Valero\u2019 ser\u00e0 lliurat a Beatriz Fern\u00e1ndez, mentre que el XIII Premi \u2018Quico Moret\u2019 s&#8217;atorgar\u00e0 a Vicent Torrent Enric Monforte rebr\u00e0 el XXVI Premi d\u2019Investigaci\u00f3 de l&#8217;Horta **Sud per la seua obra treball de recerca sobre la hist\u00f2ria de la pilota valenciana en el per\u00edode 1900-1975 La Sala C\u00edvica de l\u2019Antic Mercat [&hellip;]<\/p>\n","protected":false},"author":2,"featured_media":56669,"comment_status":"open","ping_status":"open","sticky":false,"template":"","format":"standard","meta":{"_acf_changed":false,"footnotes":""},"categories":[126],"tags":[],"class_list":["post-56667","post","type-post","status-publish","format-standard","has-post-thumbnail","hentry","category-cultura-es-2"],"acf":[],"_links":{"self":[{"href":"https:\/\/infotorrent.es\/ca\/wp-json\/wp\/v2\/posts\/56667","targetHints":{"allow":["GET"]}}],"collection":[{"href":"https:\/\/infotorrent.es\/ca\/wp-json\/wp\/v2\/posts"}],"about":[{"href":"https:\/\/infotorrent.es\/ca\/wp-json\/wp\/v2\/types\/post"}],"author":[{"embeddable":true,"href":"https:\/\/infotorrent.es\/ca\/wp-json\/wp\/v2\/users\/2"}],"replies":[{"embeddable":true,"href":"https:\/\/infotorrent.es\/ca\/wp-json\/wp\/v2\/comments?post=56667"}],"version-history":[{"count":3,"href":"https:\/\/infotorrent.es\/ca\/wp-json\/wp\/v2\/posts\/56667\/revisions"}],"predecessor-version":[{"id":56677,"href":"https:\/\/infotorrent.es\/ca\/wp-json\/wp\/v2\/posts\/56667\/revisions\/56677"}],"wp:featuredmedia":[{"embeddable":true,"href":"https:\/\/infotorrent.es\/ca\/wp-json\/wp\/v2\/media\/56669"}],"wp:attachment":[{"href":"https:\/\/infotorrent.es\/ca\/wp-json\/wp\/v2\/media?parent=56667"}],"wp:term":[{"taxonomy":"category","embeddable":true,"href":"https:\/\/infotorrent.es\/ca\/wp-json\/wp\/v2\/categories?post=56667"},{"taxonomy":"post_tag","embeddable":true,"href":"https:\/\/infotorrent.es\/ca\/wp-json\/wp\/v2\/tags?post=56667"}],"curies":[{"name":"wp","href":"https:\/\/api.w.org\/{rel}","templated":true}]}}