{"id":56648,"date":"2023-04-22T11:13:00","date_gmt":"2023-04-22T11:13:00","guid":{"rendered":"https:\/\/infotorrent.es\/?p=56648"},"modified":"2023-04-23T12:15:59","modified_gmt":"2023-04-23T12:15:59","slug":"torrent-celebra-la-vi-setmana-de-la-llengua-del-24-al-28-de-abril","status":"publish","type":"post","link":"https:\/\/infotorrent.es\/ca\/educacion-2\/torrent-celebra-la-vi-setmana-de-la-llengua-del-24-al-28-de-abril\/","title":{"rendered":"Torrent celebra la VI Setmana de la Llengua del 24 al 28 de abril"},"content":{"rendered":"\n<h5 class=\"wp-block-heading\">Les propostes de la setmana inclouen presentaci\u00f3 de llibres, lectura p\u00fablica, cinema i jocs populars i de taula en valenci\u00e0<\/h5>\n\n\n\n<h5 class=\"wp-block-heading\">El dijous 27, a la pla\u00e7a de Moralets, tindr\u00e0 lloc la lectura p\u00fablica de <em>M\u2019he enamorat d\u2019un ocupa<\/em>, obra guanyadora del XX Premi de Narrativa Juvenil Ciutat de Torrent<\/h5>\n\n\n\n<p>Des del 24 fins al 28 d\u2019abril Torrent celebrar\u00e0 la sisena edici\u00f3 de la Setmana de la Llengua, organitzada per l\u2019Ajuntament de Torrent a trav\u00e9s de l\u2019Oficina de Promoci\u00f3 i \u00das del Valenci\u00e0 en qu\u00e8 durant cinc dies oferir\u00e0 activitats i propostes per a promoure l\u2019\u00fas del valenci\u00e0 en molts \u00e0mbits.<\/p>\n\n\n\n<p>La programaci\u00f3 d\u2019enguany arrancar\u00e0 el dilluns 24 amb les projeccions en la sala d\u2019actes de l\u2019Ajuntament de Torrent de Cinema en valenci\u00e0 a l\u2019escola, que amplia la seua oferta per a arribar a l\u2019alumnat de cicles de prim\u00e0ria, ESO, batxiller i cicles formatius. En esta edici\u00f3, a m\u00e9s, s\u2019afig la projecci\u00f3 de la pel\u00b7l\u00edcula <em>Alcarr\u00e0s<\/em>, de Carla Simon (2022) en una sessi\u00f3 de cinema en valenci\u00e0 per a adults que tindr\u00e0 lloc el divendres 28 d\u2019abril a les 19 hores a la Casa de la Cultura amb una clara voluntat de promoure el valenci\u00e0 en un \u00e0mbit, el del cinema, en qu\u00e8 la pres\u00e8ncia de la llengua valenciana \u00e9s encara minorit\u00e0ria.<\/p>\n\n\n\n<figure class=\"wp-block-image size-large\"><img fetchpriority=\"high\" decoding=\"async\" width=\"1024\" height=\"602\" src=\"https:\/\/infotorrent.es\/wp-content\/uploads\/2023\/04\/image-8-1024x602.png\" alt=\"\" class=\"wp-image-56652\" srcset=\"https:\/\/infotorrent.es\/wp-content\/uploads\/2023\/04\/image-8-1024x602.png 1024w, https:\/\/infotorrent.es\/wp-content\/uploads\/2023\/04\/image-8-300x176.png 300w, https:\/\/infotorrent.es\/wp-content\/uploads\/2023\/04\/image-8-768x451.png 768w, https:\/\/infotorrent.es\/wp-content\/uploads\/2023\/04\/image-8.png 1043w\" sizes=\"(max-width: 1024px) 100vw, 1024px\" \/><\/figure>\n\n\n\n<p>Tamb\u00e9 la sala d\u2019actes de la Casa de la Cultura ser\u00e0 el lloc de presentaci\u00f3 de les obres guanyadores en l\u2019\u00faltima edici\u00f3 dels Premis Literaris Ciutat de Torrent.<\/p>\n\n\n\n<p>El dimarts 25, a les 19 hores de la vesprada, es presentar\u00e0 l\u2019obra guanyadora del XIII Premi de Poesia, <em>De la lenta espenta dels caragols<\/em>, de Carles Mulet i tamb\u00e9 s\u2019hi presentar\u00e0 l\u2019obra finalista del XX Premi de Narrativa Juvenil, <em>Onades de platamar<\/em>, d\u2019Ivan Iglesias, i l\u2019obra guanyadora <em>M\u2019he enamorat d\u2019un ocup<\/em>a, de Vicent Sanhermelando. Aquesta \u00faltima obra ser\u00e0 tamb\u00e9 protagonista de la jornada del dijous 27 d\u2019abril, en la lectura p\u00fablica que s\u2019ha organitzat en la pla\u00e7a de Moralets des de les 17.00 hores per a promoure la lectura en valenci\u00e0 i que est\u00e0 oberta a la participaci\u00f3 de qui ho desitge. La gent interessada a llegir eixe dia s\u2019ha d\u2019inscriure enviant un missatge a <a href=\"mailto:usvalencia@torrent.es\">usvalencia@torrent.es<\/a>. <\/p>\n\n\n\n<figure class=\"wp-block-image size-large\"><img decoding=\"async\" width=\"702\" height=\"1024\" src=\"https:\/\/infotorrent.es\/wp-content\/uploads\/2023\/04\/Setmana-de-la-llengua_23_Torrent-702x1024.png\" alt=\"\" class=\"wp-image-56649\" srcset=\"https:\/\/infotorrent.es\/wp-content\/uploads\/2023\/04\/Setmana-de-la-llengua_23_Torrent-702x1024.png 702w, https:\/\/infotorrent.es\/wp-content\/uploads\/2023\/04\/Setmana-de-la-llengua_23_Torrent-206x300.png 206w, https:\/\/infotorrent.es\/wp-content\/uploads\/2023\/04\/Setmana-de-la-llengua_23_Torrent-768x1120.png 768w, https:\/\/infotorrent.es\/wp-content\/uploads\/2023\/04\/Setmana-de-la-llengua_23_Torrent-1053x1536.png 1053w, https:\/\/infotorrent.es\/wp-content\/uploads\/2023\/04\/Setmana-de-la-llengua_23_Torrent-1404x2048.png 1404w\" sizes=\"(max-width: 702px) 100vw, 702px\" \/><\/figure>\n\n\n\n<p>El dimecres 26 d\u2019abril a la vesprada l\u2019Oficina de Promoci\u00f3 i \u00das del Valenci\u00e0 en col\u00b7laboraci\u00f3 amb la llibreria Abacus organitzar\u00e0 una sessi\u00f3 de jocs de taula en valenci\u00e0 amb el campionat del popular joc de cartes La Fallera Calavera. <\/p>\n\n\n\n<p>La programaci\u00f3 es completar\u00e0 el mat\u00ed del divendres 28, quan la pla\u00e7a de la Uni\u00f3 Musical es convertir\u00e0 en una gran zona de jocs populars valencians adaptats per a les escoles d\u2019educaci\u00f3 especial, per a posar fi aix\u00ed a una setmana plena de propostes en valenci\u00e0.<\/p>\n\n\n\n<p>La programaci\u00f3 completa de la VI Setmana de la Llengua \u00e9s la seg\u00fcent:<\/p>\n\n\n\n<p><strong>Dilluns 24 d\u2019abril<\/strong><\/p>\n\n\n\n<ul class=\"wp-block-list\">\n<li>Cinema en valenci\u00e0 a l\u2019escola. Supercuc (9.30 i 11.30 hores) Sala d\u2019actes de<br>l\u2019Ajuntament.<\/li>\n<\/ul>\n\n\n\n<p><strong>Dimarts 25 d\u2019abril<\/strong><\/p>\n\n\n\n<ul class=\"wp-block-list\">\n<li>Cinema en valenci\u00e0 a l\u2019escola. Llun\u00e0tics (9.15 i 11.30 hores) Sala d\u2019actes de<br>l\u2019Ajuntament.<\/li>\n\n\n\n<li>Presentaci\u00f3 dels llibres guanyadors dels Premis Literaris Ciutat de Torrent<br>XX Premi de Narrativa Juvenil. M\u2019he enamorat d\u2019un ocupa, de Vicent<br>Sanhermelando.<br>Finalista XX Premi de Narrativa Juvenil. Onades de platamar, d\u2019Ivan Iglesias.<br>XIII Premi de Poesia. De la lenta espenta dels caragols, de Carles Mulet.<\/li>\n<\/ul>\n\n\n\n<p><strong>Dimecres 26 d\u2019abril<\/strong><\/p>\n\n\n\n<ul class=\"wp-block-list\">\n<li>Cinema en valenci\u00e0 a l\u2019escola. Raya i l\u2019\u00faltim drac (9.15 i 11.30 hores) Sala<br>d\u2019actes de l\u2019Ajuntament.<\/li>\n\n\n\n<li>Campionat de la Fallera Calavera en la Llibreria Abacus (18.30 hores).<\/li>\n<\/ul>\n\n\n\n<p><strong>Dijous 27 d\u2019abril<\/strong><\/p>\n\n\n\n<ul class=\"wp-block-list\">\n<li>Cinema en valenci\u00e0 a l\u2019escola. Sota les estrelles de Par\u00eds (9.15 i 11.30 hores)<br>Sala d\u2019actes de l\u2019Ajuntament.<\/li>\n\n\n\n<li>Lectura p\u00fablica del llibre guanyador del XX Premi de Narrativa Juvenil.M\u2019he<br>enamorat d\u2019un ocupa, de Vicent Sanhermelando. Pla\u00e7a de Moralets (17 hores).<\/li>\n<\/ul>\n\n\n\n<p><strong>Divendres 28 d\u2019abril<\/strong><\/p>\n\n\n\n<ul class=\"wp-block-list\">\n<li>De mat\u00ed: Jornada de jocs populars valencians adaptats amb les escoles<br>d\u2019educaci\u00f3 especial. Pla\u00e7a de la Uni\u00f3 Musical<\/li>\n\n\n\n<li>Cinema en valenci\u00e0 per a adults. Alcarr\u00e0s (19 hores. Casa de la Cultura).<\/li>\n<\/ul>\n","protected":false},"excerpt":{"rendered":"<p>Les propostes de la setmana inclouen presentaci\u00f3 de llibres, lectura p\u00fablica, cinema i jocs populars i de taula en valenci\u00e0 El dijous 27, a la pla\u00e7a de Moralets, tindr\u00e0 lloc la lectura p\u00fablica de M\u2019he enamorat d\u2019un ocupa, obra guanyadora del XX Premi de Narrativa Juvenil Ciutat de Torrent Des del 24 fins al 28 [&hellip;]<\/p>\n","protected":false},"author":2,"featured_media":56652,"comment_status":"open","ping_status":"open","sticky":false,"template":"","format":"standard","meta":{"_acf_changed":false,"footnotes":""},"categories":[132],"tags":[],"class_list":["post-56648","post","type-post","status-publish","format-standard","has-post-thumbnail","hentry","category-educacion-2"],"acf":[],"_links":{"self":[{"href":"https:\/\/infotorrent.es\/ca\/wp-json\/wp\/v2\/posts\/56648","targetHints":{"allow":["GET"]}}],"collection":[{"href":"https:\/\/infotorrent.es\/ca\/wp-json\/wp\/v2\/posts"}],"about":[{"href":"https:\/\/infotorrent.es\/ca\/wp-json\/wp\/v2\/types\/post"}],"author":[{"embeddable":true,"href":"https:\/\/infotorrent.es\/ca\/wp-json\/wp\/v2\/users\/2"}],"replies":[{"embeddable":true,"href":"https:\/\/infotorrent.es\/ca\/wp-json\/wp\/v2\/comments?post=56648"}],"version-history":[{"count":2,"href":"https:\/\/infotorrent.es\/ca\/wp-json\/wp\/v2\/posts\/56648\/revisions"}],"predecessor-version":[{"id":56656,"href":"https:\/\/infotorrent.es\/ca\/wp-json\/wp\/v2\/posts\/56648\/revisions\/56656"}],"wp:featuredmedia":[{"embeddable":true,"href":"https:\/\/infotorrent.es\/ca\/wp-json\/wp\/v2\/media\/56652"}],"wp:attachment":[{"href":"https:\/\/infotorrent.es\/ca\/wp-json\/wp\/v2\/media?parent=56648"}],"wp:term":[{"taxonomy":"category","embeddable":true,"href":"https:\/\/infotorrent.es\/ca\/wp-json\/wp\/v2\/categories?post=56648"},{"taxonomy":"post_tag","embeddable":true,"href":"https:\/\/infotorrent.es\/ca\/wp-json\/wp\/v2\/tags?post=56648"}],"curies":[{"name":"wp","href":"https:\/\/api.w.org\/{rel}","templated":true}]}}