{"id":56618,"date":"2023-04-22T11:09:00","date_gmt":"2023-04-22T11:09:00","guid":{"rendered":"https:\/\/infotorrent.es\/uncategorized\/la-semana-de-las-personas-mayores-de-torrent-regresa-con-una-nueva-edicion-para-todos-los-gustos\/"},"modified":"2023-04-22T14:35:33","modified_gmt":"2023-04-22T14:35:33","slug":"la-semana-de-las-personas-mayores-de-torrent-regresa-con-una-nueva-edicion-para-todos-los-gustos","status":"publish","type":"post","link":"https:\/\/infotorrent.es\/ca\/bienestar-social-2\/la-semana-de-las-personas-mayores-de-torrent-regresa-con-una-nueva-edicion-para-todos-los-gustos\/","title":{"rendered":"La Setmana de les Persones Majors de Torrent regresa amb una nova edici\u00f3 per a tots els gustos"},"content":{"rendered":"\n<h5 class=\"wp-block-heading\"><strong>Del 24 al 28 de abril, el Centre de Majors Verge de l&#8217;Olivar acollir\u00e0 una completa i variada programaci\u00f3 d&#8217;activitats, que es complementaran amb una visita cultural al Museu d&#8217;Hist\u00f2ria de Val\u00e8ncia<\/strong><\/h5>\n\n\n\n<h5 class=\"wp-block-heading\"><strong>L&#8217;acte de clausura tindr\u00e0 lloc en l&#8217;\u00c0gora de Parc Central, on els i les asistentes podran disfrutar d&#8217;una paella i un espectacle musical<\/strong><\/h5>\n\n\n\n<p>La Setmana de les Persones Majors de Torrent torna amb una nova edici\u00f3 carregada d&#8217;activitats l\u00fadiques, culturals, festives i esportives, que es desenvolupar\u00e0 des de dilluns que ve 24 d&#8217;abril fins al divendres 28 d&#8217;abril, en la seua major part, en les depend\u00e8ncies del Centre de Majors Verge de l&#8217;Olivar, a excepci\u00f3 de l&#8217;acte de clausura programat en l&#8217;\u00c0gora de Parc Central i una visita cultural al Museu d&#8217;Hist\u00f2ria de Val\u00e8ncia.<\/p>\n\n\n\n<figure class=\"wp-block-image size-large\"><img fetchpriority=\"high\" decoding=\"async\" width=\"1024\" height=\"670\" src=\"https:\/\/infotorrent.es\/wp-content\/uploads\/2023\/04\/image-5-1024x670.png\" alt=\"\" class=\"wp-image-56625\" srcset=\"https:\/\/infotorrent.es\/wp-content\/uploads\/2023\/04\/image-5-1024x670.png 1024w, https:\/\/infotorrent.es\/wp-content\/uploads\/2023\/04\/image-5-300x196.png 300w, https:\/\/infotorrent.es\/wp-content\/uploads\/2023\/04\/image-5-768x503.png 768w, https:\/\/infotorrent.es\/wp-content\/uploads\/2023\/04\/image-5.png 1187w\" sizes=\"(max-width: 1024px) 100vw, 1024px\" \/><\/figure>\n\n\n\n<p><strong>\u201cDespr\u00e9s d&#8217;uns anys un poc dif\u00edcils, en els quals no hem pogut organitzar aquesta setmana per la seguretat dels nostres majors, estem molt contents de tornar a celebrar aquesta edici\u00f3 amb total normalitat, ja que ens permet donar-li el protagonisme que mereixen a les persones majors de la nostra ciutat i reivindicar el seu paper en la nostra societat\u201d<\/strong>, destaca el regidor d&#8217;Atenci\u00f3 a les Persones Majors, Jos\u00e9 Antonio Castillejo, qui tamb\u00e9 explica que <strong>\u201chem dissenyat la programaci\u00f3 perqu\u00e8<br>siga inclusiva, oferint activitats molt variades i per a tots els gustos, de manera que qualsevol persona puga participar\u201d<\/strong>.<\/p>\n\n\n\n<figure class=\"wp-block-image size-large\"><img decoding=\"async\" width=\"723\" height=\"1024\" src=\"https:\/\/infotorrent.es\/wp-content\/uploads\/2023\/04\/image-3-723x1024.png\" alt=\"\" class=\"wp-image-56612\" srcset=\"https:\/\/infotorrent.es\/wp-content\/uploads\/2023\/04\/image-3-723x1024.png 723w, https:\/\/infotorrent.es\/wp-content\/uploads\/2023\/04\/image-3-212x300.png 212w, https:\/\/infotorrent.es\/wp-content\/uploads\/2023\/04\/image-3-768x1087.png 768w, https:\/\/infotorrent.es\/wp-content\/uploads\/2023\/04\/image-3-1085x1536.png 1085w, https:\/\/infotorrent.es\/wp-content\/uploads\/2023\/04\/image-3.png 1196w\" sizes=\"(max-width: 723px) 100vw, 723px\" \/><\/figure>\n\n\n\n<p>D&#8217;aquesta manera, dilluns que ve, a les 10.30, tindr\u00e0 lloc l&#8217;acte d&#8217;inauguraci\u00f3 de la Setmana de les Persones Majors de Torrent en el Centre de Majors Verge de l&#8217;Olivar, donant, aix\u00ed, el tret d&#8217;eixida a una setmana d&#8217;activitats que inclou exposicions de pintura i fotografia, tallers ocupacionals, exhibicions de t\u00e8cniques orientals, classes de defensa personal, tallers de dansa, desfilades de moda o espectacles musicals, entre altres.<\/p>\n\n\n\n<p>El programa de actividades \u00e9s el seg\u00fcent:<br><br><strong>DILLUNS 24 D&#8217;ABRIL<\/strong><br><\/p>\n\n\n\n<p>10.30 h \u2013 Inauguraci\u00f3 de la Setmana de les Persones Majors de Torrent. Discursos d&#8217;Obertura (Centre de Majors Verge de l&#8217;Olivar) <br>Presentaci\u00f3 de l&#8217;exposici\u00f3 d&#8217;Art i Creativitat (Centre de Majors Verge de l&#8217;Olivar) Inclou exposicions de:<\/p>\n\n\n\n<ul class=\"wp-block-list\">\n<li>Pintura i Fotografia<\/li>\n\n\n\n<li>Tallers Ocupacionals<\/li>\n\n\n\n<li>Taller de Reciclatge<\/li>\n\n\n\n<li>Tallers de Casa de la Dona: Punt de ganxo<\/li>\n\n\n\n<li>Exhibici\u00f3 Grup de T\u00e9cnicas Orientales per a qui vullga apuntar-se<br><\/li>\n<\/ul>\n\n\n\n<p>11.00 h \u2013 Exposici\u00f3 d&#8217;Art i Creativitat (Centre de Majors Verge de l&#8217;Olivar)<br>Inclou exposicions de: Fotografia i Dibuix, Tallers de Manualitats dels Centres Municipals de Torrent, exposici\u00f3 del Taller de Reciclatge T\u00e8xtil, Taller de punt de ganxo del grup de Casa de la Dona, exposici\u00f3 de Tallers de fusta a c\u00e0rrec Jos\u00e9 Poveda i exposici\u00f3 d&#8217;escultura a c\u00e0rrec de V\u00edctor L\u00f3pez.<br>11.30 h \u2013 Exhibici\u00f3 t\u00e8cniques orientals a l&#8217;aire lliure (Centre de Majors Verge de l&#8217;Olivar)<br>17.00 h \u2013 Taller de danses africanes Musol (Pati del Centre de Majors Verge de l&#8217;Olivar)<\/p>\n\n\n\n<p><strong>DIMARTS 25 ABRIL<\/strong><br>10.00 h \u2013 Visita cultural al Museu de Hist\u00f2ria de Val\u00e9ncia (Programa Oci Educatiu). Exposici\u00f3 Interactiva de Gremis i Oficis de la Val\u00e8ncia Medieval. Eixida a les 10.00h desde la plaza Corts Valencianes (Necess\u00e0ria inscripci\u00f3 pr\u00e8via, places limitades)<br><br>17.30 h \u2013 Taller intergeneracional de Tik Tok en colaboraci\u00f3 amb el CIJ<br>de Torrent (Sala Polivalent del Centre de Majors Verge de l&#8217;Olivar)<br><\/p>\n\n\n\n<p><strong>MI\u00c9RCOLES 26 ABRIL<\/strong><br>11.00 h \u2013 Clase te\u00f2ric-pr\u00e0ctica de defensa personal i mesures d&#8217;autoprotecci\u00f3 impartida per Gonzalo Carratal\u00e1. (Centre de Majors Verge de l&#8217;Olivar)<br>17.00 h \u2013 Espectacle de playbacks a c\u00e0rrec del grup de teatro Verge de l&#8217;Olivar. Entrega de premis de petanca i berenar. (Pati del Centre de Majors Verge de l&#8217;Olivar)<br><\/p>\n\n\n\n<p><strong>DIJOUS 27 ABRIL<\/strong><br>17.00 h \u2013 Desfilada de moda \u2018Loli Peluquer\u00eda\u2019. A continuaci\u00f3 berenar. (Centre de Majors Verge de l&#8217;Olivar)<br><\/p>\n\n\n\n<p><strong>DIVENDRES 28 ABRIL<\/strong><br>14.00 h \u2013 Acte de clausura amb dinar (paellas) i espectacle c\u00f3mic musical amb Jsaxo SHOWMAN &amp; M\u00daSIC. Necessari ticket, que es pot arreplegar mitjan\u00e7ant les Juntes Municipals de Centres de Persones<br>Majors. (\u00c0gora de Parc Central)<\/p>\n","protected":false},"excerpt":{"rendered":"<p>Del 24 al 28 de abril, el Centre de Majors Verge de l&#8217;Olivar acollir\u00e0 una completa i variada programaci\u00f3 d&#8217;activitats, que es complementaran amb una visita cultural al Museu d&#8217;Hist\u00f2ria de Val\u00e8ncia L&#8217;acte de clausura tindr\u00e0 lloc en l&#8217;\u00c0gora de Parc Central, on els i les asistentes podran disfrutar d&#8217;una paella i un espectacle musical [&hellip;]<\/p>\n","protected":false},"author":2,"featured_media":56629,"comment_status":"open","ping_status":"open","sticky":false,"template":"","format":"standard","meta":{"_acf_changed":false,"footnotes":""},"categories":[128],"tags":[],"class_list":["post-56618","post","type-post","status-publish","format-standard","has-post-thumbnail","hentry","category-bienestar-social-2"],"acf":[],"_links":{"self":[{"href":"https:\/\/infotorrent.es\/ca\/wp-json\/wp\/v2\/posts\/56618","targetHints":{"allow":["GET"]}}],"collection":[{"href":"https:\/\/infotorrent.es\/ca\/wp-json\/wp\/v2\/posts"}],"about":[{"href":"https:\/\/infotorrent.es\/ca\/wp-json\/wp\/v2\/types\/post"}],"author":[{"embeddable":true,"href":"https:\/\/infotorrent.es\/ca\/wp-json\/wp\/v2\/users\/2"}],"replies":[{"embeddable":true,"href":"https:\/\/infotorrent.es\/ca\/wp-json\/wp\/v2\/comments?post=56618"}],"version-history":[{"count":4,"href":"https:\/\/infotorrent.es\/ca\/wp-json\/wp\/v2\/posts\/56618\/revisions"}],"predecessor-version":[{"id":56628,"href":"https:\/\/infotorrent.es\/ca\/wp-json\/wp\/v2\/posts\/56618\/revisions\/56628"}],"wp:featuredmedia":[{"embeddable":true,"href":"https:\/\/infotorrent.es\/ca\/wp-json\/wp\/v2\/media\/56629"}],"wp:attachment":[{"href":"https:\/\/infotorrent.es\/ca\/wp-json\/wp\/v2\/media?parent=56618"}],"wp:term":[{"taxonomy":"category","embeddable":true,"href":"https:\/\/infotorrent.es\/ca\/wp-json\/wp\/v2\/categories?post=56618"},{"taxonomy":"post_tag","embeddable":true,"href":"https:\/\/infotorrent.es\/ca\/wp-json\/wp\/v2\/tags?post=56618"}],"curies":[{"name":"wp","href":"https:\/\/api.w.org\/{rel}","templated":true}]}}