{"id":56592,"date":"2023-04-22T09:11:00","date_gmt":"2023-04-22T09:11:00","guid":{"rendered":"https:\/\/infotorrent.es\/uncategorized\/torrent-se-vuelca-en-la-lucha-contra-el-cancer\/"},"modified":"2023-04-22T13:26:49","modified_gmt":"2023-04-22T13:26:49","slug":"torrent-se-vuelca-en-la-lucha-contra-el-cancer","status":"publish","type":"post","link":"https:\/\/infotorrent.es\/ca\/solidaridad-ca\/torrent-se-vuelca-en-la-lucha-contra-el-cancer\/","title":{"rendered":"Torrent es bolca en la lluita contra el c\u00e0ncer"},"content":{"rendered":"\n<h5 class=\"wp-block-heading\">Durant les jornades del divendres i el dissabte, la ciutadania podr\u00e0 col\u00b7laborar en la cuestaci\u00f3 anual que organitza l&#8217;Associaci\u00f3 Contra el C\u00e0ncer de Torrent amb l&#8217;objectiu de recaptar fons en la lluita contra aquestamalaltia<\/h5>\n\n\n\n<p>Un any m\u00e9s, l&#8217;Associaci\u00f3 Contra el C\u00e0ncer de Torrent organitza la seua cuestaci\u00f3 anual que, com sempre, comptar\u00e0 amb el suport de la ciutadania torrentina i el moviment associatiu de la ciutat, units en aquesta iniciativa solid\u00e0ria amb l&#8217;objectiu de recaptar fons per a la lluita contra aquesta malaltia. Aix\u00ed, durant la jornada de dem\u00e0 i la del dissabte, de 9.00 a 13:30h, els carrers de Torrent s&#8217;ompliran de taules on la ciutadania podr\u00e0 realitzar la seua col\u00b7laboraci\u00f3, amb m\u00e9s de 40 taules distribu\u00efdes en diferents punts al voltant de la ciutat per a acostar la campanya als diversos barris de la capital de L&#8217;Horta Sud.<\/p>\n\n\n\n<figure class=\"wp-block-image size-large\"><img fetchpriority=\"high\" decoding=\"async\" width=\"1024\" height=\"661\" src=\"https:\/\/infotorrent.es\/wp-content\/uploads\/2023\/04\/Pantalla-Cuestacion-03-1024x661.png\" alt=\"\" class=\"wp-image-56588\" srcset=\"https:\/\/infotorrent.es\/wp-content\/uploads\/2023\/04\/Pantalla-Cuestacion-03-1024x661.png 1024w, https:\/\/infotorrent.es\/wp-content\/uploads\/2023\/04\/Pantalla-Cuestacion-03-300x194.png 300w, https:\/\/infotorrent.es\/wp-content\/uploads\/2023\/04\/Pantalla-Cuestacion-03-768x496.png 768w, https:\/\/infotorrent.es\/wp-content\/uploads\/2023\/04\/Pantalla-Cuestacion-03.png 1401w\" sizes=\"(max-width: 1024px) 100vw, 1024px\" \/><\/figure>\n\n\n\n<p>Aix\u00ed, en aquesta edici\u00f3 participaran la Junta Local de l&#8217;Associaci\u00f3 Contra el C\u00e0ncer de Torrent, les col\u00b7laboradores i volunt\u00e0ries, les comissions falleres, la Junta Central Fallera, la Reina de la Trobada i les seues cambreres, la Federaci\u00f3 de Moros i Cristians, la Musa de la M\u00fasica de la Uni\u00f3 Musical, l&#8217;Associaci\u00f3<br>T\u00e8cniques Orientals, Cors Oberts, ARTIC, ADISTO, Solidaritat Torrent, l&#8217;Associaci\u00f3 de Mestresses de casa i Consumidors de Torrent, el Centre Cultural Rociero Andal\u00faz de Torrent, l&#8217;Associaci\u00f3 d&#8217;Amics de la Cultura Andalusa, l&#8217;Associaci\u00f3 Uni\u00f3 Extremenya i l&#8217;Associaci\u00f3 Cultural de Castella-la Manxa.<\/p>\n","protected":false},"excerpt":{"rendered":"<p>Durant les jornades del divendres i el dissabte, la ciutadania podr\u00e0 col\u00b7laborar en la cuestaci\u00f3 anual que organitza l&#8217;Associaci\u00f3 Contra el C\u00e0ncer de Torrent amb l&#8217;objectiu de recaptar fons en la lluita contra aquestamalaltia Un any m\u00e9s, l&#8217;Associaci\u00f3 Contra el C\u00e0ncer de Torrent organitza la seua cuestaci\u00f3 anual que, com sempre, comptar\u00e0 amb el suport [&hellip;]<\/p>\n","protected":false},"author":2,"featured_media":56596,"comment_status":"open","ping_status":"open","sticky":false,"template":"","format":"standard","meta":{"_acf_changed":false,"footnotes":""},"categories":[1147],"tags":[],"class_list":["post-56592","post","type-post","status-publish","format-standard","has-post-thumbnail","hentry","category-solidaridad-ca"],"acf":[],"_links":{"self":[{"href":"https:\/\/infotorrent.es\/ca\/wp-json\/wp\/v2\/posts\/56592","targetHints":{"allow":["GET"]}}],"collection":[{"href":"https:\/\/infotorrent.es\/ca\/wp-json\/wp\/v2\/posts"}],"about":[{"href":"https:\/\/infotorrent.es\/ca\/wp-json\/wp\/v2\/types\/post"}],"author":[{"embeddable":true,"href":"https:\/\/infotorrent.es\/ca\/wp-json\/wp\/v2\/users\/2"}],"replies":[{"embeddable":true,"href":"https:\/\/infotorrent.es\/ca\/wp-json\/wp\/v2\/comments?post=56592"}],"version-history":[{"count":2,"href":"https:\/\/infotorrent.es\/ca\/wp-json\/wp\/v2\/posts\/56592\/revisions"}],"predecessor-version":[{"id":56597,"href":"https:\/\/infotorrent.es\/ca\/wp-json\/wp\/v2\/posts\/56592\/revisions\/56597"}],"wp:featuredmedia":[{"embeddable":true,"href":"https:\/\/infotorrent.es\/ca\/wp-json\/wp\/v2\/media\/56596"}],"wp:attachment":[{"href":"https:\/\/infotorrent.es\/ca\/wp-json\/wp\/v2\/media?parent=56592"}],"wp:term":[{"taxonomy":"category","embeddable":true,"href":"https:\/\/infotorrent.es\/ca\/wp-json\/wp\/v2\/categories?post=56592"},{"taxonomy":"post_tag","embeddable":true,"href":"https:\/\/infotorrent.es\/ca\/wp-json\/wp\/v2\/tags?post=56592"}],"curies":[{"name":"wp","href":"https:\/\/api.w.org\/{rel}","templated":true}]}}