{"id":56576,"date":"2023-04-22T10:06:00","date_gmt":"2023-04-22T10:06:00","guid":{"rendered":"https:\/\/infotorrent.es\/uncategorized\/la-feria-concurso-de-modelismo-de-torrent-recibe-mas-de-5-mil-visitantes-convertida-en-un-referente-del-sector\/"},"modified":"2023-04-22T13:01:51","modified_gmt":"2023-04-22T13:01:51","slug":"la-feria-concurso-de-modelismo-de-torrent-recibe-mas-de-5-mil-visitantes-convertida-en-un-referente-del-sector","status":"publish","type":"post","link":"https:\/\/infotorrent.es\/ca\/cultura-es-2\/la-feria-concurso-de-modelismo-de-torrent-recibe-mas-de-5-mil-visitantes-convertida-en-un-referente-del-sector\/","title":{"rendered":"La Fira Concurs de Modelisme de Torrent rep m\u00e9s de 5 mil visitants convertida en un referent del sector"},"content":{"rendered":"\n<h5 class=\"wp-block-heading\">La Fira va reunir a m\u00e9s de 30 expositors amb representaci\u00f3 d&#8217;It\u00e0lia, Fran\u00e7a, Pol\u00f2nia o el L\u00edban<\/h5>\n\n\n\n<h5 class=\"wp-block-heading\">Vicente Sari\u00f3 i Pedro Alfonso van rebre el trofeu President de la Generalitat<\/h5>\n\n\n\n<p>El Centre Comercial Les Am\u00e8riques va ser la seu del Concurs i Fira de Modelisme, esdeveniment organitzat per l&#8217;Associaci\u00f3 Modelsita de Torrent, que va atraure un any m\u00e9s les mirades de curiosos, aficionats i professionals d&#8217;aquesta disciplina. M\u00e9s de 5.000 persones es van donar cita al llarg del cap de setmana en la galeria comercial, en un esdeveniment que tamb\u00e9 va comptar amb la pres\u00e8ncia de m\u00e9s de 30 expositors en una fira que posa en contacte a professionals i aficionats, i que ja s&#8217;ha convertit en un referent del sector a nivell europeu.<\/p>\n\n\n\n<figure class=\"wp-block-image size-large\"><img fetchpriority=\"high\" decoding=\"async\" width=\"1024\" height=\"683\" src=\"https:\/\/infotorrent.es\/wp-content\/uploads\/2023\/04\/Modelistas-torrent-13-1024x683.jpg\" alt=\"\" class=\"wp-image-56568\" srcset=\"https:\/\/infotorrent.es\/wp-content\/uploads\/2023\/04\/Modelistas-torrent-13-1024x683.jpg 1024w, https:\/\/infotorrent.es\/wp-content\/uploads\/2023\/04\/Modelistas-torrent-13-300x200.jpg 300w, https:\/\/infotorrent.es\/wp-content\/uploads\/2023\/04\/Modelistas-torrent-13-768x512.jpg 768w, https:\/\/infotorrent.es\/wp-content\/uploads\/2023\/04\/Modelistas-torrent-13-1536x1024.jpg 1536w, https:\/\/infotorrent.es\/wp-content\/uploads\/2023\/04\/Modelistas-torrent-13.jpg 2048w\" sizes=\"(max-width: 1024px) 100vw, 1024px\" \/><\/figure>\n\n\n\n<p><br><\/p>\n\n\n\n<p>Per la seua banda, l&#8217;exposici\u00f3 inaugurada el dissabte va reunir m\u00e9s de mil maquetes de les quals 873 van participar en competici\u00f3. Com \u00e9s habitual, els diorames i figures presentades van incloure tem\u00e0tiques diverses, des de les representacions d&#8217;escenes hist\u00f2riques fins a la recreaci\u00f3 de mons fant\u00e0stics i de ci\u00e8ncia-ficci\u00f3, o escenes costumistes. Fins a Torrent es van despla\u00e7ar modelistes arribats de tots els racons de la geografia espanyola, i tamb\u00e9 de pa\u00efsos europeus com Pol\u00f2nia, Fran\u00e7a, It\u00e0lia i fins i tot d&#8217;uns altres m\u00e9s llunyans com el L\u00edban.<\/p>\n\n\n\n<figure class=\"wp-block-image size-large\"><img decoding=\"async\" width=\"1024\" height=\"683\" src=\"https:\/\/infotorrent.es\/wp-content\/uploads\/2023\/04\/Modelistas-torrent-11-1024x683.jpg\" alt=\"\" class=\"wp-image-56561\" srcset=\"https:\/\/infotorrent.es\/wp-content\/uploads\/2023\/04\/Modelistas-torrent-11-1024x683.jpg 1024w, https:\/\/infotorrent.es\/wp-content\/uploads\/2023\/04\/Modelistas-torrent-11-300x200.jpg 300w, https:\/\/infotorrent.es\/wp-content\/uploads\/2023\/04\/Modelistas-torrent-11-768x512.jpg 768w, https:\/\/infotorrent.es\/wp-content\/uploads\/2023\/04\/Modelistas-torrent-11-1536x1024.jpg 1536w, https:\/\/infotorrent.es\/wp-content\/uploads\/2023\/04\/Modelistas-torrent-11.jpg 2048w\" sizes=\"(max-width: 1024px) 100vw, 1024px\" \/><\/figure>\n\n\n\n<p>La Fira va tancar les portes d&#8217;aquesta edici\u00f3 el diumenge de mat\u00ed amb el lliurament dels premis a les millors peces presentades a concurs. El trofeu President de la Generalitat va ser per a Vicente Sari\u00f3 i Pedro Adolfo.<\/p>\n\n\n\n<figure class=\"wp-block-image size-full\"><img decoding=\"async\" width=\"827\" height=\"620\" src=\"https:\/\/infotorrent.es\/wp-content\/uploads\/2023\/04\/image.png\" alt=\"\" class=\"wp-image-56563\" srcset=\"https:\/\/infotorrent.es\/wp-content\/uploads\/2023\/04\/image.png 827w, https:\/\/infotorrent.es\/wp-content\/uploads\/2023\/04\/image-300x225.png 300w, https:\/\/infotorrent.es\/wp-content\/uploads\/2023\/04\/image-768x576.png 768w\" sizes=\"(max-width: 827px) 100vw, 827px\" \/><\/figure>\n\n\n\n<figure class=\"wp-block-image size-full\"><img loading=\"lazy\" decoding=\"async\" width=\"827\" height=\"620\" src=\"https:\/\/infotorrent.es\/wp-content\/uploads\/2023\/04\/image-1.png\" alt=\"\" class=\"wp-image-56565\" srcset=\"https:\/\/infotorrent.es\/wp-content\/uploads\/2023\/04\/image-1.png 827w, https:\/\/infotorrent.es\/wp-content\/uploads\/2023\/04\/image-1-300x225.png 300w, https:\/\/infotorrent.es\/wp-content\/uploads\/2023\/04\/image-1-768x576.png 768w\" sizes=\"(max-width: 827px) 100vw, 827px\" \/><\/figure>\n\n\n\n<p>El trofeu Memorial Jos\u00e9 Lu\u00eds Mu\u00f1oz, que premia la millor pe\u00e7a de tem\u00e1tica napole\u00f3nica, va anar a mans de Gustavo Gil. El llistat complet de premiats i les fotografies de les peces es podran consultar pr\u00f3ximament en el lloc web de l&#8217;associaci\u00f3: http:\/\/amttorrent.org\/<\/p>\n","protected":false},"excerpt":{"rendered":"<p>La Fira va reunir a m\u00e9s de 30 expositors amb representaci\u00f3 d&#8217;It\u00e0lia, Fran\u00e7a, Pol\u00f2nia o el L\u00edban Vicente Sari\u00f3 i Pedro Alfonso van rebre el trofeu President de la Generalitat El Centre Comercial Les Am\u00e8riques va ser la seu del Concurs i Fira de Modelisme, esdeveniment organitzat per l&#8217;Associaci\u00f3 Modelsita de Torrent, que va atraure [&hellip;]<\/p>\n","protected":false},"author":2,"featured_media":56570,"comment_status":"open","ping_status":"open","sticky":false,"template":"","format":"standard","meta":{"_acf_changed":false,"footnotes":""},"categories":[126],"tags":[],"class_list":["post-56576","post","type-post","status-publish","format-standard","has-post-thumbnail","hentry","category-cultura-es-2"],"acf":[],"_links":{"self":[{"href":"https:\/\/infotorrent.es\/ca\/wp-json\/wp\/v2\/posts\/56576","targetHints":{"allow":["GET"]}}],"collection":[{"href":"https:\/\/infotorrent.es\/ca\/wp-json\/wp\/v2\/posts"}],"about":[{"href":"https:\/\/infotorrent.es\/ca\/wp-json\/wp\/v2\/types\/post"}],"author":[{"embeddable":true,"href":"https:\/\/infotorrent.es\/ca\/wp-json\/wp\/v2\/users\/2"}],"replies":[{"embeddable":true,"href":"https:\/\/infotorrent.es\/ca\/wp-json\/wp\/v2\/comments?post=56576"}],"version-history":[{"count":5,"href":"https:\/\/infotorrent.es\/ca\/wp-json\/wp\/v2\/posts\/56576\/revisions"}],"predecessor-version":[{"id":56586,"href":"https:\/\/infotorrent.es\/ca\/wp-json\/wp\/v2\/posts\/56576\/revisions\/56586"}],"wp:featuredmedia":[{"embeddable":true,"href":"https:\/\/infotorrent.es\/ca\/wp-json\/wp\/v2\/media\/56570"}],"wp:attachment":[{"href":"https:\/\/infotorrent.es\/ca\/wp-json\/wp\/v2\/media?parent=56576"}],"wp:term":[{"taxonomy":"category","embeddable":true,"href":"https:\/\/infotorrent.es\/ca\/wp-json\/wp\/v2\/categories?post=56576"},{"taxonomy":"post_tag","embeddable":true,"href":"https:\/\/infotorrent.es\/ca\/wp-json\/wp\/v2\/tags?post=56576"}],"curies":[{"name":"wp","href":"https:\/\/api.w.org\/{rel}","templated":true}]}}