{"id":56522,"date":"2023-04-12T08:14:02","date_gmt":"2023-04-12T08:14:02","guid":{"rendered":"https:\/\/infotorrent.es\/uncategorized\/torrent-estrena-la-ii-mostra-de-cinema-i-falles\/"},"modified":"2023-04-13T08:24:13","modified_gmt":"2023-04-13T08:24:13","slug":"torrent-estrena-la-ii-mostra-de-cinema-i-falles","status":"publish","type":"post","link":"https:\/\/infotorrent.es\/ca\/festes-i-tradicions-2\/torrent-estrena-la-ii-mostra-de-cinema-i-falles\/","title":{"rendered":"Torrent estrena la II Mostra de Cinema i Falles"},"content":{"rendered":"\n<p><br><strong>La sala d&#8217;actes de l&#8217;Ajuntament de Torrent acollir\u00e0 novament aquesta segona edici\u00f3 del festival, que oferir\u00e0 del 18 al 21 una selecci\u00f3 del millor cinema faller<\/strong><\/p>\n\n\n\n<p><strong><br>Les sessions seran gratu\u00eftes i se celebraran tots els dies a les 19:30h fins a completar l&#8217;aforament<\/strong><\/p>\n\n\n\n<p><br>El cinema i el m\u00f3n faller tornen a unir forces en la II&nbsp;Mostra de&nbsp;Cinema i Falles de Torrent, el cicle de projeccions impulsat per&nbsp;SomCOM en col\u00b7laboraci\u00f3 amb l&#8217;Ajuntament de Torrent i Junta Local Fallera, que per segon any consecutiu oferir\u00e0 una selecci\u00f3 del millor cinema faller en la capital de L&#8217;Horta&nbsp;Sud i prendr\u00e0 la metxa de l&#8217;exercici faller 2023-24. Aquesta segona edici\u00f3 es desenvolupar\u00e0 del 18 al 21 d&#8217;abril, novament, en la sala d&#8217;actes de l&#8217;edifici consistorial, oferint quatre sessions, totes a les 19:30h, on la figura de l&#8217;artista faller ser\u00e0 la gran protagonista. L&#8217;entrada ser\u00e0 gratu\u00efta fins a completar l&#8217;aforament, i el p\u00fablic assistent entrar\u00e0 en el sorteig de diferents premis aportats per les diferents entitats&nbsp;torrentines que col\u00b7laboren en el festival.<\/p>\n\n\n\n<p><br>Un dels plats principals de la II&nbsp;Mostra de&nbsp;Cinema i Falles de Torrent \u00e9s l&#8217;estrena exclusiva del documental \u201cResponsabilidad en llamas\u201d, protagonitzat per l&#8217;artista faller Ra\u00fal Mart\u00ednez i dirigit per&nbsp;Stella Blasco, que obrir\u00e0 el festival el pr\u00f2xim 18 d&#8217;abril a les 19:30h. A trav\u00e9s d&#8217;aquesta pe\u00e7a podrem con\u00e8ixer la vida i obra de Ra\u00fal Mart\u00ednez, un artista que ha revolucionat amb el seu treball el sector i que s&#8217;endinsa en una profunda reflexi\u00f3 sobre el present i el futur de l&#8217;ofici d&#8217;artista faller, incidint especialment en el gir art\u00edstic que ha donat recentment a la seua carrera.<\/p>\n\n\n\n<p><br>La sessi\u00f3 del dia 19 estar\u00e0 protagonitzada per un altre prestigi\u00f3s artista faller, Manolo Garc\u00eda, que enguany ha sigut el responsable de plantar la falla municipal de Val\u00e8ncia amb el seu projecte \u201cCardiodiversi\u00f3 valenciana\u201d juntament amb Marina Puche. \u201cL\u2019art de la fusta\u2019 \u00e9s un curtmetratge documental dirigit per Ernest J.&nbsp;Sorrentino i basat en la figura de Manolo Garc\u00eda, l&#8217;\u00faltim fuster artes\u00e0 que utilitza la&nbsp;vareta en la Comunitat Valenciana.<\/p>\n\n\n\n<p><br>La mostra continuar\u00e0 el dia 20 d&#8217;abril oferint al p\u00fablic el documental \u201cEquilibri\u201d, del director Batiste Miguel, el qual desgrana una de les figures m\u00e9s rellevants del&nbsp;Street&nbsp;art en l&#8217;actualitat,&nbsp;Okuda San Miguel, qui va sorprendre el m\u00f3n sencer amb un monument faller innovador, d&#8217;estil surrealista i colorit, que va suposar un gran bufe d&#8217;aire fresc en un context en el qual la tradici\u00f3 preval sobre qualsevol cosa.<\/p>\n\n\n\n<p><br>La clausura del festival ser\u00e0 a c\u00e0rrec de la directora Joana&nbsp;Chilet i la seua obra \u201cRegino Mas, l\u2019art del&nbsp;foc\u201d, que brindar\u00e0 a l&#8217;espectador un viatge \u00edntim per la hist\u00f2ria i mem\u00f2ria de les Falles de Val\u00e8ncia al llarg del segle XX, i tot aix\u00f2 a trav\u00e9s de la vida i obra d&#8217;un dels artistes fallers m\u00e9s influents de la hist\u00f2ria,&nbsp;Regino Mas.<\/p>\n\n\n\n<p><br>Aix\u00ed mateix, com a novetat enguany la Falla Nicolau Andreu col\u00b7laborar\u00e0 amb el festival aportant una selecci\u00f3 de les millors obres del concurs de curtmetratges que organitza la pr\u00f2pia comissi\u00f3 des de fa 10 anys, i, fruit de la col\u00b7laboraci\u00f3 amb Nova\u00a0llibres, el 22 d&#8217;abril tindr\u00e0 lloc una sessi\u00f3 extra de\u00a0cineforum dedicada \u00edntegrament a aquest mateix concurs de curtmetratges.<\/p>\n\n\n\n<p><\/p>\n\n\n\n<figure class=\"wp-block-gallery has-nested-images columns-default is-cropped wp-block-gallery-1 is-layout-flex wp-block-gallery-is-layout-flex\">\n<figure class=\"wp-block-image\"><img decoding=\"async\" src=\"blob:https:\/\/infotorrent.es\/daad15a2-1231-42a8-8c8a-ff7bb188f627\" alt=\"\"\/><\/figure>\n\n\n\n<figure class=\"wp-block-image\"><img decoding=\"async\" src=\"blob:https:\/\/infotorrent.es\/e962c8d8-dbb8-41a7-be61-b5637276b861\" alt=\"\"\/><\/figure>\n\n\n\n<figure class=\"wp-block-image\"><img decoding=\"async\" src=\"blob:https:\/\/infotorrent.es\/b66829be-5380-48a6-8ece-a916507e6eb3\" alt=\"\"\/><\/figure>\n<\/figure>\n","protected":false},"excerpt":{"rendered":"<p>La sala d&#8217;actes de l&#8217;Ajuntament de Torrent acollir\u00e0 novament aquesta segona edici\u00f3 del festival, que oferir\u00e0 del 18 al 21 una selecci\u00f3 del millor cinema faller Les sessions seran gratu\u00eftes i se celebraran tots els dies a les 19:30h fins a completar l&#8217;aforament El cinema i el m\u00f3n faller tornen a unir forces en la [&hellip;]<\/p>\n","protected":false},"author":2,"featured_media":56520,"comment_status":"open","ping_status":"open","sticky":false,"template":"","format":"standard","meta":{"_acf_changed":false,"footnotes":""},"categories":[156,126],"tags":[],"class_list":["post-56522","post","type-post","status-publish","format-standard","has-post-thumbnail","hentry","category-festes-i-tradicions-2","category-cultura-es-2"],"acf":[],"_links":{"self":[{"href":"https:\/\/infotorrent.es\/ca\/wp-json\/wp\/v2\/posts\/56522","targetHints":{"allow":["GET"]}}],"collection":[{"href":"https:\/\/infotorrent.es\/ca\/wp-json\/wp\/v2\/posts"}],"about":[{"href":"https:\/\/infotorrent.es\/ca\/wp-json\/wp\/v2\/types\/post"}],"author":[{"embeddable":true,"href":"https:\/\/infotorrent.es\/ca\/wp-json\/wp\/v2\/users\/2"}],"replies":[{"embeddable":true,"href":"https:\/\/infotorrent.es\/ca\/wp-json\/wp\/v2\/comments?post=56522"}],"version-history":[{"count":2,"href":"https:\/\/infotorrent.es\/ca\/wp-json\/wp\/v2\/posts\/56522\/revisions"}],"predecessor-version":[{"id":56537,"href":"https:\/\/infotorrent.es\/ca\/wp-json\/wp\/v2\/posts\/56522\/revisions\/56537"}],"wp:featuredmedia":[{"embeddable":true,"href":"https:\/\/infotorrent.es\/ca\/wp-json\/wp\/v2\/media\/56520"}],"wp:attachment":[{"href":"https:\/\/infotorrent.es\/ca\/wp-json\/wp\/v2\/media?parent=56522"}],"wp:term":[{"taxonomy":"category","embeddable":true,"href":"https:\/\/infotorrent.es\/ca\/wp-json\/wp\/v2\/categories?post=56522"},{"taxonomy":"post_tag","embeddable":true,"href":"https:\/\/infotorrent.es\/ca\/wp-json\/wp\/v2\/tags?post=56522"}],"curies":[{"name":"wp","href":"https:\/\/api.w.org\/{rel}","templated":true}]}}