{"id":55471,"date":"2023-02-17T14:36:00","date_gmt":"2023-02-17T14:36:00","guid":{"rendered":"https:\/\/infotorrent.es\/uncategorized\/el-ayuntamiento-de-torrent-acerca-la-nueva-ordenanza-de-movilidad-y-circulacion-a-los-centros-educativos-de-la-ciudad\/"},"modified":"2023-02-22T12:06:35","modified_gmt":"2023-02-22T12:06:35","slug":"el-ayuntamiento-de-torrent-acerca-la-nueva-ordenanza-de-movilidad-y-circulacion-a-los-centros-educativos-de-la-ciudad","status":"publish","type":"post","link":"https:\/\/infotorrent.es\/ca\/mobilitat\/el-ayuntamiento-de-torrent-acerca-la-nueva-ordenanza-de-movilidad-y-circulacion-a-los-centros-educativos-de-la-ciudad\/","title":{"rendered":"L&#8217;Ajuntament de Torrent acosta la nova ordenan\u00e7a de mobilitat i circulaci\u00f3 als centres educatius de la ciutat"},"content":{"rendered":"\n<p>L&#8217;Ajuntament de Torrent ha iniciat aquest mat\u00ed un cicle de sessions formatives sobre la nova ordenan\u00e7a de mobilitat i circulaci\u00f3 en els centres educatius de la ciutat, amb l&#8217;objectiu de conscienciar als m\u00e9s joves sobre la import\u00e0ncia de respectar la normativa i fer un \u00fas adequat i segur dels mitjans de transport, a m\u00e9s de donar a con\u00e8ixer les particularitats que inclou respecte a vehicles recentment integrats com el patinet el\u00e8ctric. D&#8217;aquesta manera, en les pr\u00f2ximes setmanes la campanya s&#8217;estendr\u00e0 a altres centres com el Col\u00b7legi Santa Teresa de Jes\u00fas, el Col\u00b7legi Mare Sacramento o l&#8217;IES Vetles e Vents.<\/p>\n\n\n\n<p>Sobre aquest tema, el regidor de Mobilitat i Transport, Ra\u00fal Claramonte, comenta que <strong>\u201csempre \u00e9s un plaer acostar l&#8217;Ajuntament als joves de la ciutat. En aquest cas, hem arrancat la campanya informativa sobre l&#8217;ordenan\u00e7a municipal de l&#8217;\u00fas del patinet el\u00e8ctric dirigida en aquesta primera jornada a joves del centre La Pur\u00edssima de Torrent i que ens han demostrat que s\u00f3n ciutadans amb inquietuds pel seu municipi i han estat molt predisposats a col\u00b7laborar en tot. Des de l&#8217;\u00e0rea de Mobilitat i Transport estem fent un esfor\u00e7 gran per aquest assumpte perqu\u00e8 considerem que l&#8217;\u00fanica soluci\u00f3 \u00e9s la pedagogia i conscienciaci\u00f3 sobre aquest mitj\u00e0 de transport alternatiu entre els m\u00e9s joves\u201d.<\/strong><\/p>\n\n\n\n<p><\/p>\n\n\n\n<figure class=\"wp-block-gallery has-nested-images columns-default is-cropped wp-block-gallery-1 is-layout-flex wp-block-gallery-is-layout-flex\">\n<figure class=\"wp-block-image size-large\"><img fetchpriority=\"high\" decoding=\"async\" width=\"1024\" height=\"683\" data-id=\"55465\" src=\"https:\/\/infotorrent.es\/wp-content\/uploads\/2023\/02\/Patinete-7-1024x683.jpg\" alt=\"\" class=\"wp-image-55465\" srcset=\"https:\/\/infotorrent.es\/wp-content\/uploads\/2023\/02\/Patinete-7-1024x683.jpg 1024w, https:\/\/infotorrent.es\/wp-content\/uploads\/2023\/02\/Patinete-7-300x200.jpg 300w, https:\/\/infotorrent.es\/wp-content\/uploads\/2023\/02\/Patinete-7-768x512.jpg 768w, https:\/\/infotorrent.es\/wp-content\/uploads\/2023\/02\/Patinete-7-1536x1024.jpg 1536w, https:\/\/infotorrent.es\/wp-content\/uploads\/2023\/02\/Patinete-7.jpg 2048w\" sizes=\"(max-width: 1024px) 100vw, 1024px\" \/><\/figure>\n\n\n\n<figure class=\"wp-block-image size-large\"><img decoding=\"async\" width=\"1024\" height=\"683\" data-id=\"55467\" src=\"https:\/\/infotorrent.es\/wp-content\/uploads\/2023\/02\/Patinete-3-1024x683.jpg\" alt=\"\" class=\"wp-image-55467\" srcset=\"https:\/\/infotorrent.es\/wp-content\/uploads\/2023\/02\/Patinete-3-1024x683.jpg 1024w, https:\/\/infotorrent.es\/wp-content\/uploads\/2023\/02\/Patinete-3-300x200.jpg 300w, https:\/\/infotorrent.es\/wp-content\/uploads\/2023\/02\/Patinete-3-768x512.jpg 768w, https:\/\/infotorrent.es\/wp-content\/uploads\/2023\/02\/Patinete-3-1536x1024.jpg 1536w, https:\/\/infotorrent.es\/wp-content\/uploads\/2023\/02\/Patinete-3.jpg 2048w\" sizes=\"(max-width: 1024px) 100vw, 1024px\" \/><\/figure>\n\n\n\n<figure class=\"wp-block-image size-large\"><img decoding=\"async\" width=\"1024\" height=\"683\" data-id=\"55463\" src=\"https:\/\/infotorrent.es\/wp-content\/uploads\/2023\/02\/Patinete-8-1024x683.jpg\" alt=\"\" class=\"wp-image-55463\" srcset=\"https:\/\/infotorrent.es\/wp-content\/uploads\/2023\/02\/Patinete-8-1024x683.jpg 1024w, https:\/\/infotorrent.es\/wp-content\/uploads\/2023\/02\/Patinete-8-300x200.jpg 300w, https:\/\/infotorrent.es\/wp-content\/uploads\/2023\/02\/Patinete-8-768x512.jpg 768w, https:\/\/infotorrent.es\/wp-content\/uploads\/2023\/02\/Patinete-8-1536x1024.jpg 1536w, https:\/\/infotorrent.es\/wp-content\/uploads\/2023\/02\/Patinete-8.jpg 2048w\" sizes=\"(max-width: 1024px) 100vw, 1024px\" \/><\/figure>\n<\/figure>\n","protected":false},"excerpt":{"rendered":"<p>L&#8217;Ajuntament de Torrent ha iniciat aquest mat\u00ed un cicle de sessions formatives sobre la nova ordenan\u00e7a de mobilitat i circulaci\u00f3 en els centres educatius de la ciutat, amb l&#8217;objectiu de conscienciar als m\u00e9s joves sobre la import\u00e0ncia de respectar la normativa i fer un \u00fas adequat i segur dels mitjans de transport, a m\u00e9s de [&hellip;]<\/p>\n","protected":false},"author":2,"featured_media":55466,"comment_status":"open","ping_status":"open","sticky":false,"template":"","format":"standard","meta":{"_acf_changed":false,"footnotes":""},"categories":[147],"tags":[],"class_list":["post-55471","post","type-post","status-publish","format-standard","has-post-thumbnail","hentry","category-mobilitat"],"acf":[],"_links":{"self":[{"href":"https:\/\/infotorrent.es\/ca\/wp-json\/wp\/v2\/posts\/55471","targetHints":{"allow":["GET"]}}],"collection":[{"href":"https:\/\/infotorrent.es\/ca\/wp-json\/wp\/v2\/posts"}],"about":[{"href":"https:\/\/infotorrent.es\/ca\/wp-json\/wp\/v2\/types\/post"}],"author":[{"embeddable":true,"href":"https:\/\/infotorrent.es\/ca\/wp-json\/wp\/v2\/users\/2"}],"replies":[{"embeddable":true,"href":"https:\/\/infotorrent.es\/ca\/wp-json\/wp\/v2\/comments?post=55471"}],"version-history":[{"count":2,"href":"https:\/\/infotorrent.es\/ca\/wp-json\/wp\/v2\/posts\/55471\/revisions"}],"predecessor-version":[{"id":55517,"href":"https:\/\/infotorrent.es\/ca\/wp-json\/wp\/v2\/posts\/55471\/revisions\/55517"}],"wp:featuredmedia":[{"embeddable":true,"href":"https:\/\/infotorrent.es\/ca\/wp-json\/wp\/v2\/media\/55466"}],"wp:attachment":[{"href":"https:\/\/infotorrent.es\/ca\/wp-json\/wp\/v2\/media?parent=55471"}],"wp:term":[{"taxonomy":"category","embeddable":true,"href":"https:\/\/infotorrent.es\/ca\/wp-json\/wp\/v2\/categories?post=55471"},{"taxonomy":"post_tag","embeddable":true,"href":"https:\/\/infotorrent.es\/ca\/wp-json\/wp\/v2\/tags?post=55471"}],"curies":[{"name":"wp","href":"https:\/\/api.w.org\/{rel}","templated":true}]}}