{"id":55282,"date":"2023-02-10T08:44:11","date_gmt":"2023-02-10T08:44:11","guid":{"rendered":"https:\/\/infotorrent.es\/uncategorized\/el-festival-arrels-llega-a-su-ecuador\/"},"modified":"2023-02-14T11:47:35","modified_gmt":"2023-02-14T11:47:35","slug":"el-festival-arrels-llega-a-su-ecuador","status":"publish","type":"post","link":"https:\/\/infotorrent.es\/ca\/cultura-es-2\/el-festival-arrels-llega-a-su-ecuador\/","title":{"rendered":"El Festival Arrels arriba al seu equador"},"content":{"rendered":"\n<p><strong>Despr\u00e9s d&#8217;uns dies d&#8217;intensa activitat, el festival continua hui amb el concert Els\u00a0dies i les dones, que oferir\u00e0 l&#8217;agrupaci\u00f3\u00a0Sis\u00a0Veus a partir de les\u00a020h en l\u2019Antic\u00a0Mercat<\/strong><\/p>\n\n\n\n<p><br>El Festival Arrels ha arribat hui al seu equador despr\u00e9s d&#8217;uns dies d&#8217;intensa activitat, en els quals el p\u00fablic ha pogut gaudir en l\u2019Antic\u00a0Mercat del concert inaugural d&#8217;Eliseo Parra i l&#8217;actuaci\u00f3 conjunta de\u00a0Capella de\u00a0Ministrers i Carles\u00a0Magraner; en l\u2019Auditori de Torrent del divertit concert escolar de\u00a0Capella de\u00a0Ministrers i la Companyia\u00a0TransferMove; i, aquest mateix mat\u00ed, del concert social que ha oferit Robert\u00a0Cases en el Centre de Majors Santa Elena.<br><br>El viatge a trav\u00e9s la cultura i la tradici\u00f3 valenciana continua hui en l\u2019Antic\u00a0Mercat, a partir de les\u00a020h, amb el concert <em>Els\u00a0dies i les dones <\/em>a c\u00e0rrec de l&#8217;agrupaci\u00f3\u00a0Sis\u00a0Veus. Per part seua, dem\u00e0, tamb\u00e9 a les\u00a020h en l\u2019Antic\u00a0Mercat, ser\u00e0 el torn de Toni Aparisi i el seu espectacle teatral <em>El buf\u00f3 de la reina<\/em>, el qual ha sigut nominat als Premis Max. I com a clolof\u00f3, diumenge a les\u00a019h en l\u2019Auditori de Torrent,\u00a0Capella de\u00a0Ministrers i\u00a0Iman\u00a0Kandoussi clausuraran el festival amb el seu concert <em>El collaret de la\u00a0coloma<\/em>, que ha sigut reconegut en la categoria de M\u00fasica Antiga dels Premis Internacionals de M\u00fasica Cl\u00e0ssica 2023 per la seua destacada qualitat.<\/p>\n\n\n\n<p><br>Es poden consultar la programaci\u00f3 completa i la hist\u00f2ria del festival en <a href=\"http:\/\/www.festivalarrels.es\" target=\"_blank\" rel=\"noopener\">www.festivalarrels.es<\/a><\/p>\n\n\n\n<p><\/p>\n\n\n\n<p><\/p>\n\n\n\n<figure class=\"wp-block-gallery has-nested-images columns-default is-cropped wp-block-gallery-1 is-layout-flex wp-block-gallery-is-layout-flex\">\n<figure class=\"wp-block-image size-large\"><img fetchpriority=\"high\" decoding=\"async\" width=\"1024\" height=\"683\" data-id=\"55276\" src=\"https:\/\/infotorrent.es\/wp-content\/uploads\/2023\/02\/Arrels-2023-1-1024x683.jpg\" alt=\"\" class=\"wp-image-55276\" srcset=\"https:\/\/infotorrent.es\/wp-content\/uploads\/2023\/02\/Arrels-2023-1-1024x683.jpg 1024w, https:\/\/infotorrent.es\/wp-content\/uploads\/2023\/02\/Arrels-2023-1-300x200.jpg 300w, https:\/\/infotorrent.es\/wp-content\/uploads\/2023\/02\/Arrels-2023-1-768x512.jpg 768w, https:\/\/infotorrent.es\/wp-content\/uploads\/2023\/02\/Arrels-2023-1-1536x1024.jpg 1536w, https:\/\/infotorrent.es\/wp-content\/uploads\/2023\/02\/Arrels-2023-1.jpg 2048w\" sizes=\"(max-width: 1024px) 100vw, 1024px\" \/><\/figure>\n\n\n\n<figure class=\"wp-block-image size-large\"><img decoding=\"async\" width=\"1024\" height=\"683\" data-id=\"55278\" src=\"https:\/\/infotorrent.es\/wp-content\/uploads\/2023\/02\/Arrels-2023-6-1024x683.jpg\" alt=\"\" class=\"wp-image-55278\" srcset=\"https:\/\/infotorrent.es\/wp-content\/uploads\/2023\/02\/Arrels-2023-6-1024x683.jpg 1024w, https:\/\/infotorrent.es\/wp-content\/uploads\/2023\/02\/Arrels-2023-6-300x200.jpg 300w, https:\/\/infotorrent.es\/wp-content\/uploads\/2023\/02\/Arrels-2023-6-768x512.jpg 768w, https:\/\/infotorrent.es\/wp-content\/uploads\/2023\/02\/Arrels-2023-6-1536x1024.jpg 1536w, https:\/\/infotorrent.es\/wp-content\/uploads\/2023\/02\/Arrels-2023-6.jpg 2048w\" sizes=\"(max-width: 1024px) 100vw, 1024px\" \/><\/figure>\n<\/figure>\n","protected":false},"excerpt":{"rendered":"<p>Despr\u00e9s d&#8217;uns dies d&#8217;intensa activitat, el festival continua hui amb el concert Els\u00a0dies i les dones, que oferir\u00e0 l&#8217;agrupaci\u00f3\u00a0Sis\u00a0Veus a partir de les\u00a020h en l\u2019Antic\u00a0Mercat El Festival Arrels ha arribat hui al seu equador despr\u00e9s d&#8217;uns dies d&#8217;intensa activitat, en els quals el p\u00fablic ha pogut gaudir en l\u2019Antic\u00a0Mercat del concert inaugural d&#8217;Eliseo Parra i [&hellip;]<\/p>\n","protected":false},"author":2,"featured_media":55277,"comment_status":"open","ping_status":"open","sticky":false,"template":"","format":"standard","meta":{"_acf_changed":false,"footnotes":""},"categories":[126],"tags":[],"class_list":["post-55282","post","type-post","status-publish","format-standard","has-post-thumbnail","hentry","category-cultura-es-2"],"acf":[],"_links":{"self":[{"href":"https:\/\/infotorrent.es\/ca\/wp-json\/wp\/v2\/posts\/55282","targetHints":{"allow":["GET"]}}],"collection":[{"href":"https:\/\/infotorrent.es\/ca\/wp-json\/wp\/v2\/posts"}],"about":[{"href":"https:\/\/infotorrent.es\/ca\/wp-json\/wp\/v2\/types\/post"}],"author":[{"embeddable":true,"href":"https:\/\/infotorrent.es\/ca\/wp-json\/wp\/v2\/users\/2"}],"replies":[{"embeddable":true,"href":"https:\/\/infotorrent.es\/ca\/wp-json\/wp\/v2\/comments?post=55282"}],"version-history":[{"count":3,"href":"https:\/\/infotorrent.es\/ca\/wp-json\/wp\/v2\/posts\/55282\/revisions"}],"predecessor-version":[{"id":55369,"href":"https:\/\/infotorrent.es\/ca\/wp-json\/wp\/v2\/posts\/55282\/revisions\/55369"}],"wp:featuredmedia":[{"embeddable":true,"href":"https:\/\/infotorrent.es\/ca\/wp-json\/wp\/v2\/media\/55277"}],"wp:attachment":[{"href":"https:\/\/infotorrent.es\/ca\/wp-json\/wp\/v2\/media?parent=55282"}],"wp:term":[{"taxonomy":"category","embeddable":true,"href":"https:\/\/infotorrent.es\/ca\/wp-json\/wp\/v2\/categories?post=55282"},{"taxonomy":"post_tag","embeddable":true,"href":"https:\/\/infotorrent.es\/ca\/wp-json\/wp\/v2\/tags?post=55282"}],"curies":[{"name":"wp","href":"https:\/\/api.w.org\/{rel}","templated":true}]}}