{"id":55257,"date":"2023-02-09T08:23:26","date_gmt":"2023-02-09T08:23:26","guid":{"rendered":"https:\/\/infotorrent.es\/uncategorized\/torrent-sede-del-campeonato-de-espana-absoluto-de-atletismo-al-aire-libre-2023\/"},"modified":"2023-02-14T10:16:15","modified_gmt":"2023-02-14T10:16:15","slug":"torrent-sede-del-campeonato-de-espana-absoluto-de-atletismo-al-aire-libre-2023","status":"publish","type":"post","link":"https:\/\/infotorrent.es\/ca\/juventud-y-deportes-noticias-ca\/torrent-sede-del-campeonato-de-espana-absoluto-de-atletismo-al-aire-libre-2023\/","title":{"rendered":"Torrent, seu del\u00a0Campionat d&#8217;Espanya Absolut d&#8217;Atletisme a l&#8217;aire lliure 2023"},"content":{"rendered":"\n<p><strong>La competici\u00f3 tindr\u00e0 lloc del 28 al 30 de juliol en la Ciutat de l\u2019Esport, on es congregaran vora 650 atletes i 200 clubs d&#8217;atletisme de tot el territori nacional, amb prop de 100 atletes ol\u00edmpics i mundialistes<\/strong><\/p>\n\n\n\n<p><strong>Les instal\u00b7lacions esportives de Parc Central s&#8217;adequaran per a la competici\u00f3 i aix\u00ed podertindre la capacitat d\u2019acollir m\u00e9s de 5.000 persones<br><\/strong><br>L&#8217;esport d&#8217;elit torna a Torrent el pr\u00f2xim mes de juliol amb la celebraci\u00f3 del\u00a0CIII Campionat d&#8217;Espanya Absolut d&#8217;Atletisme a l&#8217;aire lliure, que tindr\u00e0 lloc els dies 28, 29 i 30 en les instal\u00b7lacions esportives de\u00a0Parc Central. D&#8217;aquesta manera, m\u00e9s de 650 atletes i 200 clubs de tot el territori nacional, amb vora 100 atletes ol\u00edmpics i mundialistes i un altre centenar d&#8217;internacionals de diverses categories, es congregaran en la\u00a0Ciutat de l\u2019Esport per a disputar-se el p\u00f2dium nacional i aconseguir una pla\u00e7a per al Mundial de Budapest a l&#8217;aire lliure, programat per a eixe mateix mes d&#8217;agost.<br><br>\u201c<strong>Aquesta ser\u00e0 la competici\u00f3 de m\u00e9s nivell que mai s&#8217;haja celebrat a la nostra ciutat, per la qual cosa posarem tot el nostre esfor\u00e7 per a estar a l&#8217;altura de les exig\u00e8ncies que requereix un esdeveniment de semblant calibre\u201d<\/strong>, afirma la regidora d&#8217;Esports,\u00a0Susi Ferrer que tamb\u00e9 remarca que <strong>\u201ccontinuem treballant per a situar Torrent com un lloc de refer\u00e8ncia per a l&#8217;esport nacional i local, i per a acollir cada vegada un major nombre de competicions esportives de m\u00e0xim nivell, que ens permeten fomentar entre la ciutadania els valors positius de l&#8217;esport i promoure els nostres recursos culturals i tur\u00edstics, aix\u00ed com els nostres comer\u00e7os i establiments hostalers\u201d<\/strong>.<\/p>\n\n\n\n<p>El president del Club Atletisme Torrent, Miguel \u00c1ngel Villalba destaca que <strong>\u201cestem molt agra\u00efts a l&#8217;Ajuntament de Torrent per l&#8217;esfor\u00e7 que ha <\/strong><strong>fet <\/strong><strong>per a acollir aquesta competici\u00f3, a m\u00e9s del suport que ha mostrat tant al nostre club com als esportistes que l&#8217;integren\u201d.<\/strong><\/p>\n\n\n\n<p>Aix\u00ed, per al pr\u00f2xim mes de juliol les instal\u00b7lacions esportives de&nbsp;Parc Central s&#8217;adequaran per a augmentar la seua capacitat i poder acollir m\u00e9s de 5.000 persones, a trav\u00e9s de l&#8217;habilitaci\u00f3 de graderies suplet\u00f2ries al voltant de la&nbsp; pista, que t\u00e9 una capacitat per a 1.500 actualment. Igualment, tamb\u00e9 es posaran a punt les instal\u00b7lacions amb xicotetes actuacions orientades a fer que les m\u00e9s de 100 proves del campionat, entre rondes i finals, es disputen en les condicions m\u00e9s \u00f2ptimes possibles. En aquest aspecte, per tal que durant el campionat tot funcione correctament tamb\u00e9 hi haur\u00e0 un centenar d&#8217;efectius de la Policia Local, Policia Nacional, Protecci\u00f3 Civil i Creu Roja, aix\u00ed com col\u00b7laboradors del Club&nbsp;Atletisme Torrent i t\u00e8cnics municipals.<\/p>\n\n\n\n<p><\/p>\n\n\n\n<p><\/p>\n\n\n\n<figure class=\"wp-block-gallery has-nested-images columns-default is-cropped wp-block-gallery-1 is-layout-flex wp-block-gallery-is-layout-flex\">\n<figure class=\"wp-block-image size-large\"><img fetchpriority=\"high\" decoding=\"async\" width=\"1024\" height=\"683\" data-id=\"55253\" src=\"https:\/\/infotorrent.es\/wp-content\/uploads\/2023\/02\/Rueda-de-prensa-2-1024x683.jpg\" alt=\"\" class=\"wp-image-55253\" srcset=\"https:\/\/infotorrent.es\/wp-content\/uploads\/2023\/02\/Rueda-de-prensa-2-1024x683.jpg 1024w, https:\/\/infotorrent.es\/wp-content\/uploads\/2023\/02\/Rueda-de-prensa-2-300x200.jpg 300w, https:\/\/infotorrent.es\/wp-content\/uploads\/2023\/02\/Rueda-de-prensa-2-768x512.jpg 768w, https:\/\/infotorrent.es\/wp-content\/uploads\/2023\/02\/Rueda-de-prensa-2-1536x1024.jpg 1536w, https:\/\/infotorrent.es\/wp-content\/uploads\/2023\/02\/Rueda-de-prensa-2.jpg 2048w\" sizes=\"(max-width: 1024px) 100vw, 1024px\" \/><\/figure>\n\n\n\n<figure class=\"wp-block-image size-large\"><img decoding=\"async\" width=\"1024\" height=\"683\" data-id=\"55249\" src=\"https:\/\/infotorrent.es\/wp-content\/uploads\/2023\/02\/Rueda-de-prensa-5-1024x683.jpg\" alt=\"\" class=\"wp-image-55249\" srcset=\"https:\/\/infotorrent.es\/wp-content\/uploads\/2023\/02\/Rueda-de-prensa-5-1024x683.jpg 1024w, https:\/\/infotorrent.es\/wp-content\/uploads\/2023\/02\/Rueda-de-prensa-5-300x200.jpg 300w, https:\/\/infotorrent.es\/wp-content\/uploads\/2023\/02\/Rueda-de-prensa-5-768x512.jpg 768w, https:\/\/infotorrent.es\/wp-content\/uploads\/2023\/02\/Rueda-de-prensa-5-1536x1024.jpg 1536w, https:\/\/infotorrent.es\/wp-content\/uploads\/2023\/02\/Rueda-de-prensa-5.jpg 2048w\" sizes=\"(max-width: 1024px) 100vw, 1024px\" \/><\/figure>\n\n\n\n<figure class=\"wp-block-image size-large\"><img decoding=\"async\" width=\"1024\" height=\"683\" data-id=\"55251\" src=\"https:\/\/infotorrent.es\/wp-content\/uploads\/2023\/02\/Rueda-de-prensa-6-1024x683.jpg\" alt=\"\" class=\"wp-image-55251\" srcset=\"https:\/\/infotorrent.es\/wp-content\/uploads\/2023\/02\/Rueda-de-prensa-6-1024x683.jpg 1024w, https:\/\/infotorrent.es\/wp-content\/uploads\/2023\/02\/Rueda-de-prensa-6-300x200.jpg 300w, https:\/\/infotorrent.es\/wp-content\/uploads\/2023\/02\/Rueda-de-prensa-6-768x512.jpg 768w, https:\/\/infotorrent.es\/wp-content\/uploads\/2023\/02\/Rueda-de-prensa-6-1536x1024.jpg 1536w, https:\/\/infotorrent.es\/wp-content\/uploads\/2023\/02\/Rueda-de-prensa-6.jpg 2048w\" sizes=\"(max-width: 1024px) 100vw, 1024px\" \/><\/figure>\n<\/figure>\n","protected":false},"excerpt":{"rendered":"<p>La competici\u00f3 tindr\u00e0 lloc del 28 al 30 de juliol en la Ciutat de l\u2019Esport, on es congregaran vora 650 atletes i 200 clubs d&#8217;atletisme de tot el territori nacional, amb prop de 100 atletes ol\u00edmpics i mundialistes Les instal\u00b7lacions esportives de Parc Central s&#8217;adequaran per a la competici\u00f3 i aix\u00ed podertindre la capacitat d\u2019acollir [&hellip;]<\/p>\n","protected":false},"author":2,"featured_media":55261,"comment_status":"open","ping_status":"open","sticky":false,"template":"","format":"standard","meta":{"_acf_changed":false,"footnotes":""},"categories":[1144],"tags":[],"class_list":["post-55257","post","type-post","status-publish","format-standard","has-post-thumbnail","hentry","category-juventud-y-deportes-noticias-ca"],"acf":[],"_links":{"self":[{"href":"https:\/\/infotorrent.es\/ca\/wp-json\/wp\/v2\/posts\/55257","targetHints":{"allow":["GET"]}}],"collection":[{"href":"https:\/\/infotorrent.es\/ca\/wp-json\/wp\/v2\/posts"}],"about":[{"href":"https:\/\/infotorrent.es\/ca\/wp-json\/wp\/v2\/types\/post"}],"author":[{"embeddable":true,"href":"https:\/\/infotorrent.es\/ca\/wp-json\/wp\/v2\/users\/2"}],"replies":[{"embeddable":true,"href":"https:\/\/infotorrent.es\/ca\/wp-json\/wp\/v2\/comments?post=55257"}],"version-history":[{"count":2,"href":"https:\/\/infotorrent.es\/ca\/wp-json\/wp\/v2\/posts\/55257\/revisions"}],"predecessor-version":[{"id":55365,"href":"https:\/\/infotorrent.es\/ca\/wp-json\/wp\/v2\/posts\/55257\/revisions\/55365"}],"wp:featuredmedia":[{"embeddable":true,"href":"https:\/\/infotorrent.es\/ca\/wp-json\/wp\/v2\/media\/55261"}],"wp:attachment":[{"href":"https:\/\/infotorrent.es\/ca\/wp-json\/wp\/v2\/media?parent=55257"}],"wp:term":[{"taxonomy":"category","embeddable":true,"href":"https:\/\/infotorrent.es\/ca\/wp-json\/wp\/v2\/categories?post=55257"},{"taxonomy":"post_tag","embeddable":true,"href":"https:\/\/infotorrent.es\/ca\/wp-json\/wp\/v2\/tags?post=55257"}],"curies":[{"name":"wp","href":"https:\/\/api.w.org\/{rel}","templated":true}]}}