{"id":55103,"date":"2023-01-31T08:51:27","date_gmt":"2023-01-31T08:51:27","guid":{"rendered":"https:\/\/infotorrent.es\/uncategorized\/miles-de-personas-visitan-torrent-para-conocer-su-patrimonio-turistico-cultural-e-historico\/"},"modified":"2023-01-31T08:56:59","modified_gmt":"2023-01-31T08:56:59","slug":"miles-de-personas-visitan-torrent-para-conocer-su-patrimonio-turistico-cultural-e-historico","status":"publish","type":"post","link":"https:\/\/infotorrent.es\/ca\/cultura-es-2\/miles-de-personas-visitan-torrent-para-conocer-su-patrimonio-turistico-cultural-e-historico\/","title":{"rendered":"Milers de persones visiten Torrent per a con\u00e9ixer el seu patrimoni tur\u00edstic, cultural i hist\u00f2ric"},"content":{"rendered":"\n<p><br> Cada any milers de persones visiten Torrent per a con\u00e9ixer el seu patrimoni tur\u00edstic, cultural i hist\u00f2ric, i admirar els secrets que guarden els seus llocs m\u00e9s emblem\u00e0tics, gr\u00e0cies a l&#8217;\u00e0mplia oferta de recursos per a tots els p\u00fablics que ofereix l&#8217;Ajuntament de Torrent.<\/p>\n\n\n\n<p><br><strong>\u201cContinuem posant en marxa propostes per a donar a con\u00e9ixer els nostres recursos tur\u00edstics entre la ciutadania. Des de festes reconegudes en tota la Comunitat Valenciana, fins a monuments i jardins amb centenars d&#8217;anys d&#8217;hist\u00f2ria, prestigioses receptes gastron\u00f2miques o activitats culturals i esportives per a tots els p\u00fablics i edats. Torrent t\u00e9 molt a oferir\u201d<\/strong>, explica la regidora de Turisme,&nbsp;Susi Ferrer.<\/p>\n\n\n\n<p><br>En aquest aspecte, durant l&#8217;any 2022, la Torre de Torrent va rebre m\u00e9s de 4.000 persones, que van poder gaudir d&#8217;una visitaguiada per l\u2019interior i, aix\u00ed, descobrir l&#8217;extensa hist\u00f2ria d&#8217;aquest ic\u00f2nic monument. D\u2019altra banda, el&nbsp;Museu Comarcal de l&#8217;Horta&nbsp;Sud va ser visitat per m\u00e9s de 9.700 persones en aquest mateix per\u00edode, i ha oferit exposicions i confer\u00e8ncies de tota mena i una infinitat d&#8217;activitats culturals. La Casa&nbsp;Museu de la&nbsp;Setmana Santa i l\u2019Hort de Tr\u00e9nor, van acollir la visita de m\u00e9s de 400 persones, que no van voler perdre l&#8217;oportunitat de con\u00e9ixer m\u00e9s a fons les peculiaritats d&#8217;una de les festes m\u00e9s arrelades a Torrent, aix\u00ed com el jard\u00ed amb m\u00e9s hist\u00f2ria de la capital de l&#8217;Horta&nbsp;Sud.<\/p>\n\n\n\n<p><\/p>\n\n\n\n<figure class=\"wp-block-gallery has-nested-images columns-default is-cropped wp-block-gallery-1 is-layout-flex wp-block-gallery-is-layout-flex\">\n<figure class=\"wp-block-image size-large\"><img fetchpriority=\"high\" decoding=\"async\" width=\"683\" height=\"1024\" data-id=\"55095\" src=\"https:\/\/infotorrent.es\/wp-content\/uploads\/2023\/01\/Torre-683x1024.jpg\" alt=\"\" class=\"wp-image-55095\" srcset=\"https:\/\/infotorrent.es\/wp-content\/uploads\/2023\/01\/Torre-683x1024.jpg 683w, https:\/\/infotorrent.es\/wp-content\/uploads\/2023\/01\/Torre-200x300.jpg 200w, https:\/\/infotorrent.es\/wp-content\/uploads\/2023\/01\/Torre-768x1152.jpg 768w, https:\/\/infotorrent.es\/wp-content\/uploads\/2023\/01\/Torre-1024x1536.jpg 1024w, https:\/\/infotorrent.es\/wp-content\/uploads\/2023\/01\/Torre-1365x2048.jpg 1365w, https:\/\/infotorrent.es\/wp-content\/uploads\/2023\/01\/Torre-scaled.jpg 1707w\" sizes=\"(max-width: 683px) 100vw, 683px\" \/><\/figure>\n\n\n\n<figure class=\"wp-block-image size-large\"><img decoding=\"async\" width=\"1024\" height=\"683\" data-id=\"55097\" src=\"https:\/\/infotorrent.es\/wp-content\/uploads\/2023\/01\/hort-de-trenor_2-1024x683.jpg\" alt=\"\" class=\"wp-image-55097\" srcset=\"https:\/\/infotorrent.es\/wp-content\/uploads\/2023\/01\/hort-de-trenor_2-1024x683.jpg 1024w, https:\/\/infotorrent.es\/wp-content\/uploads\/2023\/01\/hort-de-trenor_2-300x200.jpg 300w, https:\/\/infotorrent.es\/wp-content\/uploads\/2023\/01\/hort-de-trenor_2-768x512.jpg 768w, https:\/\/infotorrent.es\/wp-content\/uploads\/2023\/01\/hort-de-trenor_2-1536x1024.jpg 1536w, https:\/\/infotorrent.es\/wp-content\/uploads\/2023\/01\/hort-de-trenor_2-2048x1365.jpg 2048w\" sizes=\"(max-width: 1024px) 100vw, 1024px\" \/><\/figure>\n<\/figure>\n","protected":false},"excerpt":{"rendered":"<p>Cada any milers de persones visiten Torrent per a con\u00e9ixer el seu patrimoni tur\u00edstic, cultural i hist\u00f2ric, i admirar els secrets que guarden els seus llocs m\u00e9s emblem\u00e0tics, gr\u00e0cies a l&#8217;\u00e0mplia oferta de recursos per a tots els p\u00fablics que ofereix l&#8217;Ajuntament de Torrent. \u201cContinuem posant en marxa propostes per a donar a con\u00e9ixer els [&hellip;]<\/p>\n","protected":false},"author":2,"featured_media":55096,"comment_status":"open","ping_status":"open","sticky":false,"template":"","format":"standard","meta":{"_acf_changed":false,"footnotes":""},"categories":[126],"tags":[],"class_list":["post-55103","post","type-post","status-publish","format-standard","has-post-thumbnail","hentry","category-cultura-es-2"],"acf":[],"_links":{"self":[{"href":"https:\/\/infotorrent.es\/ca\/wp-json\/wp\/v2\/posts\/55103","targetHints":{"allow":["GET"]}}],"collection":[{"href":"https:\/\/infotorrent.es\/ca\/wp-json\/wp\/v2\/posts"}],"about":[{"href":"https:\/\/infotorrent.es\/ca\/wp-json\/wp\/v2\/types\/post"}],"author":[{"embeddable":true,"href":"https:\/\/infotorrent.es\/ca\/wp-json\/wp\/v2\/users\/2"}],"replies":[{"embeddable":true,"href":"https:\/\/infotorrent.es\/ca\/wp-json\/wp\/v2\/comments?post=55103"}],"version-history":[{"count":3,"href":"https:\/\/infotorrent.es\/ca\/wp-json\/wp\/v2\/posts\/55103\/revisions"}],"predecessor-version":[{"id":55109,"href":"https:\/\/infotorrent.es\/ca\/wp-json\/wp\/v2\/posts\/55103\/revisions\/55109"}],"wp:featuredmedia":[{"embeddable":true,"href":"https:\/\/infotorrent.es\/ca\/wp-json\/wp\/v2\/media\/55096"}],"wp:attachment":[{"href":"https:\/\/infotorrent.es\/ca\/wp-json\/wp\/v2\/media?parent=55103"}],"wp:term":[{"taxonomy":"category","embeddable":true,"href":"https:\/\/infotorrent.es\/ca\/wp-json\/wp\/v2\/categories?post=55103"},{"taxonomy":"post_tag","embeddable":true,"href":"https:\/\/infotorrent.es\/ca\/wp-json\/wp\/v2\/tags?post=55103"}],"curies":[{"name":"wp","href":"https:\/\/api.w.org\/{rel}","templated":true}]}}