{"id":54368,"date":"2022-12-02T17:11:19","date_gmt":"2022-12-02T17:11:19","guid":{"rendered":"https:\/\/infotorrent.es\/?p=54368"},"modified":"2022-12-02T17:25:11","modified_gmt":"2022-12-02T17:25:11","slug":"torrent-celebra-el-dia-de-las-personas-con-discapacidad-a-ritmo-de-batucada","status":"publish","type":"post","link":"https:\/\/infotorrent.es\/ca\/bienestar-social-2\/torrent-celebra-el-dia-de-las-personas-con-discapacidad-a-ritmo-de-batucada\/","title":{"rendered":"Torrent celebra el Dia de les Persones amb Discapacitat a ritme de batucada"},"content":{"rendered":"\n<p><strong>La marxa reivindicativa va concloure amb la lectura d&#8217;un manifest per part de les associacions per a reclamar millores i igualtat d&#8217;oportunitats en la societat<\/strong><\/p>\n\n\n\n<p><strong>El dissabte 3 l&#8217;Auditori de Torrent acollir\u00e0 una gala de&#8217;ADISTO centrada en la m\u00fasica roc<\/strong>k<\/p>\n\n\n\n<p>Amb motiu del Dia Internacional de les Persones Discapacitat, que se celebra dem\u00e0 dissabte 3 de desembre, l&#8217;Ajuntament de Torrent, a trav\u00e9s de la regidoria d&#8217;Atenci\u00f3 i Solidaritat, ha celebrat<br>una concentraci\u00f3 i una marxa amb les diverses associacions de la ciutat que integren i atenen persones amb diversitat funcional.<\/p>\n\n\n\n<p>La jornada ha comen\u00e7at amb una concentraci\u00f3 en la Pla\u00e7a Uni\u00f3 Musical, des d&#8217;on els i les participants han marxat per l&#8217;Avinguda al Vedat a ritme de batucada. L&#8217;acte ha finalitzat en la Pla\u00e7a Bisbe Benlloch amb la lectura d&#8217;un manifest per part dels membres d&#8217;associacions de Torrent.<br>Les associacions ADISTO, Fundaci\u00f3 Espurna, el Centre Ocupacional ABD, el Centre Ocupacional Tom\u00e0s d&#8217;Osuna, Esquema, La Uni\u00f3, AFEM i Asidip han participat en aquesta jornada i han reclamat avan\u00e7os en la societat, un tracte m\u00e9s normalitzat i menys condescendent, aix\u00ed com millores en la inserci\u00f3 laboral de les persones amb diversitat funcional.<\/p>\n\n\n\n<p>El dissabte 3 de desembre, per a concloure les activitats organitzades durant la Setmana de la Discapacitat, l&#8217;Auditori de Torrent acollir\u00e0 una gala especial de l&#8217;associaci\u00f3 ADISTO, que comen\u00e7ar\u00e0 a les 19 hores i estar\u00e0 centrada en la m\u00fasica rock dels anys 60, 70 i 80.<\/p>\n\n\n\n<figure class=\"wp-block-image size-large\"><img fetchpriority=\"high\" decoding=\"async\" width=\"1024\" height=\"683\" src=\"https:\/\/infotorrent.es\/wp-content\/uploads\/2022\/12\/Discapacidad-056-1024x683.jpg\" alt=\"\" class=\"wp-image-54373\" srcset=\"https:\/\/infotorrent.es\/wp-content\/uploads\/2022\/12\/Discapacidad-056-1024x683.jpg 1024w, https:\/\/infotorrent.es\/wp-content\/uploads\/2022\/12\/Discapacidad-056-300x200.jpg 300w, https:\/\/infotorrent.es\/wp-content\/uploads\/2022\/12\/Discapacidad-056-768x512.jpg 768w, https:\/\/infotorrent.es\/wp-content\/uploads\/2022\/12\/Discapacidad-056-1536x1024.jpg 1536w, https:\/\/infotorrent.es\/wp-content\/uploads\/2022\/12\/Discapacidad-056.jpg 2048w\" sizes=\"(max-width: 1024px) 100vw, 1024px\" \/><\/figure>\n\n\n\n<figure class=\"wp-block-image size-large\"><img decoding=\"async\" width=\"1024\" height=\"683\" src=\"https:\/\/infotorrent.es\/wp-content\/uploads\/2022\/12\/Discapacidad-078-1024x683.jpg\" alt=\"\" class=\"wp-image-54369\" srcset=\"https:\/\/infotorrent.es\/wp-content\/uploads\/2022\/12\/Discapacidad-078-1024x683.jpg 1024w, https:\/\/infotorrent.es\/wp-content\/uploads\/2022\/12\/Discapacidad-078-300x200.jpg 300w, https:\/\/infotorrent.es\/wp-content\/uploads\/2022\/12\/Discapacidad-078-768x512.jpg 768w, https:\/\/infotorrent.es\/wp-content\/uploads\/2022\/12\/Discapacidad-078-1536x1024.jpg 1536w, https:\/\/infotorrent.es\/wp-content\/uploads\/2022\/12\/Discapacidad-078.jpg 2048w\" sizes=\"(max-width: 1024px) 100vw, 1024px\" \/><\/figure>\n\n\n\n<figure class=\"wp-block-image size-large\"><img decoding=\"async\" width=\"1024\" height=\"683\" src=\"https:\/\/infotorrent.es\/wp-content\/uploads\/2022\/12\/Discapacidad-084-1024x683.jpg\" alt=\"\" class=\"wp-image-54371\" srcset=\"https:\/\/infotorrent.es\/wp-content\/uploads\/2022\/12\/Discapacidad-084-1024x683.jpg 1024w, https:\/\/infotorrent.es\/wp-content\/uploads\/2022\/12\/Discapacidad-084-300x200.jpg 300w, https:\/\/infotorrent.es\/wp-content\/uploads\/2022\/12\/Discapacidad-084-768x512.jpg 768w, https:\/\/infotorrent.es\/wp-content\/uploads\/2022\/12\/Discapacidad-084-1536x1024.jpg 1536w, https:\/\/infotorrent.es\/wp-content\/uploads\/2022\/12\/Discapacidad-084.jpg 2048w\" sizes=\"(max-width: 1024px) 100vw, 1024px\" \/><\/figure>\n\n\n\n<figure class=\"wp-block-image size-large\"><img loading=\"lazy\" decoding=\"async\" width=\"1024\" height=\"683\" src=\"https:\/\/infotorrent.es\/wp-content\/uploads\/2022\/12\/Discapacidad-098-1024x683.jpg\" alt=\"\" class=\"wp-image-54376\" srcset=\"https:\/\/infotorrent.es\/wp-content\/uploads\/2022\/12\/Discapacidad-098-1024x683.jpg 1024w, https:\/\/infotorrent.es\/wp-content\/uploads\/2022\/12\/Discapacidad-098-300x200.jpg 300w, https:\/\/infotorrent.es\/wp-content\/uploads\/2022\/12\/Discapacidad-098-768x512.jpg 768w, https:\/\/infotorrent.es\/wp-content\/uploads\/2022\/12\/Discapacidad-098-1536x1024.jpg 1536w, https:\/\/infotorrent.es\/wp-content\/uploads\/2022\/12\/Discapacidad-098.jpg 2048w\" sizes=\"(max-width: 1024px) 100vw, 1024px\" \/><\/figure>\n","protected":false},"excerpt":{"rendered":"<p>La marxa reivindicativa va concloure amb la lectura d&#8217;un manifest per part de les associacions per a reclamar millores i igualtat d&#8217;oportunitats en la societat El dissabte 3 l&#8217;Auditori de Torrent acollir\u00e0 una gala de&#8217;ADISTO centrada en la m\u00fasica rock Amb motiu del Dia Internacional de les Persones Discapacitat, que se celebra dem\u00e0 dissabte 3 [&hellip;]<\/p>\n","protected":false},"author":2,"featured_media":54376,"comment_status":"open","ping_status":"open","sticky":false,"template":"","format":"standard","meta":{"_acf_changed":false,"footnotes":""},"categories":[128,1147],"tags":[],"class_list":["post-54368","post","type-post","status-publish","format-standard","has-post-thumbnail","hentry","category-bienestar-social-2","category-solidaridad-ca"],"acf":[],"_links":{"self":[{"href":"https:\/\/infotorrent.es\/ca\/wp-json\/wp\/v2\/posts\/54368","targetHints":{"allow":["GET"]}}],"collection":[{"href":"https:\/\/infotorrent.es\/ca\/wp-json\/wp\/v2\/posts"}],"about":[{"href":"https:\/\/infotorrent.es\/ca\/wp-json\/wp\/v2\/types\/post"}],"author":[{"embeddable":true,"href":"https:\/\/infotorrent.es\/ca\/wp-json\/wp\/v2\/users\/2"}],"replies":[{"embeddable":true,"href":"https:\/\/infotorrent.es\/ca\/wp-json\/wp\/v2\/comments?post=54368"}],"version-history":[{"count":3,"href":"https:\/\/infotorrent.es\/ca\/wp-json\/wp\/v2\/posts\/54368\/revisions"}],"predecessor-version":[{"id":54387,"href":"https:\/\/infotorrent.es\/ca\/wp-json\/wp\/v2\/posts\/54368\/revisions\/54387"}],"wp:featuredmedia":[{"embeddable":true,"href":"https:\/\/infotorrent.es\/ca\/wp-json\/wp\/v2\/media\/54376"}],"wp:attachment":[{"href":"https:\/\/infotorrent.es\/ca\/wp-json\/wp\/v2\/media?parent=54368"}],"wp:term":[{"taxonomy":"category","embeddable":true,"href":"https:\/\/infotorrent.es\/ca\/wp-json\/wp\/v2\/categories?post=54368"},{"taxonomy":"post_tag","embeddable":true,"href":"https:\/\/infotorrent.es\/ca\/wp-json\/wp\/v2\/tags?post=54368"}],"curies":[{"name":"wp","href":"https:\/\/api.w.org\/{rel}","templated":true}]}}