{"id":53496,"date":"2022-10-17T09:31:00","date_gmt":"2022-10-17T09:31:00","guid":{"rendered":"https:\/\/infotorrent.es\/uncategorized\/lantic-mercat-acoge-la-exposicion-mestres-de-la-republica-torrent-1931-1393\/"},"modified":"2022-10-20T09:39:26","modified_gmt":"2022-10-20T09:39:26","slug":"lantic-mercat-acoge-la-exposicion-mestres-de-la-republica-torrent-1931-1393","status":"publish","type":"post","link":"https:\/\/infotorrent.es\/ca\/noticies\/lantic-mercat-acoge-la-exposicion-mestres-de-la-republica-torrent-1931-1393\/","title":{"rendered":"L\u2019Antic\u00a0Mercat acull l&#8217;exposici\u00f3 \u2018Mestres de la Rep\u00fablica: Torrent 1931-1393\u2019"},"content":{"rendered":"\n<p><strong>La mostra, que s&#8217;inaugurar\u00e0 dem\u00e0 i estar\u00e0 disponible fins al 26 d&#8217;octubre, ofereix material gr\u00e0fic in\u00e8dit sobre el paper que van exercir les mestres durant la II Rep\u00fablica<\/strong><\/p>\n\n\n\n<p> La Sala C\u00edvica de l\u2019Antic\u00a0Mercat acollir\u00e0 dem\u00e0, a les 18:45h, la inauguraci\u00f3 de &#8216;Mestres de la Rep\u00fablica: Torrent 1931-1939&#8217;, una exposici\u00f3 que ofereix una profunda mirada al nostre passat, amb fotografies i v\u00eddeos in\u00e8dits sobre el paper que van exercir les mestres durant la II Rep\u00fablica en defensa d&#8217;una educaci\u00f3 obligat\u00f2ria, mixta i solid\u00e0ria, abans que veren la seua carrera truncada per la guerra.<\/p>\n\n\n\n<p>La mostra podr\u00e0 visitar-se del 18 al 26 d&#8217;octubre en l\u2019Antic\u00a0Mercat i estar\u00e0 complementada per tres confer\u00e8ncies, que es desenvoluparan els dies 18, 19 i 20 d&#8217;octubre a les 19:30h: \u201cLa\u00a0revoluci\u00f3 a l\u2019escola\u201d a c\u00e0rrec de Wilson\u00a0Ferr\u00fas, \u201cLes\u00a0col\u00f2nies\u00a0escolars de Torrent\u201d de Salvador C\u00edscar i \u201cLes\u00a0mestres\u00a0rep\u00fablicanes:\u00a0ciutadania i educaci\u00f3\u201d de Carmen Agull\u00f3.<\/p>\n\n\n\n<p>A m\u00e9s, el projecte tamb\u00e9 inclou visites reservades als centres educatius de la ciutat, de manera que l&#8217;alumnat de Torrent puga con\u00e8ixer i valorar el treball que realitzaven les professionals de l&#8217;educaci\u00f3 en aqueixa \u00e8poca i la seua passi\u00f3 per ensenyar a les noves generacions.<\/p>\n\n\n\n<p>El fermall d&#8217;or a aquestes activitats arribar\u00e0 dissabte que ve amb la inauguraci\u00f3 d&#8217;un t\u00f2tem commemoratiu en el Mas del\u00a0Jutge, just on se situava l&#8217;antiga col\u00f2nia escolar de la Rep\u00fablica. Perqu\u00e8 les persones interessades puguen assistir a l&#8217;acte, l&#8217;Ajuntament de Torrent ha habilitat dues opcions: amb autob\u00fas, que eixir\u00e0 a les\u00a010h des de la pla\u00e7a\u00a0Moralets; i a peu, amb una ruta explicativa sobre el patrimoni hidr\u00e0ulic i etnogr\u00e0fic de Torrent. Per a participar \u00e9s necessari confirmar l&#8217;assist\u00e8ncia en el correu participa@torrent.es.<\/p>\n\n\n\n<figure class=\"wp-block-gallery has-nested-images columns-default is-cropped wp-block-gallery-1 is-layout-flex wp-block-gallery-is-layout-flex\">\n<figure class=\"wp-block-image size-large\"><img fetchpriority=\"high\" decoding=\"async\" width=\"724\" height=\"1024\" data-id=\"53491\" src=\"https:\/\/infotorrent.es\/wp-content\/uploads\/2022\/10\/memoriaa-2-724x1024.jpg\" alt=\"\" class=\"wp-image-53491\" srcset=\"https:\/\/infotorrent.es\/wp-content\/uploads\/2022\/10\/memoriaa-2-724x1024.jpg 724w, https:\/\/infotorrent.es\/wp-content\/uploads\/2022\/10\/memoriaa-2-212x300.jpg 212w, https:\/\/infotorrent.es\/wp-content\/uploads\/2022\/10\/memoriaa-2-768x1086.jpg 768w, https:\/\/infotorrent.es\/wp-content\/uploads\/2022\/10\/memoriaa-2-1086x1536.jpg 1086w, https:\/\/infotorrent.es\/wp-content\/uploads\/2022\/10\/memoriaa-2.jpg 1448w\" sizes=\"(max-width: 724px) 100vw, 724px\" \/><\/figure>\n\n\n\n<figure class=\"wp-block-image size-large\"><img decoding=\"async\" width=\"674\" height=\"960\" data-id=\"53489\" src=\"https:\/\/infotorrent.es\/wp-content\/uploads\/2022\/10\/memoriaaa.jpg\" alt=\"\" class=\"wp-image-53489\" srcset=\"https:\/\/infotorrent.es\/wp-content\/uploads\/2022\/10\/memoriaaa.jpg 674w, https:\/\/infotorrent.es\/wp-content\/uploads\/2022\/10\/memoriaaa-211x300.jpg 211w\" sizes=\"(max-width: 674px) 100vw, 674px\" \/><\/figure>\n<\/figure>\n","protected":false},"excerpt":{"rendered":"<p>La mostra, que s&#8217;inaugurar\u00e0 dem\u00e0 i estar\u00e0 disponible fins al 26 d&#8217;octubre, ofereix material gr\u00e0fic in\u00e8dit sobre el paper que van exercir les mestres durant la II Rep\u00fablica La Sala C\u00edvica de l\u2019Antic\u00a0Mercat acollir\u00e0 dem\u00e0, a les 18:45h, la inauguraci\u00f3 de &#8216;Mestres de la Rep\u00fablica: Torrent 1931-1939&#8217;, una exposici\u00f3 que ofereix una profunda mirada al [&hellip;]<\/p>\n","protected":false},"author":2,"featured_media":53497,"comment_status":"open","ping_status":"open","sticky":false,"template":"","format":"standard","meta":{"_acf_changed":false,"footnotes":""},"categories":[116,117],"tags":[],"class_list":["post-53496","post","type-post","status-publish","format-standard","has-post-thumbnail","hentry","category-noticies","category-cultura"],"acf":[],"_links":{"self":[{"href":"https:\/\/infotorrent.es\/ca\/wp-json\/wp\/v2\/posts\/53496","targetHints":{"allow":["GET"]}}],"collection":[{"href":"https:\/\/infotorrent.es\/ca\/wp-json\/wp\/v2\/posts"}],"about":[{"href":"https:\/\/infotorrent.es\/ca\/wp-json\/wp\/v2\/types\/post"}],"author":[{"embeddable":true,"href":"https:\/\/infotorrent.es\/ca\/wp-json\/wp\/v2\/users\/2"}],"replies":[{"embeddable":true,"href":"https:\/\/infotorrent.es\/ca\/wp-json\/wp\/v2\/comments?post=53496"}],"version-history":[{"count":2,"href":"https:\/\/infotorrent.es\/ca\/wp-json\/wp\/v2\/posts\/53496\/revisions"}],"predecessor-version":[{"id":53501,"href":"https:\/\/infotorrent.es\/ca\/wp-json\/wp\/v2\/posts\/53496\/revisions\/53501"}],"wp:featuredmedia":[{"embeddable":true,"href":"https:\/\/infotorrent.es\/ca\/wp-json\/wp\/v2\/media\/53497"}],"wp:attachment":[{"href":"https:\/\/infotorrent.es\/ca\/wp-json\/wp\/v2\/media?parent=53496"}],"wp:term":[{"taxonomy":"category","embeddable":true,"href":"https:\/\/infotorrent.es\/ca\/wp-json\/wp\/v2\/categories?post=53496"},{"taxonomy":"post_tag","embeddable":true,"href":"https:\/\/infotorrent.es\/ca\/wp-json\/wp\/v2\/tags?post=53496"}],"curies":[{"name":"wp","href":"https:\/\/api.w.org\/{rel}","templated":true}]}}