{"id":53321,"date":"2022-10-05T14:40:51","date_gmt":"2022-10-05T14:40:51","guid":{"rendered":"https:\/\/infotorrent.es\/uncategorized\/tots-alhora-torrent-presenta-lai-trobada-dassociacions\/"},"modified":"2022-10-05T14:46:44","modified_gmt":"2022-10-05T14:46:44","slug":"tots-alhora-torrent-presenta-lai-trobada-dassociacions","status":"publish","type":"post","link":"https:\/\/infotorrent.es\/ca\/noticias-2\/tots-alhora-torrent-presenta-lai-trobada-dassociacions\/","title":{"rendered":"Tots alhora: Torrent presenta la \u2018I Trobada d\u2019Associacions\u2019"},"content":{"rendered":"\n<p><strong>L&#8217;associacionisme\u00a0torrent\u00ed es reunir\u00e0 el pr\u00f2xim 15 d&#8217;octubre en l&#8217;Auditori de Torrent, amb l&#8217;objectiu de posar en valor el treball que realitzen i la seua import\u00e0ncia en el desenvolupament de la ciutat<\/strong><\/p>\n\n\n\n<p>L&#8217;Ajuntament de Torrent ha presentat en la tradicional trobada amb els mitjans de comunicaci\u00f3 la \u2018I\u00a0Trobada d\u2019Associacions de Torrent\u2019 amb el lema\u00a0Tots\u00a0alhora. Un acte que reunir\u00e0 les principals entitats del municipi el pr\u00f2xim 15 d&#8217;octubre en l&#8217;Auditori, amb l&#8217;objectiu de posar en valor el treball que realitzen i la seua import\u00e0ncia en el desenvolupament de la ciutat. En aquest sentit, tamb\u00e9 es debatr\u00e0 sobre el paper que juguen les associacions en la democr\u00e0cia, on realitzen una funci\u00f3 vital a trav\u00e9s dels seus voluntariats i iniciatives solid\u00e0ries.<\/p>\n\n\n\n<p><strong>\u201cEs tracta d&#8217;una jornada per a retrobar-nos i compartir experi\u00e8ncies amb els nostres ve\u00efns i ve\u00efnes, donant-los el reconeixement i la import\u00e0ncia que mereixen pel seu incessant treball al servei de Torrent i la seua ciutadania\u201d<\/strong>, explica el regidor de Participaci\u00f3 Ciutadana, Jos\u00e9 Pascual Mart\u00ednez, qui destaca en aquest aspecte <strong>\u201cla influ\u00e8ncia de totes les associacions del municipi en la vida dels\u00a0torrentins i\u00a0torrentines, amb iniciatives que repercuteixen directament i de manera positiva en el seu dia a dia\u201d<\/strong>.<\/p>\n\n\n\n<p>L&#8217;esdeveniment, que es desenvolupar\u00e0 de 9 a 13:15h, estar\u00e0 dividit en tres blocs: primerament, el director de la Fundaci\u00f3\u00a0Horta\u00a0Sud, Julio\u00a0Huerta, presentar\u00e0 a la ciutadania un estudi sobre l&#8217;impacte social i econ\u00f2mic de l&#8217;associacionisme\u00a0torrent\u00ed en el municipi; seguidament, el professor de l&#8217;\u00e0rea de Sociologia i Antropologia Social de la Universitat de Val\u00e8ncia, Pau Caparr\u00f3s, realitzar\u00e0 una exposici\u00f3 sobre les eines de participaci\u00f3 ciutadana i el seu funcionament; i tancar\u00e0 la trobada una taula redona moderada per la periodista Laura Sena, en la qual es parlar\u00e0 sobre les sinergies entre associacions i els projectes col\u00b7laboratius que impulsen.<\/p>\n\n\n\n<figure class=\"wp-block-image aligncenter size-full\"><img fetchpriority=\"high\" decoding=\"async\" width=\"477\" height=\"711\" src=\"https:\/\/infotorrent.es\/wp-content\/uploads\/2022\/10\/trobada-associacions-torrent.jpeg\" alt=\"\" class=\"wp-image-53316\" srcset=\"https:\/\/infotorrent.es\/wp-content\/uploads\/2022\/10\/trobada-associacions-torrent.jpeg 477w, https:\/\/infotorrent.es\/wp-content\/uploads\/2022\/10\/trobada-associacions-torrent-201x300.jpeg 201w\" sizes=\"(max-width: 477px) 100vw, 477px\" \/><\/figure>\n\n\n\n<figure class=\"wp-block-image aligncenter size-large\"><img decoding=\"async\" width=\"1024\" height=\"683\" src=\"https:\/\/infotorrent.es\/wp-content\/uploads\/2022\/10\/rueda-de-prensa-1024x683.jpg\" alt=\"\" class=\"wp-image-53314\" srcset=\"https:\/\/infotorrent.es\/wp-content\/uploads\/2022\/10\/rueda-de-prensa-1024x683.jpg 1024w, https:\/\/infotorrent.es\/wp-content\/uploads\/2022\/10\/rueda-de-prensa-300x200.jpg 300w, https:\/\/infotorrent.es\/wp-content\/uploads\/2022\/10\/rueda-de-prensa-768x512.jpg 768w, https:\/\/infotorrent.es\/wp-content\/uploads\/2022\/10\/rueda-de-prensa-1536x1024.jpg 1536w, https:\/\/infotorrent.es\/wp-content\/uploads\/2022\/10\/rueda-de-prensa.jpg 2048w\" sizes=\"(max-width: 1024px) 100vw, 1024px\" \/><\/figure>\n","protected":false},"excerpt":{"rendered":"<p>L&#8217;associacionisme\u00a0torrent\u00ed es reunir\u00e0 el pr\u00f2xim 15 d&#8217;octubre en l&#8217;Auditori de Torrent, amb l&#8217;objectiu de posar en valor el treball que realitzen i la seua import\u00e0ncia en el desenvolupament de la ciutat L&#8217;Ajuntament de Torrent ha presentat en la tradicional trobada amb els mitjans de comunicaci\u00f3 la \u2018I\u00a0Trobada d\u2019Associacions de Torrent\u2019 amb el lema\u00a0Tots\u00a0alhora. Un acte [&hellip;]<\/p>\n","protected":false},"author":2,"featured_media":53322,"comment_status":"open","ping_status":"open","sticky":false,"template":"","format":"standard","meta":{"_acf_changed":false,"footnotes":""},"categories":[127,128],"tags":[],"class_list":["post-53321","post","type-post","status-publish","format-standard","has-post-thumbnail","hentry","category-noticias-2","category-bienestar-social-2"],"acf":[],"_links":{"self":[{"href":"https:\/\/infotorrent.es\/ca\/wp-json\/wp\/v2\/posts\/53321","targetHints":{"allow":["GET"]}}],"collection":[{"href":"https:\/\/infotorrent.es\/ca\/wp-json\/wp\/v2\/posts"}],"about":[{"href":"https:\/\/infotorrent.es\/ca\/wp-json\/wp\/v2\/types\/post"}],"author":[{"embeddable":true,"href":"https:\/\/infotorrent.es\/ca\/wp-json\/wp\/v2\/users\/2"}],"replies":[{"embeddable":true,"href":"https:\/\/infotorrent.es\/ca\/wp-json\/wp\/v2\/comments?post=53321"}],"version-history":[{"count":3,"href":"https:\/\/infotorrent.es\/ca\/wp-json\/wp\/v2\/posts\/53321\/revisions"}],"predecessor-version":[{"id":53328,"href":"https:\/\/infotorrent.es\/ca\/wp-json\/wp\/v2\/posts\/53321\/revisions\/53328"}],"wp:featuredmedia":[{"embeddable":true,"href":"https:\/\/infotorrent.es\/ca\/wp-json\/wp\/v2\/media\/53322"}],"wp:attachment":[{"href":"https:\/\/infotorrent.es\/ca\/wp-json\/wp\/v2\/media?parent=53321"}],"wp:term":[{"taxonomy":"category","embeddable":true,"href":"https:\/\/infotorrent.es\/ca\/wp-json\/wp\/v2\/categories?post=53321"},{"taxonomy":"post_tag","embeddable":true,"href":"https:\/\/infotorrent.es\/ca\/wp-json\/wp\/v2\/tags?post=53321"}],"curies":[{"name":"wp","href":"https:\/\/api.w.org\/{rel}","templated":true}]}}