{"id":53102,"date":"2022-09-28T13:17:42","date_gmt":"2022-09-28T13:17:42","guid":{"rendered":"https:\/\/infotorrent.es\/uncategorized\/torrent-clausura-la-v-semana-de-la-agricultura-dedicada-a-la-morera\/"},"modified":"2022-09-28T13:34:11","modified_gmt":"2022-09-28T13:34:11","slug":"torrent-clausura-la-v-semana-de-la-agricultura-dedicada-a-la-morera","status":"publish","type":"post","link":"https:\/\/infotorrent.es\/ca\/noticias-2\/cultura-noticias-2\/torrent-clausura-la-v-semana-de-la-agricultura-dedicada-a-la-morera\/","title":{"rendered":"Torrent clausura la V Setmana de l&#8217;AgriCultura, dedicada a la morera"},"content":{"rendered":"\n<p>La V edici\u00f3 de la Setmana de l&#8217;AgriCultura de Torrent va arribar ahir a la seua fi despr\u00e9s d&#8217;uns dies d&#8217;intensa activitat, que van culminar amb una xarrada sobre la indument\u00e0ria valenciana de seda, a c\u00e0rrec del\u00a0Grup de\u00a0Ball de Torrent, en el\u00a0Museu Comarcal de L&#8217;Horta\u00a0Sud. Aix\u00ed, del 23 al 27 de setembre, la programaci\u00f3 elaborada per l&#8217;Ajuntament de Torrent ha oferit a la ciutadania diverses exposicions, xarrades, taules redones i tallers, activitats que en aquesta edici\u00f3 han estat dedicades a la morera.<\/p>\n\n\n\n<p><strong>\u201cL&#8217;objectiu de la Setmana de l&#8217;Agricultura \u00e9s posar en valor el treball dels nostres llauradors i el nostre patrimoni agr\u00edcola, tal com era, el que \u00e9s avui i el que ser\u00e0 en un futur\u201d<\/strong>, explica la regidora de Cultura,\u00a0Susi Ferrer, qui tamb\u00e9 ha volgut mostrar el seu agra\u00efment als\u00a0torrentins i\u00a0torrentines per <strong>\u201cla seua participaci\u00f3 en les activitats que hem dut a terme durant tota la setmana\u201d.<\/strong><\/p>\n\n\n\n<p>La inauguraci\u00f3 de la Setmana de l&#8217;Agricultura va tenir lloc divendres passat 23 de setembre, amb una mostra de pintura sobre la morera elaborada per l&#8217;associaci\u00f3 Torrent Pinta, a la qual va seguir una exposici\u00f3 sobre la morera i la producci\u00f3 de seda. La programaci\u00f3 continu\u00e0 el dissabte amb l&#8217;obra de teatre infantil \u2018Horta\u2019, de la companyia\u00a0Horta\u00a0Teatre, que va fer les del\u00edcies dels m\u00e9s xicotets de la ciutat. Finalment, el dilluns 26 es va celebrar un taller de pintura de seda per a adults i un recital de poesia, el qual va estar a c\u00e0rrec de l&#8217;associaci\u00f3 Torrent de\u00a0Paraules.<\/p>\n\n\n\n<figure class=\"wp-block-gallery has-nested-images columns-default is-cropped wp-block-gallery-1 is-layout-flex wp-block-gallery-is-layout-flex\">\n<figure class=\"wp-block-image size-large\"><img fetchpriority=\"high\" decoding=\"async\" width=\"1024\" height=\"683\" data-id=\"53117\" src=\"https:\/\/infotorrent.es\/wp-content\/uploads\/2022\/09\/Semana-AgriCultura-7-1024x683.jpg\" alt=\"\" class=\"wp-image-53117\" srcset=\"https:\/\/infotorrent.es\/wp-content\/uploads\/2022\/09\/Semana-AgriCultura-7-1024x683.jpg 1024w, https:\/\/infotorrent.es\/wp-content\/uploads\/2022\/09\/Semana-AgriCultura-7-300x200.jpg 300w, https:\/\/infotorrent.es\/wp-content\/uploads\/2022\/09\/Semana-AgriCultura-7-768x512.jpg 768w, https:\/\/infotorrent.es\/wp-content\/uploads\/2022\/09\/Semana-AgriCultura-7-1536x1024.jpg 1536w, https:\/\/infotorrent.es\/wp-content\/uploads\/2022\/09\/Semana-AgriCultura-7-2048x1365.jpg 2048w\" sizes=\"(max-width: 1024px) 100vw, 1024px\" \/><\/figure>\n\n\n\n<figure class=\"wp-block-image size-large\"><img decoding=\"async\" width=\"1024\" height=\"683\" data-id=\"53111\" src=\"https:\/\/infotorrent.es\/wp-content\/uploads\/2022\/09\/Semana-AgriCultura-2-1024x683.jpg\" alt=\"\" class=\"wp-image-53111\" srcset=\"https:\/\/infotorrent.es\/wp-content\/uploads\/2022\/09\/Semana-AgriCultura-2-1024x683.jpg 1024w, https:\/\/infotorrent.es\/wp-content\/uploads\/2022\/09\/Semana-AgriCultura-2-300x200.jpg 300w, https:\/\/infotorrent.es\/wp-content\/uploads\/2022\/09\/Semana-AgriCultura-2-768x512.jpg 768w, https:\/\/infotorrent.es\/wp-content\/uploads\/2022\/09\/Semana-AgriCultura-2-1536x1024.jpg 1536w, https:\/\/infotorrent.es\/wp-content\/uploads\/2022\/09\/Semana-AgriCultura-2-2048x1365.jpg 2048w\" sizes=\"(max-width: 1024px) 100vw, 1024px\" \/><\/figure>\n\n\n\n<figure class=\"wp-block-image size-large\"><img decoding=\"async\" width=\"1024\" height=\"683\" data-id=\"53115\" src=\"https:\/\/infotorrent.es\/wp-content\/uploads\/2022\/09\/Semana-AgriCultura-3-1024x683.jpg\" alt=\"\" class=\"wp-image-53115\" srcset=\"https:\/\/infotorrent.es\/wp-content\/uploads\/2022\/09\/Semana-AgriCultura-3-1024x683.jpg 1024w, https:\/\/infotorrent.es\/wp-content\/uploads\/2022\/09\/Semana-AgriCultura-3-300x200.jpg 300w, https:\/\/infotorrent.es\/wp-content\/uploads\/2022\/09\/Semana-AgriCultura-3-768x512.jpg 768w, https:\/\/infotorrent.es\/wp-content\/uploads\/2022\/09\/Semana-AgriCultura-3-1536x1024.jpg 1536w, https:\/\/infotorrent.es\/wp-content\/uploads\/2022\/09\/Semana-AgriCultura-3-2048x1365.jpg 2048w\" sizes=\"(max-width: 1024px) 100vw, 1024px\" \/><\/figure>\n\n\n\n<figure class=\"wp-block-image size-large\"><img loading=\"lazy\" decoding=\"async\" width=\"1024\" height=\"683\" data-id=\"53119\" src=\"https:\/\/infotorrent.es\/wp-content\/uploads\/2022\/09\/Semana-AgriCultura-4-1024x683.jpg\" alt=\"\" class=\"wp-image-53119\" srcset=\"https:\/\/infotorrent.es\/wp-content\/uploads\/2022\/09\/Semana-AgriCultura-4-1024x683.jpg 1024w, https:\/\/infotorrent.es\/wp-content\/uploads\/2022\/09\/Semana-AgriCultura-4-300x200.jpg 300w, https:\/\/infotorrent.es\/wp-content\/uploads\/2022\/09\/Semana-AgriCultura-4-768x512.jpg 768w, https:\/\/infotorrent.es\/wp-content\/uploads\/2022\/09\/Semana-AgriCultura-4-1536x1024.jpg 1536w, https:\/\/infotorrent.es\/wp-content\/uploads\/2022\/09\/Semana-AgriCultura-4-2048x1365.jpg 2048w\" sizes=\"(max-width: 1024px) 100vw, 1024px\" \/><\/figure>\n\n\n\n<figure class=\"wp-block-image size-large\"><img loading=\"lazy\" decoding=\"async\" width=\"1024\" height=\"683\" data-id=\"53121\" src=\"https:\/\/infotorrent.es\/wp-content\/uploads\/2022\/09\/Semana-AgriCultura-5-1024x683.jpg\" alt=\"\" class=\"wp-image-53121\" srcset=\"https:\/\/infotorrent.es\/wp-content\/uploads\/2022\/09\/Semana-AgriCultura-5-1024x683.jpg 1024w, https:\/\/infotorrent.es\/wp-content\/uploads\/2022\/09\/Semana-AgriCultura-5-300x200.jpg 300w, https:\/\/infotorrent.es\/wp-content\/uploads\/2022\/09\/Semana-AgriCultura-5-768x512.jpg 768w, https:\/\/infotorrent.es\/wp-content\/uploads\/2022\/09\/Semana-AgriCultura-5-1536x1024.jpg 1536w, https:\/\/infotorrent.es\/wp-content\/uploads\/2022\/09\/Semana-AgriCultura-5-2048x1365.jpg 2048w\" sizes=\"(max-width: 1024px) 100vw, 1024px\" \/><\/figure>\n\n\n\n<figure class=\"wp-block-image size-large\"><img loading=\"lazy\" decoding=\"async\" width=\"1024\" height=\"683\" data-id=\"53113\" src=\"https:\/\/infotorrent.es\/wp-content\/uploads\/2022\/09\/Semana-AgriCultura-6-1024x683.jpg\" alt=\"\" class=\"wp-image-53113\" srcset=\"https:\/\/infotorrent.es\/wp-content\/uploads\/2022\/09\/Semana-AgriCultura-6-1024x683.jpg 1024w, https:\/\/infotorrent.es\/wp-content\/uploads\/2022\/09\/Semana-AgriCultura-6-300x200.jpg 300w, https:\/\/infotorrent.es\/wp-content\/uploads\/2022\/09\/Semana-AgriCultura-6-768x512.jpg 768w, https:\/\/infotorrent.es\/wp-content\/uploads\/2022\/09\/Semana-AgriCultura-6-1536x1024.jpg 1536w, https:\/\/infotorrent.es\/wp-content\/uploads\/2022\/09\/Semana-AgriCultura-6-2048x1365.jpg 2048w\" sizes=\"(max-width: 1024px) 100vw, 1024px\" \/><\/figure>\n\n\n\n<figure class=\"wp-block-image size-large\"><img loading=\"lazy\" decoding=\"async\" width=\"1024\" height=\"683\" data-id=\"53123\" src=\"https:\/\/infotorrent.es\/wp-content\/uploads\/2022\/09\/Semana-AgriCultura-8-1024x683.jpg\" alt=\"\" class=\"wp-image-53123\" srcset=\"https:\/\/infotorrent.es\/wp-content\/uploads\/2022\/09\/Semana-AgriCultura-8-1024x683.jpg 1024w, https:\/\/infotorrent.es\/wp-content\/uploads\/2022\/09\/Semana-AgriCultura-8-300x200.jpg 300w, https:\/\/infotorrent.es\/wp-content\/uploads\/2022\/09\/Semana-AgriCultura-8-768x512.jpg 768w, https:\/\/infotorrent.es\/wp-content\/uploads\/2022\/09\/Semana-AgriCultura-8-1536x1024.jpg 1536w, https:\/\/infotorrent.es\/wp-content\/uploads\/2022\/09\/Semana-AgriCultura-8-2048x1365.jpg 2048w\" sizes=\"(max-width: 1024px) 100vw, 1024px\" \/><\/figure>\n<\/figure>\n","protected":false},"excerpt":{"rendered":"<p>La V edici\u00f3 de la Setmana de l&#8217;AgriCultura de Torrent va arribar ahir a la seua fi despr\u00e9s d&#8217;uns dies d&#8217;intensa activitat, que van culminar amb una xarrada sobre la indument\u00e0ria valenciana de seda, a c\u00e0rrec del\u00a0Grup de\u00a0Ball de Torrent, en el\u00a0Museu Comarcal de L&#8217;Horta\u00a0Sud. Aix\u00ed, del 23 al 27 de setembre, la programaci\u00f3 elaborada [&hellip;]<\/p>\n","protected":false},"author":5,"featured_media":53133,"comment_status":"open","ping_status":"open","sticky":false,"template":"","format":"standard","meta":{"_acf_changed":false,"footnotes":""},"categories":[756,163,790,249,34],"tags":[],"class_list":["post-53102","post","type-post","status-publish","format-standard","has-post-thumbnail","hentry","category-cultura-noticias-2","category-cultura-noticias","category-medio-ambiente-noticias-2","category-medio-ambiente-noticias","category-noticias"],"acf":[],"_links":{"self":[{"href":"https:\/\/infotorrent.es\/ca\/wp-json\/wp\/v2\/posts\/53102","targetHints":{"allow":["GET"]}}],"collection":[{"href":"https:\/\/infotorrent.es\/ca\/wp-json\/wp\/v2\/posts"}],"about":[{"href":"https:\/\/infotorrent.es\/ca\/wp-json\/wp\/v2\/types\/post"}],"author":[{"embeddable":true,"href":"https:\/\/infotorrent.es\/ca\/wp-json\/wp\/v2\/users\/5"}],"replies":[{"embeddable":true,"href":"https:\/\/infotorrent.es\/ca\/wp-json\/wp\/v2\/comments?post=53102"}],"version-history":[{"count":4,"href":"https:\/\/infotorrent.es\/ca\/wp-json\/wp\/v2\/posts\/53102\/revisions"}],"predecessor-version":[{"id":53132,"href":"https:\/\/infotorrent.es\/ca\/wp-json\/wp\/v2\/posts\/53102\/revisions\/53132"}],"wp:featuredmedia":[{"embeddable":true,"href":"https:\/\/infotorrent.es\/ca\/wp-json\/wp\/v2\/media\/53133"}],"wp:attachment":[{"href":"https:\/\/infotorrent.es\/ca\/wp-json\/wp\/v2\/media?parent=53102"}],"wp:term":[{"taxonomy":"category","embeddable":true,"href":"https:\/\/infotorrent.es\/ca\/wp-json\/wp\/v2\/categories?post=53102"},{"taxonomy":"post_tag","embeddable":true,"href":"https:\/\/infotorrent.es\/ca\/wp-json\/wp\/v2\/tags?post=53102"}],"curies":[{"name":"wp","href":"https:\/\/api.w.org\/{rel}","templated":true}]}}