{"id":52950,"date":"2022-09-26T13:28:52","date_gmt":"2022-09-26T13:28:52","guid":{"rendered":"https:\/\/infotorrent.es\/uncategorized\/torrent-pone-el-broche-de-oro-a-la-semana-europea-de-la-movilidad-2022\/"},"modified":"2022-09-26T13:33:45","modified_gmt":"2022-09-26T13:33:45","slug":"torrent-pone-el-broche-de-oro-a-la-semana-europea-de-la-movilidad-2022","status":"publish","type":"post","link":"https:\/\/infotorrent.es\/ca\/mobilitat\/torrent-pone-el-broche-de-oro-a-la-semana-europea-de-la-movilidad-2022\/","title":{"rendered":"Torrent posa el fermall d&#8217;or a la Setmana Europea de la Mobilitat 2022"},"content":{"rendered":"\n<p><strong>Les activitats van concloure divendres passat amb la celebraci\u00f3 d&#8217;un \u2018Passeig de Jane\u2019 i el lliurament de premis del concurs de dibuix infantil de la\u00a0SEM 2022<\/strong><\/p>\n\n\n\n<p>Divendres passat va concloure la Setmana Europea de la Mobilitat 2022, despr\u00e9s d&#8217;uns dies d&#8217;intensa activitat que van culminar amb la celebraci\u00f3 d&#8217;un \u2018Passeig de Jane\u2019, un recorregut a peu o amb per a reivindicar els camins del\u00a0Vedat com a espais de conviv\u00e8ncia ciutadana, i el lliurament de premis del concurs de dibuix infantil de la\u00a0SEM 2022, en el qual les tres persones premiades van rebre dos patinets i una bicicleta, despr\u00e9s del veredicte del jurat format per\u00a0Dori Climent (pintora d&#8217;art pl\u00e0stica graduada en Belles arts i presidenta de la\u00a0FAC) i Nuria Fern\u00e1ndez (tamb\u00e9 pintora d&#8217;art pl\u00e0stica graduada en Belles arts).<\/p>\n\n\n\n<p><strong>\u201cContinuem apostant per la promoci\u00f3 de les pr\u00e0ctiques de mobilitat sostenible com un dels eixos fonamentals per a la construcci\u00f3 del Torrent del futur i, per aix\u00f2, enguany hem desenvolupat una programaci\u00f3 variada i completa per a conscienciar a la ciutadania de la repercussi\u00f3 que t\u00e9 en el nostre entorn l&#8217;aplicar aquestes pol\u00edtiques i connectar millor\u201d<\/strong>, explica el regidor de Mobilitat, Ra\u00fal Claramonte, qui tamb\u00e9 ha volgut agrair als ve\u00efns i ve\u00efnes de Torrent <strong>\u201cla gran resposta i acolliment que han tingut les activitats de la\u00a0SEM 2022, ja que han sigut tot un \u00e8xit de participaci\u00f3 ciutadana\u201d<\/strong>.<\/p>\n\n\n\n<p>Aix\u00ed mateix, l&#8217;edil ha mostrat el seu agra\u00efment al col\u00b7lectiu\u00a0Soterranya,\u00a0Asidit, Astre Torrent, Bici\u00a0Sense\u00a0Edat,\u00a0Caixa Rural\u00a0Torrrent,\u00a0Caixa Popular, Creu Roja Torrent,\u00a0ACST, Bicis per a Totes, FDM,\u00a0Moyus, Policia Local i Protecci\u00f3 Civil de Torrent,\u00a0Mibisi,\u00a0UMT i el Cercle Cat\u00f2lic per<strong> \u201cla seua col\u00b7laboraci\u00f3 en l&#8217;organitzaci\u00f3 de les activitats de la\u00a0**SEM 2022 i pel seu comprom\u00eds amb la ciutat&#8221;.<\/strong><\/p>\n\n\n\n<figure class=\"wp-block-gallery has-nested-images columns-default is-cropped wp-block-gallery-1 is-layout-flex wp-block-gallery-is-layout-flex\">\n<figure class=\"wp-block-image size-large\"><img fetchpriority=\"high\" decoding=\"async\" width=\"1024\" height=\"769\" data-id=\"52944\" src=\"https:\/\/infotorrent.es\/wp-content\/uploads\/2022\/09\/Desayuno-Sosstenible-22-de-septiembre-1-1024x769.jpg\" alt=\"\" class=\"wp-image-52944\" srcset=\"https:\/\/infotorrent.es\/wp-content\/uploads\/2022\/09\/Desayuno-Sosstenible-22-de-septiembre-1-1024x769.jpg 1024w, https:\/\/infotorrent.es\/wp-content\/uploads\/2022\/09\/Desayuno-Sosstenible-22-de-septiembre-1-300x225.jpg 300w, https:\/\/infotorrent.es\/wp-content\/uploads\/2022\/09\/Desayuno-Sosstenible-22-de-septiembre-1-768x576.jpg 768w, https:\/\/infotorrent.es\/wp-content\/uploads\/2022\/09\/Desayuno-Sosstenible-22-de-septiembre-1-1536x1153.jpg 1536w, https:\/\/infotorrent.es\/wp-content\/uploads\/2022\/09\/Desayuno-Sosstenible-22-de-septiembre-1.jpg 1600w\" sizes=\"(max-width: 1024px) 100vw, 1024px\" \/><\/figure>\n\n\n\n<figure class=\"wp-block-image size-large\"><img decoding=\"async\" width=\"1024\" height=\"472\" data-id=\"52936\" src=\"https:\/\/infotorrent.es\/wp-content\/uploads\/2022\/09\/ENTREGA-FOTO-GANADORES-CONCURSO-DIBUJO-DE-ANIMACION-INFANTIL-1-1024x472.jpg\" alt=\"\" class=\"wp-image-52936\" srcset=\"https:\/\/infotorrent.es\/wp-content\/uploads\/2022\/09\/ENTREGA-FOTO-GANADORES-CONCURSO-DIBUJO-DE-ANIMACION-INFANTIL-1-1024x472.jpg 1024w, https:\/\/infotorrent.es\/wp-content\/uploads\/2022\/09\/ENTREGA-FOTO-GANADORES-CONCURSO-DIBUJO-DE-ANIMACION-INFANTIL-1-300x138.jpg 300w, https:\/\/infotorrent.es\/wp-content\/uploads\/2022\/09\/ENTREGA-FOTO-GANADORES-CONCURSO-DIBUJO-DE-ANIMACION-INFANTIL-1-768x354.jpg 768w, https:\/\/infotorrent.es\/wp-content\/uploads\/2022\/09\/ENTREGA-FOTO-GANADORES-CONCURSO-DIBUJO-DE-ANIMACION-INFANTIL-1-1536x708.jpg 1536w, https:\/\/infotorrent.es\/wp-content\/uploads\/2022\/09\/ENTREGA-FOTO-GANADORES-CONCURSO-DIBUJO-DE-ANIMACION-INFANTIL-1.jpg 1600w\" sizes=\"(max-width: 1024px) 100vw, 1024px\" \/><\/figure>\n\n\n\n<figure class=\"wp-block-image size-large\"><img decoding=\"async\" width=\"1024\" height=\"472\" data-id=\"52940\" src=\"https:\/\/infotorrent.es\/wp-content\/uploads\/2022\/09\/ENTREGA-PREMIOS-CONCURSO-DIBUJO-ANIMACION-INFANTIL-1024x472.jpg\" alt=\"\" class=\"wp-image-52940\" srcset=\"https:\/\/infotorrent.es\/wp-content\/uploads\/2022\/09\/ENTREGA-PREMIOS-CONCURSO-DIBUJO-ANIMACION-INFANTIL-1024x472.jpg 1024w, https:\/\/infotorrent.es\/wp-content\/uploads\/2022\/09\/ENTREGA-PREMIOS-CONCURSO-DIBUJO-ANIMACION-INFANTIL-300x138.jpg 300w, https:\/\/infotorrent.es\/wp-content\/uploads\/2022\/09\/ENTREGA-PREMIOS-CONCURSO-DIBUJO-ANIMACION-INFANTIL-768x354.jpg 768w, https:\/\/infotorrent.es\/wp-content\/uploads\/2022\/09\/ENTREGA-PREMIOS-CONCURSO-DIBUJO-ANIMACION-INFANTIL-1536x707.jpg 1536w, https:\/\/infotorrent.es\/wp-content\/uploads\/2022\/09\/ENTREGA-PREMIOS-CONCURSO-DIBUJO-ANIMACION-INFANTIL.jpg 2048w\" sizes=\"(max-width: 1024px) 100vw, 1024px\" \/><\/figure>\n\n\n\n<figure class=\"wp-block-image size-large\"><img loading=\"lazy\" decoding=\"async\" width=\"1024\" height=\"472\" data-id=\"52938\" src=\"https:\/\/infotorrent.es\/wp-content\/uploads\/2022\/09\/Jurado-concurso-de-dibujos-Dori-Climent-y-Nuria-Fernandez-1-1024x472.jpg\" alt=\"\" class=\"wp-image-52938\" srcset=\"https:\/\/infotorrent.es\/wp-content\/uploads\/2022\/09\/Jurado-concurso-de-dibujos-Dori-Climent-y-Nuria-Fernandez-1-1024x472.jpg 1024w, https:\/\/infotorrent.es\/wp-content\/uploads\/2022\/09\/Jurado-concurso-de-dibujos-Dori-Climent-y-Nuria-Fernandez-1-300x138.jpg 300w, https:\/\/infotorrent.es\/wp-content\/uploads\/2022\/09\/Jurado-concurso-de-dibujos-Dori-Climent-y-Nuria-Fernandez-1-768x354.jpg 768w, https:\/\/infotorrent.es\/wp-content\/uploads\/2022\/09\/Jurado-concurso-de-dibujos-Dori-Climent-y-Nuria-Fernandez-1-1536x708.jpg 1536w, https:\/\/infotorrent.es\/wp-content\/uploads\/2022\/09\/Jurado-concurso-de-dibujos-Dori-Climent-y-Nuria-Fernandez-1.jpg 1600w\" sizes=\"(max-width: 1024px) 100vw, 1024px\" \/><\/figure>\n\n\n\n<figure class=\"wp-block-image size-large\"><img loading=\"lazy\" decoding=\"async\" width=\"1024\" height=\"472\" data-id=\"52942\" src=\"https:\/\/infotorrent.es\/wp-content\/uploads\/2022\/09\/PASEO-DE-JANE-POR-EL-VEDAT-2-1-1024x472.jpg\" alt=\"\" class=\"wp-image-52942\" srcset=\"https:\/\/infotorrent.es\/wp-content\/uploads\/2022\/09\/PASEO-DE-JANE-POR-EL-VEDAT-2-1-1024x472.jpg 1024w, https:\/\/infotorrent.es\/wp-content\/uploads\/2022\/09\/PASEO-DE-JANE-POR-EL-VEDAT-2-1-300x138.jpg 300w, https:\/\/infotorrent.es\/wp-content\/uploads\/2022\/09\/PASEO-DE-JANE-POR-EL-VEDAT-2-1-768x354.jpg 768w, https:\/\/infotorrent.es\/wp-content\/uploads\/2022\/09\/PASEO-DE-JANE-POR-EL-VEDAT-2-1-1536x707.jpg 1536w, https:\/\/infotorrent.es\/wp-content\/uploads\/2022\/09\/PASEO-DE-JANE-POR-EL-VEDAT-2-1.jpg 2048w\" sizes=\"(max-width: 1024px) 100vw, 1024px\" \/><\/figure>\n\n\n\n<figure class=\"wp-block-image size-large\"><img loading=\"lazy\" decoding=\"async\" width=\"576\" height=\"1024\" data-id=\"52946\" src=\"https:\/\/infotorrent.es\/wp-content\/uploads\/2022\/09\/PASEO-DE-JANE-POR-EL-VEDAT-1-576x1024.jpg\" alt=\"\" class=\"wp-image-52946\" srcset=\"https:\/\/infotorrent.es\/wp-content\/uploads\/2022\/09\/PASEO-DE-JANE-POR-EL-VEDAT-1-576x1024.jpg 576w, https:\/\/infotorrent.es\/wp-content\/uploads\/2022\/09\/PASEO-DE-JANE-POR-EL-VEDAT-1-169x300.jpg 169w, https:\/\/infotorrent.es\/wp-content\/uploads\/2022\/09\/PASEO-DE-JANE-POR-EL-VEDAT-1-768x1366.jpg 768w, https:\/\/infotorrent.es\/wp-content\/uploads\/2022\/09\/PASEO-DE-JANE-POR-EL-VEDAT-1-864x1536.jpg 864w, https:\/\/infotorrent.es\/wp-content\/uploads\/2022\/09\/PASEO-DE-JANE-POR-EL-VEDAT-1.jpg 899w\" sizes=\"(max-width: 576px) 100vw, 576px\" \/><\/figure>\n<\/figure>\n","protected":false},"excerpt":{"rendered":"<p>Les activitats van concloure divendres passat amb la celebraci\u00f3 d&#8217;un \u2018Passeig de Jane\u2019 i el lliurament de premis del concurs de dibuix infantil de la\u00a0SEM 2022 Divendres passat va concloure la Setmana Europea de la Mobilitat 2022, despr\u00e9s d&#8217;uns dies d&#8217;intensa activitat que van culminar amb la celebraci\u00f3 d&#8217;un \u2018Passeig de Jane\u2019, un recorregut a [&hellip;]<\/p>\n","protected":false},"author":5,"featured_media":52954,"comment_status":"open","ping_status":"open","sticky":false,"template":"","format":"standard","meta":{"_acf_changed":false,"footnotes":""},"categories":[147,249,34],"tags":[],"class_list":["post-52950","post","type-post","status-publish","format-standard","has-post-thumbnail","hentry","category-mobilitat","category-medio-ambiente-noticias","category-noticias"],"acf":[],"_links":{"self":[{"href":"https:\/\/infotorrent.es\/ca\/wp-json\/wp\/v2\/posts\/52950","targetHints":{"allow":["GET"]}}],"collection":[{"href":"https:\/\/infotorrent.es\/ca\/wp-json\/wp\/v2\/posts"}],"about":[{"href":"https:\/\/infotorrent.es\/ca\/wp-json\/wp\/v2\/types\/post"}],"author":[{"embeddable":true,"href":"https:\/\/infotorrent.es\/ca\/wp-json\/wp\/v2\/users\/5"}],"replies":[{"embeddable":true,"href":"https:\/\/infotorrent.es\/ca\/wp-json\/wp\/v2\/comments?post=52950"}],"version-history":[{"count":1,"href":"https:\/\/infotorrent.es\/ca\/wp-json\/wp\/v2\/posts\/52950\/revisions"}],"predecessor-version":[{"id":52953,"href":"https:\/\/infotorrent.es\/ca\/wp-json\/wp\/v2\/posts\/52950\/revisions\/52953"}],"wp:featuredmedia":[{"embeddable":true,"href":"https:\/\/infotorrent.es\/ca\/wp-json\/wp\/v2\/media\/52954"}],"wp:attachment":[{"href":"https:\/\/infotorrent.es\/ca\/wp-json\/wp\/v2\/media?parent=52950"}],"wp:term":[{"taxonomy":"category","embeddable":true,"href":"https:\/\/infotorrent.es\/ca\/wp-json\/wp\/v2\/categories?post=52950"},{"taxonomy":"post_tag","embeddable":true,"href":"https:\/\/infotorrent.es\/ca\/wp-json\/wp\/v2\/tags?post=52950"}],"curies":[{"name":"wp","href":"https:\/\/api.w.org\/{rel}","templated":true}]}}