{"id":52648,"date":"2022-09-15T12:59:58","date_gmt":"2022-09-15T12:59:58","guid":{"rendered":"https:\/\/infotorrent.es\/?p=52648"},"modified":"2022-09-15T13:02:03","modified_gmt":"2022-09-15T13:02:03","slug":"la-fira-roda-mes-a-torrent-dona-el-tret-deixida-a-la-setmana-de-la-mobilitat-de-torrent%ef%bf%bc","status":"publish","type":"post","link":"https:\/\/infotorrent.es\/ca\/noticies\/seguretat-ciutadana\/la-fira-roda-mes-a-torrent-dona-el-tret-deixida-a-la-setmana-de-la-mobilitat-de-torrent%ef%bf%bc\/","title":{"rendered":"La Fira \u2018Roda Mes a Torrent\u2019 dona el tret d&#8217;eixida a la Setmana de la Mobilitat de Torrent"},"content":{"rendered":"\n<h6 class=\"wp-block-heading\">Aquesta exposici\u00f3 ofereix una mostra de vehicles el\u00e8ctrics de grans marques del sector, aix\u00ed com el projecte fabricat per l&#8217;alumnat del cicle d&#8217;electromec\u00e0nica de l&#8217;IES La Marxadella<\/h6>\n\n\n\n<h6 class=\"wp-block-heading\">La programaci\u00f3 de la Setmana de la Mobilitat de Torrent continua dem\u00e0 amb la taula col\u00b7loqui \u2018El Transport del Futur\u2019 i el ciclopaseo nocturn \u2018Bicinit\u2019<\/h6>\n\n\n\n<h6 class=\"wp-block-heading\">Durant aquesta setmana la ciutadania de Torrent pot gaudir de servei de transport TorrentBus de manera gratu\u00efta<\/h6>\n\n\n\n<p>&nbsp;La programaci\u00f3 de la Setmana de la Mobilitat de Torrent ha donat inici aquest mat\u00ed amb la inauguraci\u00f3 de la Fira de Mobilitat Sostenible \u2018Roda MES a Torrent\u2019 en l&#8217;Avinguda del Vedat, on la ciutadania podr\u00e0 gaudir d&#8217;una exposici\u00f3 de vehicles el\u00e8ctrics fins dissabte que ve 17 de setembre, en horari de 10 a 14h i de 17 a 20h, amb la pres\u00e8ncia d&#8217;algunes de les grans marques del sector com a Tesla, Cupra, BMW o Citr\u00f6en, aix\u00ed com del projecte fabricat pels alumnes i alumnes del cicle d&#8217;electromec\u00e0nica de l&#8217;IES La Marxadella. Aix\u00ed mateix, per a complementar aquesta activitat, la Uni\u00f3 Musical de Torrent i el Cercle Cat\u00f2lic amenitzaran les vesprades de la Fira amb un variat repertori musical. D&#8217;altra banda, cal destacar que durant aquesta setmana el servei de transport TorrentBus ser\u00e0 totalment gratu\u00eft per a la ciutadania de Torrent.<\/p>\n\n\n\n<p><strong>\u201cAmb la inauguraci\u00f3 d&#8217;aquesta Fira \u2018Roda MES a Torrent\u2019 s&#8217;obri als torrentinos i torrentinas la possibilitat de con\u00e8ixer de prop i accedir a alguns mitjans de transport alternatius com a vehicles el\u00e8ctrics, motos i patinets que poden provar-se durant aquests dies de la Fira. Una iniciativa per a conscienciar-nos i avan\u00e7ar en un Torrent m\u00e9s sostenible, un municipi que ens mereixem\u201d<\/strong>, destaca el regidor de Mobilitat, Ra\u00fal Claramonte, qui afig que <strong>\u201ctamb\u00e9 \u00e9s una manera de contribuir amb els concessionaris i comer\u00e7 local que ofereixen els seus \u00faltims models de mobilitat sostenible\u201d<\/strong>.<\/p>\n\n\n\n<p>Les activitats continuaran dem\u00e0 a les 19h amb la celebraci\u00f3 de la taula col\u00b7loqui \u2018El Transport del Futur\u2019 a la Sala C\u00edvica de l\u2019Antic Mercat, que comptar\u00e0 amb la participaci\u00f3 de destacats membres de les institucions locals, auton\u00f2miques i europees, juntament amb representants del moviment associatiu i empresarial. Abans, a les 18h, es realitzar\u00e0 una recepci\u00f3 amb orxata i fartons per als assistents. A la nit la programaci\u00f3 prosseguir\u00e0 amb el ciclopaseo nocturn \u2018Bicinit\u2019, el qual s&#8217;iniciar\u00e0 a les 21h des de La Torre fins a arribar a Santa Ana, amb l&#8217;observaci\u00f3 astron\u00f2mica com a gran protagonista.<\/p>\n\n\n\n<figure class=\"wp-block-gallery has-nested-images columns-default is-cropped wp-block-gallery-1 is-layout-flex wp-block-gallery-is-layout-flex\">\n<figure class=\"wp-block-image size-large\"><img fetchpriority=\"high\" decoding=\"async\" width=\"2560\" height=\"1707\" data-id=\"52623\" src=\"https:\/\/infotorrent.es\/wp-content\/uploads\/2022\/09\/semana-movilidad-1-2-scaled.jpg\" alt=\"\" class=\"wp-image-52623\" srcset=\"https:\/\/infotorrent.es\/wp-content\/uploads\/2022\/09\/semana-movilidad-1-2-scaled.jpg 2560w, https:\/\/infotorrent.es\/wp-content\/uploads\/2022\/09\/semana-movilidad-1-2-300x200.jpg 300w, https:\/\/infotorrent.es\/wp-content\/uploads\/2022\/09\/semana-movilidad-1-2-1024x683.jpg 1024w, https:\/\/infotorrent.es\/wp-content\/uploads\/2022\/09\/semana-movilidad-1-2-768x512.jpg 768w, https:\/\/infotorrent.es\/wp-content\/uploads\/2022\/09\/semana-movilidad-1-2-1536x1024.jpg 1536w, https:\/\/infotorrent.es\/wp-content\/uploads\/2022\/09\/semana-movilidad-1-2-2048x1365.jpg 2048w\" sizes=\"(max-width: 2560px) 100vw, 2560px\" \/><\/figure>\n\n\n\n<figure class=\"wp-block-image size-large\"><img decoding=\"async\" width=\"2560\" height=\"1707\" data-id=\"52621\" src=\"https:\/\/infotorrent.es\/wp-content\/uploads\/2022\/09\/semana-movilidad-1-5-scaled.jpg\" alt=\"\" class=\"wp-image-52621\" srcset=\"https:\/\/infotorrent.es\/wp-content\/uploads\/2022\/09\/semana-movilidad-1-5-scaled.jpg 2560w, https:\/\/infotorrent.es\/wp-content\/uploads\/2022\/09\/semana-movilidad-1-5-300x200.jpg 300w, https:\/\/infotorrent.es\/wp-content\/uploads\/2022\/09\/semana-movilidad-1-5-1024x683.jpg 1024w, https:\/\/infotorrent.es\/wp-content\/uploads\/2022\/09\/semana-movilidad-1-5-768x512.jpg 768w, https:\/\/infotorrent.es\/wp-content\/uploads\/2022\/09\/semana-movilidad-1-5-1536x1024.jpg 1536w, https:\/\/infotorrent.es\/wp-content\/uploads\/2022\/09\/semana-movilidad-1-5-2048x1365.jpg 2048w\" sizes=\"(max-width: 2560px) 100vw, 2560px\" \/><\/figure>\n\n\n\n<figure class=\"wp-block-image size-large\"><img decoding=\"async\" width=\"2560\" height=\"1213\" data-id=\"52619\" src=\"https:\/\/infotorrent.es\/wp-content\/uploads\/2022\/09\/semana-movilidad-1-4-scaled.jpg\" alt=\"\" class=\"wp-image-52619\" srcset=\"https:\/\/infotorrent.es\/wp-content\/uploads\/2022\/09\/semana-movilidad-1-4-scaled.jpg 2560w, https:\/\/infotorrent.es\/wp-content\/uploads\/2022\/09\/semana-movilidad-1-4-300x142.jpg 300w, https:\/\/infotorrent.es\/wp-content\/uploads\/2022\/09\/semana-movilidad-1-4-1024x485.jpg 1024w, https:\/\/infotorrent.es\/wp-content\/uploads\/2022\/09\/semana-movilidad-1-4-768x364.jpg 768w, https:\/\/infotorrent.es\/wp-content\/uploads\/2022\/09\/semana-movilidad-1-4-1536x728.jpg 1536w, https:\/\/infotorrent.es\/wp-content\/uploads\/2022\/09\/semana-movilidad-1-4-2048x971.jpg 2048w\" sizes=\"(max-width: 2560px) 100vw, 2560px\" \/><\/figure>\n\n\n\n<figure class=\"wp-block-image size-large\"><img loading=\"lazy\" decoding=\"async\" width=\"2560\" height=\"1707\" data-id=\"52625\" src=\"https:\/\/infotorrent.es\/wp-content\/uploads\/2022\/09\/semana-movilidad-1-1-scaled.jpg\" alt=\"\" class=\"wp-image-52625\" srcset=\"https:\/\/infotorrent.es\/wp-content\/uploads\/2022\/09\/semana-movilidad-1-1-scaled.jpg 2560w, https:\/\/infotorrent.es\/wp-content\/uploads\/2022\/09\/semana-movilidad-1-1-300x200.jpg 300w, https:\/\/infotorrent.es\/wp-content\/uploads\/2022\/09\/semana-movilidad-1-1-1024x683.jpg 1024w, https:\/\/infotorrent.es\/wp-content\/uploads\/2022\/09\/semana-movilidad-1-1-768x512.jpg 768w, https:\/\/infotorrent.es\/wp-content\/uploads\/2022\/09\/semana-movilidad-1-1-1536x1024.jpg 1536w, https:\/\/infotorrent.es\/wp-content\/uploads\/2022\/09\/semana-movilidad-1-1-2048x1365.jpg 2048w\" sizes=\"(max-width: 2560px) 100vw, 2560px\" \/><\/figure>\n\n\n\n<figure class=\"wp-block-image size-large\"><img loading=\"lazy\" decoding=\"async\" width=\"2560\" height=\"1707\" data-id=\"52627\" src=\"https:\/\/infotorrent.es\/wp-content\/uploads\/2022\/09\/semana-movilidad-1-6-scaled.jpg\" alt=\"\" class=\"wp-image-52627\" srcset=\"https:\/\/infotorrent.es\/wp-content\/uploads\/2022\/09\/semana-movilidad-1-6-scaled.jpg 2560w, https:\/\/infotorrent.es\/wp-content\/uploads\/2022\/09\/semana-movilidad-1-6-300x200.jpg 300w, https:\/\/infotorrent.es\/wp-content\/uploads\/2022\/09\/semana-movilidad-1-6-1024x683.jpg 1024w, https:\/\/infotorrent.es\/wp-content\/uploads\/2022\/09\/semana-movilidad-1-6-768x512.jpg 768w, https:\/\/infotorrent.es\/wp-content\/uploads\/2022\/09\/semana-movilidad-1-6-1536x1024.jpg 1536w, https:\/\/infotorrent.es\/wp-content\/uploads\/2022\/09\/semana-movilidad-1-6-2048x1365.jpg 2048w\" sizes=\"(max-width: 2560px) 100vw, 2560px\" \/><\/figure>\n\n\n\n<figure class=\"wp-block-image size-large\"><img loading=\"lazy\" decoding=\"async\" width=\"2560\" height=\"1707\" data-id=\"52629\" src=\"https:\/\/infotorrent.es\/wp-content\/uploads\/2022\/09\/semana-movilidad-1-3-scaled.jpg\" alt=\"\" class=\"wp-image-52629\" srcset=\"https:\/\/infotorrent.es\/wp-content\/uploads\/2022\/09\/semana-movilidad-1-3-scaled.jpg 2560w, https:\/\/infotorrent.es\/wp-content\/uploads\/2022\/09\/semana-movilidad-1-3-300x200.jpg 300w, https:\/\/infotorrent.es\/wp-content\/uploads\/2022\/09\/semana-movilidad-1-3-1024x683.jpg 1024w, https:\/\/infotorrent.es\/wp-content\/uploads\/2022\/09\/semana-movilidad-1-3-768x512.jpg 768w, https:\/\/infotorrent.es\/wp-content\/uploads\/2022\/09\/semana-movilidad-1-3-1536x1024.jpg 1536w, https:\/\/infotorrent.es\/wp-content\/uploads\/2022\/09\/semana-movilidad-1-3-2048x1365.jpg 2048w\" sizes=\"(max-width: 2560px) 100vw, 2560px\" \/><\/figure>\n<\/figure>\n","protected":false},"excerpt":{"rendered":"<p>Aquesta exposici\u00f3 ofereix una mostra de vehicles el\u00e8ctrics de grans marques del sector, aix\u00ed com el projecte fabricat per l&#8217;alumnat del cicle d&#8217;electromec\u00e0nica de l&#8217;IES La Marxadella La programaci\u00f3 de la Setmana de la Mobilitat de Torrent continua dem\u00e0 amb la taula col\u00b7loqui \u2018El Transport del Futur\u2019 i el ciclopaseo nocturn \u2018Bicinit\u2019 Durant aquesta setmana [&hellip;]<\/p>\n","protected":false},"author":2,"featured_media":52656,"comment_status":"open","ping_status":"open","sticky":false,"template":"","format":"standard","meta":{"_acf_changed":false,"footnotes":""},"categories":[42],"tags":[],"class_list":["post-52648","post","type-post","status-publish","format-standard","has-post-thumbnail","hentry","category-seguridad-ciudadana"],"acf":[],"_links":{"self":[{"href":"https:\/\/infotorrent.es\/ca\/wp-json\/wp\/v2\/posts\/52648","targetHints":{"allow":["GET"]}}],"collection":[{"href":"https:\/\/infotorrent.es\/ca\/wp-json\/wp\/v2\/posts"}],"about":[{"href":"https:\/\/infotorrent.es\/ca\/wp-json\/wp\/v2\/types\/post"}],"author":[{"embeddable":true,"href":"https:\/\/infotorrent.es\/ca\/wp-json\/wp\/v2\/users\/2"}],"replies":[{"embeddable":true,"href":"https:\/\/infotorrent.es\/ca\/wp-json\/wp\/v2\/comments?post=52648"}],"version-history":[{"count":3,"href":"https:\/\/infotorrent.es\/ca\/wp-json\/wp\/v2\/posts\/52648\/revisions"}],"predecessor-version":[{"id":52655,"href":"https:\/\/infotorrent.es\/ca\/wp-json\/wp\/v2\/posts\/52648\/revisions\/52655"}],"wp:featuredmedia":[{"embeddable":true,"href":"https:\/\/infotorrent.es\/ca\/wp-json\/wp\/v2\/media\/52656"}],"wp:attachment":[{"href":"https:\/\/infotorrent.es\/ca\/wp-json\/wp\/v2\/media?parent=52648"}],"wp:term":[{"taxonomy":"category","embeddable":true,"href":"https:\/\/infotorrent.es\/ca\/wp-json\/wp\/v2\/categories?post=52648"},{"taxonomy":"post_tag","embeddable":true,"href":"https:\/\/infotorrent.es\/ca\/wp-json\/wp\/v2\/tags?post=52648"}],"curies":[{"name":"wp","href":"https:\/\/api.w.org\/{rel}","templated":true}]}}