{"id":52472,"date":"2022-09-12T12:21:25","date_gmt":"2022-09-12T12:21:25","guid":{"rendered":"https:\/\/infotorrent.es\/uncategorized\/torrent-homenajea-a-la-comunidad-extremena-de-la-ciudad-plantando-una-encina-en-la-avenida-reina-sofia\/"},"modified":"2022-09-13T10:38:28","modified_gmt":"2022-09-13T10:38:28","slug":"torrent-homenajea-a-la-comunidad-extremena-de-la-ciudad-plantando-una-encina-en-la-avenida-reina-sofia","status":"publish","type":"post","link":"https:\/\/infotorrent.es\/ca\/cultura-es-2\/torrent-homenajea-a-la-comunidad-extremena-de-la-ciudad-plantando-una-encina-en-la-avenida-reina-sofia\/","title":{"rendered":"Torrent homenatja la comunitat extremenya de la ciutat plantant una alzina en l&#8217;avinguda Reina Sofia"},"content":{"rendered":"\n<p><strong>L&#8217;alcalde Jes\u00fas Ros va anunciar durant l&#8217;acte la imminent creaci\u00f3 del jard\u00ed de les autonomies de Torrent, on cada comunitat estar\u00e0 representada amb un arbre t\u00edpic de la regi\u00f3<\/strong><\/p>\n\n\n\n<p>Amb motiu del dia d&#8217;Extremadura, celebrat el dijous 8 de setembre, dissabte passat l&#8217;Ajuntament de Torrent i l&#8217;Associaci\u00f3 Uni\u00f3 Extremenya van homenatjar les prop de 900 persones amb arrels extremenyes que viuen a Torrent plantant una alzina (l&#8217;arbre t\u00edpic de la regi\u00f3) en l&#8217;avinguda Reina Sofia, on tamb\u00e9 es va inaugurar una placa commemorativa en honor a la comunitat extremenya de la ciutat.<\/p>\n\n\n\n<p>En l&#8217;acte, la presidenta de l&#8217;associaci\u00f3, Pepa Castillo, es va mostrar visiblement emocionada i va voler agrair tal reconeixement a l&#8217;alcalde Jes\u00fas Ros i als representants de la Corporaci\u00f3 Municipal all\u00ed presents: <strong>\u201cvaig venir a Torrent des d&#8217;Extremadura amb 16 anys i, des de llavors, m&#8217;he sentit com una m\u00e9s. I com jo, tants altres. La ciutat i els seus habitants em van acollir com si haguera nascut ac\u00ed, per aix\u00f2 puc dir orgullosa que soc extremenya i&nbsp;torrentina\u201d<\/strong>. Tot seguit, l&#8217;alcalde Jes\u00fas Ros va prendre la paraula i va aprofitar l&#8217;ocasi\u00f3 per a anunciar <strong>\u201cla imminent creaci\u00f3 del jard\u00ed de les autonomies, que ser\u00e0 un espai on cada Comunitat Aut\u00f2noma estar\u00e0 representada amb el seu propi arbre, simbolitzant el car\u00e0cter plural i divers de la ciutadania de Torrent\u201d.<\/strong><\/p>\n\n\n\n<p>Una vegada finalitzat l&#8217;acte, la jornada va continuar amb un menjar popular a c\u00e0rrec de l&#8217;Associaci\u00f3 Uni\u00f3 Extremenya en el poliesportiu&nbsp;Anabel Medina, la qual va estar protagonitzada per un dels plats insignes d&#8217;Extremadura: les molles.<\/p>\n\n\n\n<figure class=\"wp-block-gallery has-nested-images columns-default is-cropped wp-block-gallery-1 is-layout-flex wp-block-gallery-is-layout-flex\">\n<figure class=\"wp-block-image size-large\"><img fetchpriority=\"high\" decoding=\"async\" width=\"1024\" height=\"683\" data-id=\"52514\" src=\"https:\/\/infotorrent.es\/wp-content\/uploads\/2022\/09\/encina-2-1-1024x683.jpg\" alt=\"\" class=\"wp-image-52514\" srcset=\"https:\/\/infotorrent.es\/wp-content\/uploads\/2022\/09\/encina-2-1-1024x683.jpg 1024w, https:\/\/infotorrent.es\/wp-content\/uploads\/2022\/09\/encina-2-1-300x200.jpg 300w, https:\/\/infotorrent.es\/wp-content\/uploads\/2022\/09\/encina-2-1-768x512.jpg 768w, https:\/\/infotorrent.es\/wp-content\/uploads\/2022\/09\/encina-2-1-1536x1024.jpg 1536w, https:\/\/infotorrent.es\/wp-content\/uploads\/2022\/09\/encina-2-1-2048x1365.jpg 2048w\" sizes=\"(max-width: 1024px) 100vw, 1024px\" \/><\/figure>\n\n\n\n<figure class=\"wp-block-image size-large\"><img decoding=\"async\" width=\"1024\" height=\"683\" data-id=\"52510\" src=\"https:\/\/infotorrent.es\/wp-content\/uploads\/2022\/09\/encina-3-1-1024x683.jpg\" alt=\"\" class=\"wp-image-52510\" srcset=\"https:\/\/infotorrent.es\/wp-content\/uploads\/2022\/09\/encina-3-1-1024x683.jpg 1024w, https:\/\/infotorrent.es\/wp-content\/uploads\/2022\/09\/encina-3-1-300x200.jpg 300w, https:\/\/infotorrent.es\/wp-content\/uploads\/2022\/09\/encina-3-1-768x512.jpg 768w, https:\/\/infotorrent.es\/wp-content\/uploads\/2022\/09\/encina-3-1-1536x1024.jpg 1536w, https:\/\/infotorrent.es\/wp-content\/uploads\/2022\/09\/encina-3-1-2048x1365.jpg 2048w\" sizes=\"(max-width: 1024px) 100vw, 1024px\" \/><\/figure>\n\n\n\n<figure class=\"wp-block-image size-large\"><img decoding=\"async\" width=\"1024\" height=\"860\" data-id=\"52506\" src=\"https:\/\/infotorrent.es\/wp-content\/uploads\/2022\/09\/encina-4-1-1024x860.jpg\" alt=\"\" class=\"wp-image-52506\" srcset=\"https:\/\/infotorrent.es\/wp-content\/uploads\/2022\/09\/encina-4-1-1024x860.jpg 1024w, https:\/\/infotorrent.es\/wp-content\/uploads\/2022\/09\/encina-4-1-300x252.jpg 300w, https:\/\/infotorrent.es\/wp-content\/uploads\/2022\/09\/encina-4-1-768x645.jpg 768w, https:\/\/infotorrent.es\/wp-content\/uploads\/2022\/09\/encina-4-1-1536x1291.jpg 1536w, https:\/\/infotorrent.es\/wp-content\/uploads\/2022\/09\/encina-4-1-2048x1721.jpg 2048w\" sizes=\"(max-width: 1024px) 100vw, 1024px\" \/><\/figure>\n\n\n\n<figure class=\"wp-block-image size-large\"><img loading=\"lazy\" decoding=\"async\" width=\"1024\" height=\"683\" data-id=\"52508\" src=\"https:\/\/infotorrent.es\/wp-content\/uploads\/2022\/09\/encina-6-1-1024x683.jpg\" alt=\"\" class=\"wp-image-52508\" srcset=\"https:\/\/infotorrent.es\/wp-content\/uploads\/2022\/09\/encina-6-1-1024x683.jpg 1024w, https:\/\/infotorrent.es\/wp-content\/uploads\/2022\/09\/encina-6-1-300x200.jpg 300w, https:\/\/infotorrent.es\/wp-content\/uploads\/2022\/09\/encina-6-1-768x512.jpg 768w, https:\/\/infotorrent.es\/wp-content\/uploads\/2022\/09\/encina-6-1-1536x1024.jpg 1536w, https:\/\/infotorrent.es\/wp-content\/uploads\/2022\/09\/encina-6-1-2048x1365.jpg 2048w\" sizes=\"(max-width: 1024px) 100vw, 1024px\" \/><\/figure>\n\n\n\n<figure class=\"wp-block-image size-large\"><img loading=\"lazy\" decoding=\"async\" width=\"1024\" height=\"683\" data-id=\"52512\" src=\"https:\/\/infotorrent.es\/wp-content\/uploads\/2022\/09\/encina-1-1024x683.jpg\" alt=\"\" class=\"wp-image-52512\" srcset=\"https:\/\/infotorrent.es\/wp-content\/uploads\/2022\/09\/encina-1-1024x683.jpg 1024w, https:\/\/infotorrent.es\/wp-content\/uploads\/2022\/09\/encina-1-300x200.jpg 300w, https:\/\/infotorrent.es\/wp-content\/uploads\/2022\/09\/encina-1-768x512.jpg 768w, https:\/\/infotorrent.es\/wp-content\/uploads\/2022\/09\/encina-1-1536x1024.jpg 1536w, https:\/\/infotorrent.es\/wp-content\/uploads\/2022\/09\/encina-1-2048x1365.jpg 2048w\" sizes=\"(max-width: 1024px) 100vw, 1024px\" \/><\/figure>\n<\/figure>\n","protected":false},"excerpt":{"rendered":"<p>L&#8217;alcalde Jes\u00fas Ros va anunciar durant l&#8217;acte la imminent creaci\u00f3 del jard\u00ed de les autonomies de Torrent, on cada comunitat estar\u00e0 representada amb un arbre t\u00edpic de la regi\u00f3 Amb motiu del dia d&#8217;Extremadura, celebrat el dijous 8 de setembre, dissabte passat l&#8217;Ajuntament de Torrent i l&#8217;Associaci\u00f3 Uni\u00f3 Extremenya van homenatjar les prop de 900 [&hellip;]<\/p>\n","protected":false},"author":5,"featured_media":52535,"comment_status":"open","ping_status":"open","sticky":false,"template":"","format":"standard","meta":{"_acf_changed":false,"footnotes":""},"categories":[126,163,34],"tags":[],"class_list":["post-52472","post","type-post","status-publish","format-standard","has-post-thumbnail","hentry","category-cultura-es-2","category-cultura-noticias","category-noticias"],"acf":[],"_links":{"self":[{"href":"https:\/\/infotorrent.es\/ca\/wp-json\/wp\/v2\/posts\/52472","targetHints":{"allow":["GET"]}}],"collection":[{"href":"https:\/\/infotorrent.es\/ca\/wp-json\/wp\/v2\/posts"}],"about":[{"href":"https:\/\/infotorrent.es\/ca\/wp-json\/wp\/v2\/types\/post"}],"author":[{"embeddable":true,"href":"https:\/\/infotorrent.es\/ca\/wp-json\/wp\/v2\/users\/5"}],"replies":[{"embeddable":true,"href":"https:\/\/infotorrent.es\/ca\/wp-json\/wp\/v2\/comments?post=52472"}],"version-history":[{"count":3,"href":"https:\/\/infotorrent.es\/ca\/wp-json\/wp\/v2\/posts\/52472\/revisions"}],"predecessor-version":[{"id":52523,"href":"https:\/\/infotorrent.es\/ca\/wp-json\/wp\/v2\/posts\/52472\/revisions\/52523"}],"wp:featuredmedia":[{"embeddable":true,"href":"https:\/\/infotorrent.es\/ca\/wp-json\/wp\/v2\/media\/52535"}],"wp:attachment":[{"href":"https:\/\/infotorrent.es\/ca\/wp-json\/wp\/v2\/media?parent=52472"}],"wp:term":[{"taxonomy":"category","embeddable":true,"href":"https:\/\/infotorrent.es\/ca\/wp-json\/wp\/v2\/categories?post=52472"},{"taxonomy":"post_tag","embeddable":true,"href":"https:\/\/infotorrent.es\/ca\/wp-json\/wp\/v2\/tags?post=52472"}],"curies":[{"name":"wp","href":"https:\/\/api.w.org\/{rel}","templated":true}]}}