{"id":51853,"date":"2022-08-23T12:48:10","date_gmt":"2022-08-23T12:48:10","guid":{"rendered":"https:\/\/infotorrent.es\/?p=51853"},"modified":"2022-08-23T12:48:12","modified_gmt":"2022-08-23T12:48:12","slug":"arriba-la-iv-edicio-del-torneig-internacional-de-basquet-ciutat-de-torrent","status":"publish","type":"post","link":"https:\/\/infotorrent.es\/ca\/juventud-y-deportes-2\/arriba-la-iv-edicio-del-torneig-internacional-de-basquet-ciutat-de-torrent\/","title":{"rendered":"Arriba la IV edici\u00f3 del Torneig Internacional de b\u00e0squet \u2018Ciutat de Torrent\u2019"},"content":{"rendered":"\n<h6 class=\"wp-block-heading\">En la competici\u00f3 participaran les promeses d&#8217;equips com Unicaja, Joventut, Val\u00e8ncia Basket o Alba Berl\u00edn<\/h6>\n\n\n\n<p><strong>Torrent, 23\/08\/2022<\/strong>. La ciutat de Torrent acollir\u00e0 de l&#8217;1 al 4 de setembre la IV edici\u00f3 del Torneig internacional \u2018Ciutat de Torrent &#8211; Memorial Pascual Chuli\u00e1\u2019, una competici\u00f3 en la qual es donaran cita futures estreles del b\u00e0squet nacional i europeu.<\/p>\n\n\n\n<p>A m\u00e9s del Nou Basquet Torrent, enguany participaran les pedreres d&#8217;equips de la lliga ACB com el Val\u00e8ncia Basket, Unicaja de M\u00e0laga, Joventut de Badalona, Gran Can\u00e0ria, Coosur Reial Betis i Fuenlabrada. A m\u00e9s, la pres\u00e8ncia internacional arribar\u00e0 amb les promeses de l&#8217;Alba Berl\u00edn, club alemany que disputa regularment el torneig de l&#8217;Eurolliga.<\/p>\n\n\n\n<p>El Torneig arrancar\u00e0 el dijous 1 de setembre, amb el partit que enfrontar\u00e0 als amfitrions, el Nou Basquet Torrent, al Joventut de Badalona en el Pavell\u00f3 El Vedat. La competici\u00f3, que es tancar\u00e0 amb la final del diumenge 4, alternar\u00e0 la celebraci\u00f3 dels partits en l&#8217;esmentat Pavell\u00f3 El Vedat i el Pavell\u00f3 del Toll i l\u2019Alberca de Torrent.<\/p>\n\n\n\n<figure class=\"wp-block-gallery has-nested-images columns-default is-cropped wp-block-gallery-1 is-layout-flex wp-block-gallery-is-layout-flex\"><\/figure>\n","protected":false},"excerpt":{"rendered":"<p>En la competici\u00f3 participaran les promeses d&#8217;equips com Unicaja, Joventut, Val\u00e8ncia Basket o Alba Berl\u00edn Torrent, 23\/08\/2022. La ciutat de Torrent acollir\u00e0 de l&#8217;1 al 4 de setembre la IV edici\u00f3 del Torneig internacional \u2018Ciutat de Torrent &#8211; Memorial Pascual Chuli\u00e1\u2019, una competici\u00f3 en la qual es donaran cita futures estreles del b\u00e0squet nacional i [&hellip;]<\/p>\n","protected":false},"author":5,"featured_media":51851,"comment_status":"open","ping_status":"open","sticky":false,"template":"","format":"standard","meta":{"_acf_changed":false,"footnotes":""},"categories":[39],"tags":[],"class_list":["post-51853","post","type-post","status-publish","format-standard","has-post-thumbnail","hentry","category-juventud-y-deportes"],"acf":[],"_links":{"self":[{"href":"https:\/\/infotorrent.es\/ca\/wp-json\/wp\/v2\/posts\/51853","targetHints":{"allow":["GET"]}}],"collection":[{"href":"https:\/\/infotorrent.es\/ca\/wp-json\/wp\/v2\/posts"}],"about":[{"href":"https:\/\/infotorrent.es\/ca\/wp-json\/wp\/v2\/types\/post"}],"author":[{"embeddable":true,"href":"https:\/\/infotorrent.es\/ca\/wp-json\/wp\/v2\/users\/5"}],"replies":[{"embeddable":true,"href":"https:\/\/infotorrent.es\/ca\/wp-json\/wp\/v2\/comments?post=51853"}],"version-history":[{"count":1,"href":"https:\/\/infotorrent.es\/ca\/wp-json\/wp\/v2\/posts\/51853\/revisions"}],"predecessor-version":[{"id":51854,"href":"https:\/\/infotorrent.es\/ca\/wp-json\/wp\/v2\/posts\/51853\/revisions\/51854"}],"wp:featuredmedia":[{"embeddable":true,"href":"https:\/\/infotorrent.es\/ca\/wp-json\/wp\/v2\/media\/51851"}],"wp:attachment":[{"href":"https:\/\/infotorrent.es\/ca\/wp-json\/wp\/v2\/media?parent=51853"}],"wp:term":[{"taxonomy":"category","embeddable":true,"href":"https:\/\/infotorrent.es\/ca\/wp-json\/wp\/v2\/categories?post=51853"},{"taxonomy":"post_tag","embeddable":true,"href":"https:\/\/infotorrent.es\/ca\/wp-json\/wp\/v2\/tags?post=51853"}],"curies":[{"name":"wp","href":"https:\/\/api.w.org\/{rel}","templated":true}]}}