{"id":51673,"date":"2022-08-17T12:32:17","date_gmt":"2022-08-17T12:32:17","guid":{"rendered":"https:\/\/infotorrent.es\/?p=51673"},"modified":"2022-08-19T10:57:17","modified_gmt":"2022-08-19T10:57:17","slug":"cinema-a-la-placa-prolonga-la-seua-programacio-fins-al-primer-cap-de-setmana-de-setembre","status":"publish","type":"post","link":"https:\/\/infotorrent.es\/ca\/cultura-ca\/cinema-a-la-placa-prolonga-la-seua-programacio-fins-al-primer-cap-de-setmana-de-setembre\/","title":{"rendered":"\u2018Cinema a la pla\u00e7a\u2019 prolonga la seua programaci\u00f3 fins al primer cap de setmana de setembre"},"content":{"rendered":"\n<h6 class=\"wp-block-heading\">La projecci\u00f3 de les pel\u00b7l\u00edcules ajornades pel temporal es realitzar\u00e0 el dissabte 3 de setembre<\/h6>\n\n\n\n<p><strong>Torrent, 17\/08\/2022<\/strong>. La programaci\u00f3 de \u2018Cinema a la&nbsp;pla\u00e7a\u2019 continua despr\u00e9s de dos caps de setmana de cinema a l&#8217;aire lliure en diverses ubicacions de la localitat. Despr\u00e9s que el vent i les inclem\u00e8ncies meteorol\u00f2giques obligaren a suspendre les projeccions de les pel\u00b7l\u00edcules previstes per a dissabte passat 13 d&#8217;agost, ja coneixem la data en la qual es reubicaran aquestes sessions.&nbsp;Godzilla&nbsp;vs&nbsp;Kong, en la pla\u00e7a Pintor Mir\u00f3, i A cor qu\u00e8 vols, dest\u00ed Ast\u00faries, en la pla\u00e7a de l&#8217;Esgl\u00e9sia, es projectaran el dissabte 3 de setembre en aquestes mateixes ubicacions.<br>La resta de la programaci\u00f3 continuar\u00e0 segons el que es preveu. Aix\u00ed, la pla\u00e7a de la Llibertat acollir\u00e0 La fam\u00edlia que tu tries el 19 d&#8217;agost i Green&nbsp;Book el 26. En la pla\u00e7a Pintor Mir\u00f3 es projectar\u00e0&nbsp;Maixabel el dia 20 i&nbsp;Cruella el 27. Mentre que en la pla\u00e7a de l&#8217;Esgl\u00e9sia es podr\u00e0 veure Garc\u00eda i Garc\u00eda el 20 i Mam\u00e0 o pap\u00e0 el dia 27 d&#8217;agost. Totes les sessions comen\u00e7aran a les 22.30 hores i s\u00f3n totalment gratu\u00eftes.<\/p>\n\n\n\n<figure class=\"wp-block-gallery has-nested-images columns-default is-cropped wp-block-gallery-1 is-layout-flex wp-block-gallery-is-layout-flex\">\n<figure class=\"wp-block-image size-large\"><img fetchpriority=\"high\" decoding=\"async\" width=\"2048\" height=\"1365\" data-id=\"51637\" src=\"https:\/\/infotorrent.es\/wp-content\/uploads\/2022\/08\/cine-placa-2.jpg\" alt=\"\" class=\"wp-image-51637\" srcset=\"https:\/\/infotorrent.es\/wp-content\/uploads\/2022\/08\/cine-placa-2.jpg 2048w, https:\/\/infotorrent.es\/wp-content\/uploads\/2022\/08\/cine-placa-2-300x200.jpg 300w, https:\/\/infotorrent.es\/wp-content\/uploads\/2022\/08\/cine-placa-2-1024x683.jpg 1024w, https:\/\/infotorrent.es\/wp-content\/uploads\/2022\/08\/cine-placa-2-768x512.jpg 768w, https:\/\/infotorrent.es\/wp-content\/uploads\/2022\/08\/cine-placa-2-1536x1024.jpg 1536w\" sizes=\"(max-width: 2048px) 100vw, 2048px\" \/><\/figure>\n\n\n\n<figure class=\"wp-block-image size-large\"><img decoding=\"async\" width=\"2048\" height=\"1365\" data-id=\"51639\" src=\"https:\/\/infotorrent.es\/wp-content\/uploads\/2022\/08\/cine-placa-5.jpg\" alt=\"\" class=\"wp-image-51639\" srcset=\"https:\/\/infotorrent.es\/wp-content\/uploads\/2022\/08\/cine-placa-5.jpg 2048w, https:\/\/infotorrent.es\/wp-content\/uploads\/2022\/08\/cine-placa-5-300x200.jpg 300w, https:\/\/infotorrent.es\/wp-content\/uploads\/2022\/08\/cine-placa-5-1024x683.jpg 1024w, https:\/\/infotorrent.es\/wp-content\/uploads\/2022\/08\/cine-placa-5-768x512.jpg 768w, https:\/\/infotorrent.es\/wp-content\/uploads\/2022\/08\/cine-placa-5-1536x1024.jpg 1536w\" sizes=\"(max-width: 2048px) 100vw, 2048px\" \/><\/figure>\n<\/figure>\n","protected":false},"excerpt":{"rendered":"<p>La projecci\u00f3 de les pel\u00b7l\u00edcules ajornades pel temporal es realitzar\u00e0 el dissabte 3 de setembre Torrent, 17\/08\/2022. La programaci\u00f3 de \u2018Cinema a la&nbsp;pla\u00e7a\u2019 continua despr\u00e9s de dos caps de setmana de cinema a l&#8217;aire lliure en diverses ubicacions de la localitat. Despr\u00e9s que el vent i les inclem\u00e8ncies meteorol\u00f2giques obligaren a suspendre les projeccions de [&hellip;]<\/p>\n","protected":false},"author":5,"featured_media":51766,"comment_status":"open","ping_status":"open","sticky":false,"template":"","format":"standard","meta":{"_acf_changed":false,"footnotes":""},"categories":[1132],"tags":[],"class_list":["post-51673","post","type-post","status-publish","format-standard","has-post-thumbnail","hentry","category-cultura-ca"],"acf":[],"_links":{"self":[{"href":"https:\/\/infotorrent.es\/ca\/wp-json\/wp\/v2\/posts\/51673","targetHints":{"allow":["GET"]}}],"collection":[{"href":"https:\/\/infotorrent.es\/ca\/wp-json\/wp\/v2\/posts"}],"about":[{"href":"https:\/\/infotorrent.es\/ca\/wp-json\/wp\/v2\/types\/post"}],"author":[{"embeddable":true,"href":"https:\/\/infotorrent.es\/ca\/wp-json\/wp\/v2\/users\/5"}],"replies":[{"embeddable":true,"href":"https:\/\/infotorrent.es\/ca\/wp-json\/wp\/v2\/comments?post=51673"}],"version-history":[{"count":2,"href":"https:\/\/infotorrent.es\/ca\/wp-json\/wp\/v2\/posts\/51673\/revisions"}],"predecessor-version":[{"id":51765,"href":"https:\/\/infotorrent.es\/ca\/wp-json\/wp\/v2\/posts\/51673\/revisions\/51765"}],"wp:featuredmedia":[{"embeddable":true,"href":"https:\/\/infotorrent.es\/ca\/wp-json\/wp\/v2\/media\/51766"}],"wp:attachment":[{"href":"https:\/\/infotorrent.es\/ca\/wp-json\/wp\/v2\/media?parent=51673"}],"wp:term":[{"taxonomy":"category","embeddable":true,"href":"https:\/\/infotorrent.es\/ca\/wp-json\/wp\/v2\/categories?post=51673"},{"taxonomy":"post_tag","embeddable":true,"href":"https:\/\/infotorrent.es\/ca\/wp-json\/wp\/v2\/tags?post=51673"}],"curies":[{"name":"wp","href":"https:\/\/api.w.org\/{rel}","templated":true}]}}