{"id":51248,"date":"2022-08-02T08:15:57","date_gmt":"2022-08-02T08:15:57","guid":{"rendered":"https:\/\/infotorrent.es\/?p=51248"},"modified":"2022-08-02T08:46:27","modified_gmt":"2022-08-02T08:46:27","slug":"cinema-a-la-placa-torna-a-amenitzar-els-caps-de-setmana-dagost-a-torrent","status":"publish","type":"post","link":"https:\/\/infotorrent.es\/ca\/cultura-es-2\/cinema-a-la-placa-torna-a-amenitzar-els-caps-de-setmana-dagost-a-torrent\/","title":{"rendered":"\u2018Cinema a la pla\u00e7a\u2019 torna a amenitzar els caps de setmana d&#8217;agost a Torrent"},"content":{"rendered":"\n<h6 class=\"wp-block-heading\">El cicle de projeccions a l&#8217;aire lliure oferir\u00e0, novament, una selecci\u00f3 de les millors pel\u00b7l\u00edcules del panorama nacional i internacional de manera totalment gratu\u00efta<\/h6>\n\n\n\n<p>Aquest estiu, el cinema per a tots els p\u00fablics tornar\u00e0 a ser protagonista en les places de Torrent amb el cicle de projeccions \u2018Cinema a la pla\u00e7a\u2019, que amenitzar\u00e0, novament, les nits dels caps de setmana d&#8217;agost amb una variada selecci\u00f3 de les millors pel\u00b7l\u00edcules del panorama nacional i internacional. Des de divendres que ve 5 d&#8217;agost fins al dissabte 27, a les 22:<em>30h, els ve\u00efns i ve\u00efnes de la ciutat podran gaudir d&#8217;aquesta activitat gratu\u00efta a l&#8217;aire lliure, que es desenvolupar\u00e0 en la pla\u00e7a de la Llibertat, la pla\u00e7a Pintor Mir\u00f3, la pla\u00e7a de l&#8217;Esgl\u00e9sia i en l&#8217;espai de l\u2019<\/em>Antic Mercat del Vedat.<\/p>\n\n\n\n<p>Aix\u00ed, la pla\u00e7a de la Llibertat acollir\u00e0 la projecci\u00f3 de Wonder Woman 1984 el divendres 5 d&#8217;agost, Raya y el \u00faltimo drag\u00f3n el 12, La familia que t\u00fa eliges el 19 i, finalment, l&#8217;oscaritzada Green Book el 26 d&#8217;agost. Per part seua, el p\u00fablic podr\u00e0 gaudir en la pla\u00e7a Pintor Mir\u00f3 de Padre no hay m\u00e1s que uno 2 el dissabte 6 d&#8217;agost, Godzilla vs Kong el dia 13, Maixabel el 20 i Cruella el 26 Mentre que en la pla\u00e7a de l&#8217;Esgl\u00e9sia s&#8217;oferir\u00e0 En guerra amb el meu avi el 6 d&#8217;agost, A cor qu\u00e8 vols, dest\u00ed Ast\u00faries el 13, Garc\u00eda i Garc\u00eda el 20 i, per a finalitzar, Mam\u00e0 o pap\u00e0 el dia 27 d&#8217;agost. Per a completar la programaci\u00f3, l&#8217;espai de l\u2019Antic Mercat del Vedat albergar\u00e0 una \u00fanica projecci\u00f3, que ser\u00e0 la del film Jungle Cruise divendres que ve 5 d&#8217;agost.<\/p>\n\n\n\n<p>Programaci\u00f3 completa:<\/p>\n\n\n\n<p><strong>Pl. Llibertat<\/strong><\/p>\n\n\n\n<p>Divendres 5 \u2013 WonderWoman 1984<br>Divendres 12 \u2013 Raya y el \u00faltimo drag\u00f3n<br>Divendres 19 \u2013 La familia que t\u00fa eliges<br>Divendres 26 \u2013 Green Book<\/p>\n\n\n\n<p><strong>Pl. Pintor Mir\u00f3<\/strong><\/p>\n\n\n\n<p>Dissabte 6 \u2013 Padre no hay m\u00e1s que uno 2<br>Dissabte 13 \u2013 Godzilla vs Kong<br>Dissabte 20 \u2013 Maixabel<br>Dissabte 27 \u2013 Cruella<\/p>\n\n\n\n<p><strong>Pl. Esgl\u00e9sia<\/strong><\/p>\n\n\n\n<p>Dissabte 6 \u2013 En guerra con mi abuelo<br>Dissabte 13 \u2013 A todo tren. Destino Asturias<br>Dissabte 20 \u2013 Garc\u00eda y Garc\u00eda<br>Dissabte 27 \u2013 Mam\u00e1 o pap\u00e1<\/p>\n\n\n\n<p><strong>Espai Antic Mercat del Vedat<\/strong><\/p>\n\n\n\n<p>Divendres 5 \u2013 Jungle Cruise<\/p>\n\n\n\n<p><\/p>\n\n\n\n<figure class=\"wp-block-image size-large is-resized\"><img fetchpriority=\"high\" decoding=\"async\" src=\"https:\/\/infotorrent.es\/wp-content\/uploads\/2022\/08\/Cinema_Placa-716x1024.png\" alt=\"\" class=\"wp-image-51232\" width=\"661\" height=\"945\" srcset=\"https:\/\/infotorrent.es\/wp-content\/uploads\/2022\/08\/Cinema_Placa-716x1024.png 716w, https:\/\/infotorrent.es\/wp-content\/uploads\/2022\/08\/Cinema_Placa-210x300.png 210w, https:\/\/infotorrent.es\/wp-content\/uploads\/2022\/08\/Cinema_Placa-768x1098.png 768w, https:\/\/infotorrent.es\/wp-content\/uploads\/2022\/08\/Cinema_Placa-1075x1536.png 1075w, https:\/\/infotorrent.es\/wp-content\/uploads\/2022\/08\/Cinema_Placa-1433x2048.png 1433w, https:\/\/infotorrent.es\/wp-content\/uploads\/2022\/08\/Cinema_Placa.png 2000w\" sizes=\"(max-width: 661px) 100vw, 661px\" \/><\/figure>\n","protected":false},"excerpt":{"rendered":"<p>El cicle de projeccions a l&#8217;aire lliure oferir\u00e0, novament, una selecci\u00f3 de les millors pel\u00b7l\u00edcules del panorama nacional i internacional de manera totalment gratu\u00efta Aquest estiu, el cinema per a tots els p\u00fablics tornar\u00e0 a ser protagonista en les places de Torrent amb el cicle de projeccions \u2018Cinema a la pla\u00e7a\u2019, que amenitzar\u00e0, novament, les [&hellip;]<\/p>\n","protected":false},"author":2,"featured_media":51254,"comment_status":"open","ping_status":"open","sticky":false,"template":"","format":"standard","meta":{"_acf_changed":false,"footnotes":""},"categories":[47,36],"tags":[],"class_list":["post-51248","post","type-post","status-publish","format-standard","has-post-thumbnail","hentry","category-cultura-es-3","category-cultura-es"],"acf":[],"_links":{"self":[{"href":"https:\/\/infotorrent.es\/ca\/wp-json\/wp\/v2\/posts\/51248","targetHints":{"allow":["GET"]}}],"collection":[{"href":"https:\/\/infotorrent.es\/ca\/wp-json\/wp\/v2\/posts"}],"about":[{"href":"https:\/\/infotorrent.es\/ca\/wp-json\/wp\/v2\/types\/post"}],"author":[{"embeddable":true,"href":"https:\/\/infotorrent.es\/ca\/wp-json\/wp\/v2\/users\/2"}],"replies":[{"embeddable":true,"href":"https:\/\/infotorrent.es\/ca\/wp-json\/wp\/v2\/comments?post=51248"}],"version-history":[{"count":1,"href":"https:\/\/infotorrent.es\/ca\/wp-json\/wp\/v2\/posts\/51248\/revisions"}],"predecessor-version":[{"id":51250,"href":"https:\/\/infotorrent.es\/ca\/wp-json\/wp\/v2\/posts\/51248\/revisions\/51250"}],"wp:featuredmedia":[{"embeddable":true,"href":"https:\/\/infotorrent.es\/ca\/wp-json\/wp\/v2\/media\/51254"}],"wp:attachment":[{"href":"https:\/\/infotorrent.es\/ca\/wp-json\/wp\/v2\/media?parent=51248"}],"wp:term":[{"taxonomy":"category","embeddable":true,"href":"https:\/\/infotorrent.es\/ca\/wp-json\/wp\/v2\/categories?post=51248"},{"taxonomy":"post_tag","embeddable":true,"href":"https:\/\/infotorrent.es\/ca\/wp-json\/wp\/v2\/tags?post=51248"}],"curies":[{"name":"wp","href":"https:\/\/api.w.org\/{rel}","templated":true}]}}