{"id":15493,"date":"2022-04-20T17:24:23","date_gmt":"2022-04-20T17:24:23","guid":{"rendered":"https:\/\/infotorrent.es\/uncategorized\/metropolitans-pensar-en-la-ciutat-presenta-el-cataleg-per-a-coneixer-als-artistes-darrere-de-lexposicio\/"},"modified":"2022-04-21T08:40:13","modified_gmt":"2022-04-21T08:40:13","slug":"metropolitans-pensar-en-la-ciutat-presenta-el-cataleg-per-a-coneixer-als-artistes-darrere-de-lexposicio","status":"publish","type":"post","link":"https:\/\/infotorrent.es\/ca\/noticies\/metropolitans-pensar-en-la-ciutat-presenta-el-cataleg-per-a-coneixer-als-artistes-darrere-de-lexposicio\/","title":{"rendered":"\u2018Metropolitans. Pensar en la ciutat\u2019 presenta el cat\u00e0leg per a con\u00e8ixer als artistes darrere de l&#8217;exposici\u00f3"},"content":{"rendered":"<p><span style=\"color: #000080;\"><strong>Aquest cat\u00e0leg tracta d&#8217;acostar al p\u00fablic les experi\u00e8ncies i la hist\u00f2ria dels nou artistes valencians que van realitzar la mostra que va commemorar els 15 anys de l&#8217;EMAT<\/strong><\/span><\/p>\n<p>La Sala d&#8217;actes de l&#8217;Ajuntament de Torrent va acollir ahir la presentaci\u00f3 del cat\u00e0leg de l&#8217;exposici\u00f3 \u2018Metropolitans. Pensar la ciutat\u2019, el qual tracta d&#8217;acostar al p\u00fablic, a trav\u00e9s d&#8217;entrevistes personals, les experi\u00e8ncies i la hist\u00f2ria dels nou artistes valencians que van realitzar la mostra que va commemorar els 15 anys de l&#8217;EMAT: Cale Carratal\u00e1, Ana\u00efs Florin , Gels Mit, Juan Olivares, Nelo Vinuesa, Paco Caparr\u00f3s, Rafaela Pareja Ribera i Xavier Monsalvatje Vic. L&#8217;acte va comptar amb l&#8217;assist\u00e8ncia de l&#8217;alcalde Jes\u00fas Ros i la regidora d&#8217;Esport, Susi Ferrer, qui destaca que <strong>\u201cel cat\u00e0leg permet con\u00e8ixer en profunditat a les persones darrere de les obres que van conformar l&#8217;exposici\u00f3, aix\u00ed com el seu punt de vista respecte a temes com l&#8217;art o la ciutat, especialment patents en \u2018Metropolitans. Pensar la ciutat\u2019\u201d<\/strong>.<\/p>\n<p><a href=\"https:\/\/www.infotorrent.es\/wp-content\/uploads\/2022\/04\/Metropolitans-2-scaled.jpg\"><img fetchpriority=\"high\" decoding=\"async\" class=\"aligncenter wp-image-50195\" src=\"https:\/\/www.infotorrent.es\/wp-content\/uploads\/2022\/04\/Metropolitans-2-scaled.jpg\" alt=\"\" width=\"600\" height=\"402\" \/><\/a><a href=\"https:\/\/www.infotorrent.es\/wp-content\/uploads\/2022\/04\/Metropolitans-4-scaled.jpg\"><img decoding=\"async\" class=\"aligncenter wp-image-50197\" src=\"https:\/\/www.infotorrent.es\/wp-content\/uploads\/2022\/04\/Metropolitans-4-scaled.jpg\" alt=\"\" width=\"600\" height=\"400\" \/><\/a><a href=\"https:\/\/www.infotorrent.es\/wp-content\/uploads\/2022\/04\/Metropolitans-5-scaled.jpg\"><img decoding=\"async\" class=\"aligncenter wp-image-50199\" src=\"https:\/\/www.infotorrent.es\/wp-content\/uploads\/2022\/04\/Metropolitans-5-scaled.jpg\" alt=\"\" width=\"600\" height=\"400\" \/><\/a><a href=\"https:\/\/www.infotorrent.es\/wp-content\/uploads\/2022\/04\/Metropolitans-6-scaled.jpg\"><img loading=\"lazy\" decoding=\"async\" class=\"aligncenter wp-image-50201\" src=\"https:\/\/www.infotorrent.es\/wp-content\/uploads\/2022\/04\/Metropolitans-6-scaled.jpg\" alt=\"\" width=\"600\" height=\"400\" \/><\/a><\/p>\n","protected":false},"excerpt":{"rendered":"<p>Aquest cat\u00e0leg tracta d&#8217;acostar al p\u00fablic les experi\u00e8ncies i la hist\u00f2ria dels nou artistes valencians que van realitzar la mostra que va commemorar els 15 anys de l&#8217;EMAT La Sala d&#8217;actes de l&#8217;Ajuntament de Torrent va acollir ahir la presentaci\u00f3 del cat\u00e0leg de l&#8217;exposici\u00f3 \u2018Metropolitans. Pensar la ciutat\u2019, el qual tracta d&#8217;acostar al p\u00fablic, a [&hellip;]<\/p>\n","protected":false},"author":5,"featured_media":15495,"comment_status":"closed","ping_status":"open","sticky":false,"template":"","format":"standard","meta":{"_acf_changed":false,"footnotes":""},"categories":[126,116],"tags":[],"class_list":["post-15493","post","type-post","status-publish","format-standard","has-post-thumbnail","hentry","category-cultura-es-2","category-noticies"],"acf":[],"_links":{"self":[{"href":"https:\/\/infotorrent.es\/ca\/wp-json\/wp\/v2\/posts\/15493","targetHints":{"allow":["GET"]}}],"collection":[{"href":"https:\/\/infotorrent.es\/ca\/wp-json\/wp\/v2\/posts"}],"about":[{"href":"https:\/\/infotorrent.es\/ca\/wp-json\/wp\/v2\/types\/post"}],"author":[{"embeddable":true,"href":"https:\/\/infotorrent.es\/ca\/wp-json\/wp\/v2\/users\/5"}],"replies":[{"embeddable":true,"href":"https:\/\/infotorrent.es\/ca\/wp-json\/wp\/v2\/comments?post=15493"}],"version-history":[{"count":0,"href":"https:\/\/infotorrent.es\/ca\/wp-json\/wp\/v2\/posts\/15493\/revisions"}],"wp:featuredmedia":[{"embeddable":true,"href":"https:\/\/infotorrent.es\/ca\/wp-json\/wp\/v2\/media\/15495"}],"wp:attachment":[{"href":"https:\/\/infotorrent.es\/ca\/wp-json\/wp\/v2\/media?parent=15493"}],"wp:term":[{"taxonomy":"category","embeddable":true,"href":"https:\/\/infotorrent.es\/ca\/wp-json\/wp\/v2\/categories?post=15493"},{"taxonomy":"post_tag","embeddable":true,"href":"https:\/\/infotorrent.es\/ca\/wp-json\/wp\/v2\/tags?post=15493"}],"curies":[{"name":"wp","href":"https:\/\/api.w.org\/{rel}","templated":true}]}}