{"id":15490,"date":"2022-04-20T17:30:55","date_gmt":"2022-04-20T17:30:55","guid":{"rendered":"https:\/\/infotorrent.es\/uncategorized\/torrent-acull-aquest-cap-de-setmana-la-fira-concurse-de-modelisme-de-la-amt\/"},"modified":"2022-04-21T08:31:47","modified_gmt":"2022-04-21T08:31:47","slug":"torrent-acull-aquest-cap-de-setmana-la-fira-concurse-de-modelisme-de-la-amt","status":"publish","type":"post","link":"https:\/\/infotorrent.es\/ca\/noticies\/torrent-acull-aquest-cap-de-setmana-la-fira-concurse-de-modelisme-de-la-amt\/","title":{"rendered":"Torrent acull aquest cap de setmana la Fira-concurse de Modelisme de la AMT"},"content":{"rendered":"<p><span style=\"color: #000080;\"><strong>Del 22 al 24 d&#8217;abril, el C. c. Les Am\u00e8riques acollir\u00e0 una de les mostres de maquetes m\u00e9s importants del m\u00f3n amb impressionants reproduccions d&#8217;avions, vaixells i recreacions hist\u00f2riques<\/strong><\/span><\/p>\n<p><span style=\"color: #000080;\"><strong>M\u00e9s de 1.200 persones ja s&#8217;han inscrit al concurs de modelisme de manera en l\u00ednia<\/strong><\/span><\/p>\n<p>El pr\u00f2xim cap de setmana el Centre Comercial Les Am\u00e8riques acollir\u00e0, novament, la Fira de Modelisme impulsada per l&#8217;Associaci\u00f3 de Modelistes de Torrent (AMT), que en la seua 26a edici\u00f3 continua sent el major referent d&#8217;Europa i una de les exposicions m\u00e9s grans del m\u00f3n en aquest \u00e0mbit. En aquest aspecte, es congregaran en la Fira al voltant de 10 grans associacions de modelistes provinents de llocs com Portugal, Anglaterra i altres regions d&#8217;Europa; per altra banda, l&#8217;exposici\u00f3 albergar\u00e0 mostres aportades per m\u00e9s de 1.200 concursants inscrits en l\u00ednia, que han contribu\u00eft fer aquest esdeveniment m\u00e9s gran si cap despr\u00e9s de dos anys d&#8217;inactivitat a causa de la crisi sanit\u00e0ria.<\/p>\n<p><strong>\u201cAquesta fira \u00e9s una mostra m\u00e9s de la gran labor i treball que des de la AMT s&#8217;est\u00e0 realitzant, i amb el qual han convertit a Torrent en un referent del maquetisme a nivell internacional\u201d<\/strong>, destaca sobre aquest tema l&#8217;alcalde Jes\u00fas Ros. Per part seua, el president de la AMT, Gonzalo P\u00edo, afirma que el seu objectiu \u00e9s <strong>\u201cconvertir Torrent en la seu central del modelisme a nivell mundial, de manera que se li done el cr\u00e8dit i el reconeixement que mereix aquesta fira\u201d<\/strong>. Aix\u00ed mateix, la regidora de Cultura, Susi Ferrer, ha volgut destacar la repercussi\u00f3 d&#8217;una mostra <strong>\u201cper la qual es preveu que passen m\u00e9s de 15.000 persones de diferents ciutats del territori nacional i de l&#8217;estranger\u201d<\/strong>.<\/p>\n<p>Aix\u00ed, del 22 al 24 d&#8217;abril, els visitants podran gaudir d&#8217;una s\u00e8rie d&#8217;impressionants maquetes d&#8217;avions, vaixells i reproduccions hist\u00f2riques, en un esdeveniment que culminar\u00e0 el 24 d&#8217;abril amb l&#8217;acte de lliurament de premis. Cal destacar que, com a novetat enguany, s&#8217;atorgar\u00e0 un premi a la millor associaci\u00f3 d&#8217;entre aquelles participants. En relaci\u00f3 a l&#8217;horari, la Fira podr\u00e0 visitar-se el divendres de 17h a 21h, el dissabte de 9.30 a 21h i el diumenge de 10h a 14h; mentre que l&#8217;exposici\u00f3 podr\u00e0 visitar-se el dissabte de 17h a 20:30h i el diumenge de 10h a 14h.<\/p>\n<p><a href=\"https:\/\/www.infotorrent.es\/wp-content\/uploads\/2022\/04\/modelismo.jpg\"><img fetchpriority=\"high\" decoding=\"async\" class=\"aligncenter wp-image-50204\" src=\"https:\/\/www.infotorrent.es\/wp-content\/uploads\/2022\/04\/modelismo.jpg\" alt=\"\" width=\"392\" height=\"600\" \/><\/a><\/p>\n","protected":false},"excerpt":{"rendered":"<p>Del 22 al 24 d&#8217;abril, el C. c. Les Am\u00e8riques acollir\u00e0 una de les mostres de maquetes m\u00e9s importants del m\u00f3n amb impressionants reproduccions d&#8217;avions, vaixells i recreacions hist\u00f2riques M\u00e9s de 1.200 persones ja s&#8217;han inscrit al concurs de modelisme de manera en l\u00ednia El pr\u00f2xim cap de setmana el Centre Comercial Les Am\u00e8riques acollir\u00e0, [&hellip;]<\/p>\n","protected":false},"author":5,"featured_media":15492,"comment_status":"closed","ping_status":"open","sticky":false,"template":"","format":"standard","meta":{"_acf_changed":false,"footnotes":""},"categories":[126,116],"tags":[],"class_list":["post-15490","post","type-post","status-publish","format-standard","has-post-thumbnail","hentry","category-cultura-es-2","category-noticies"],"acf":[],"_links":{"self":[{"href":"https:\/\/infotorrent.es\/ca\/wp-json\/wp\/v2\/posts\/15490","targetHints":{"allow":["GET"]}}],"collection":[{"href":"https:\/\/infotorrent.es\/ca\/wp-json\/wp\/v2\/posts"}],"about":[{"href":"https:\/\/infotorrent.es\/ca\/wp-json\/wp\/v2\/types\/post"}],"author":[{"embeddable":true,"href":"https:\/\/infotorrent.es\/ca\/wp-json\/wp\/v2\/users\/5"}],"replies":[{"embeddable":true,"href":"https:\/\/infotorrent.es\/ca\/wp-json\/wp\/v2\/comments?post=15490"}],"version-history":[{"count":0,"href":"https:\/\/infotorrent.es\/ca\/wp-json\/wp\/v2\/posts\/15490\/revisions"}],"wp:featuredmedia":[{"embeddable":true,"href":"https:\/\/infotorrent.es\/ca\/wp-json\/wp\/v2\/media\/15492"}],"wp:attachment":[{"href":"https:\/\/infotorrent.es\/ca\/wp-json\/wp\/v2\/media?parent=15490"}],"wp:term":[{"taxonomy":"category","embeddable":true,"href":"https:\/\/infotorrent.es\/ca\/wp-json\/wp\/v2\/categories?post=15490"},{"taxonomy":"post_tag","embeddable":true,"href":"https:\/\/infotorrent.es\/ca\/wp-json\/wp\/v2\/tags?post=15490"}],"curies":[{"name":"wp","href":"https:\/\/api.w.org\/{rel}","templated":true}]}}