{"id":15394,"date":"2022-03-30T10:28:56","date_gmt":"2022-03-30T10:28:56","guid":{"rendered":"https:\/\/infotorrent.es\/uncategorized\/la-iniciativa-solidaria-torrent-amb-la-palma-recapta-mes-de-3-500-euros\/"},"modified":"2022-03-30T10:25:23","modified_gmt":"2022-03-30T10:25:23","slug":"la-iniciativa-solidaria-torrent-amb-la-palma-recapta-mes-de-3-500-euros","status":"publish","type":"post","link":"https:\/\/infotorrent.es\/ca\/solidaritat\/la-iniciativa-solidaria-torrent-amb-la-palma-recapta-mes-de-3-500-euros\/","title":{"rendered":"La iniciativa solid\u00e0ria \u2018Torrent amb La Palma\u2019 recapta m\u00e9s de 3.500 euros"},"content":{"rendered":"<p>La iniciativa solid\u00e0ria \u2018Torrent amb La Palma\u2019, impulsada per l&#8217;associaci\u00f3 ADISTO, amb la col\u00b7laboraci\u00f3 de l&#8217;Associaci\u00f3 Uni\u00f3 Extremenya i l&#8217;Ajuntament de Torrent, va recaptar m\u00e9s de 3.500 euros que es destinaran \u00edntegrament a l&#8217;ajuntament de la localitat can\u00e0ria d\u2019El Paso (La Palma).<\/p>\n<p>Aquesta xifra es va aconseguir gr\u00e0cies a l&#8217;esfor\u00e7 de les associacions de Torrent i la col\u00b7laboraci\u00f3 dels comer\u00e7os locals. Les gales solid\u00e0ries Matinal en fam\u00edlia, i Nadal a la llum dels ciris, celebrades per Nadal en la sala d&#8217;actes de l&#8217;Ajuntament de Torrent van ser els principals actes d&#8217;aquesta exitosa campanya.<\/p>\n<p>El regidor de Participaci\u00f3 Ciutadana, Jos\u00e9 Pasqual Mart\u00ednez, ha volgut felicitar les associacions que han col\u00b7laborat en la iniciativa i tamb\u00e9 <strong>\u201cagrair la seua implicaci\u00f3 i treball desinteressat, ja que es bolquen en l&#8217;ajuda als m\u00e9s desfavorits, fins i tot quan excedeix l&#8217;\u00e0mbit local\u201d<\/strong>.<\/p>\n<p><img fetchpriority=\"high\" decoding=\"async\" class=\"aligncenter wp-image-49833\" src=\"https:\/\/www.infotorrent.es\/wp-content\/uploads\/2022\/03\/19_Torrent-amb-la-Palma-Infantil-6-scaled.jpg\" alt=\"\" width=\"600\" height=\"400\" \/><\/p>\n<p><img decoding=\"async\" class=\"aligncenter wp-image-49835\" src=\"https:\/\/www.infotorrent.es\/wp-content\/uploads\/2022\/03\/19_Torrent-amb-la-Palma-Infantil-7-scaled.jpg\" alt=\"\" width=\"600\" height=\"400\" \/><\/p>\n","protected":false},"excerpt":{"rendered":"<p>La iniciativa solid\u00e0ria \u2018Torrent amb La Palma\u2019, impulsada per l&#8217;associaci\u00f3 ADISTO, amb la col\u00b7laboraci\u00f3 de l&#8217;Associaci\u00f3 Uni\u00f3 Extremenya i l&#8217;Ajuntament de Torrent, va recaptar m\u00e9s de 3.500 euros que es destinaran \u00edntegrament a l&#8217;ajuntament de la localitat can\u00e0ria d\u2019El Paso (La Palma). Aquesta xifra es va aconseguir gr\u00e0cies a l&#8217;esfor\u00e7 de les associacions de Torrent [&hellip;]<\/p>\n","protected":false},"author":2,"featured_media":15396,"comment_status":"closed","ping_status":"open","sticky":false,"template":"","format":"standard","meta":{"_acf_changed":false,"footnotes":""},"categories":[149],"tags":[],"class_list":["post-15394","post","type-post","status-publish","format-standard","has-post-thumbnail","hentry","category-solidaritat"],"acf":[],"_links":{"self":[{"href":"https:\/\/infotorrent.es\/ca\/wp-json\/wp\/v2\/posts\/15394","targetHints":{"allow":["GET"]}}],"collection":[{"href":"https:\/\/infotorrent.es\/ca\/wp-json\/wp\/v2\/posts"}],"about":[{"href":"https:\/\/infotorrent.es\/ca\/wp-json\/wp\/v2\/types\/post"}],"author":[{"embeddable":true,"href":"https:\/\/infotorrent.es\/ca\/wp-json\/wp\/v2\/users\/2"}],"replies":[{"embeddable":true,"href":"https:\/\/infotorrent.es\/ca\/wp-json\/wp\/v2\/comments?post=15394"}],"version-history":[{"count":0,"href":"https:\/\/infotorrent.es\/ca\/wp-json\/wp\/v2\/posts\/15394\/revisions"}],"wp:featuredmedia":[{"embeddable":true,"href":"https:\/\/infotorrent.es\/ca\/wp-json\/wp\/v2\/media\/15396"}],"wp:attachment":[{"href":"https:\/\/infotorrent.es\/ca\/wp-json\/wp\/v2\/media?parent=15394"}],"wp:term":[{"taxonomy":"category","embeddable":true,"href":"https:\/\/infotorrent.es\/ca\/wp-json\/wp\/v2\/categories?post=15394"},{"taxonomy":"post_tag","embeddable":true,"href":"https:\/\/infotorrent.es\/ca\/wp-json\/wp\/v2\/tags?post=15394"}],"curies":[{"name":"wp","href":"https:\/\/api.w.org\/{rel}","templated":true}]}}