{"id":15391,"date":"2022-03-30T09:45:23","date_gmt":"2022-03-30T09:45:23","guid":{"rendered":"https:\/\/infotorrent.es\/uncategorized\/49828\/"},"modified":"2022-03-30T10:08:33","modified_gmt":"2022-03-30T10:08:33","slug":"49828","status":"publish","type":"post","link":"https:\/\/infotorrent.es\/ca\/cultura-es-2\/49828\/","title":{"rendered":"Bel\u00e9n Cuesta, Mayuman\u00e1 i Emilio Guti\u00e9rrez Caba, entre d\u2019altres, componen un cartell de luxe per als  pr\u00f2xims tres mesos"},"content":{"rendered":"<p>L\u2019Auditori de Torrent inaugura la seua programaci\u00f3 de primavera aquest cap de setmana amb dues propostes de gran qualitat. La primera \u00e9s el muntatge teatral <em>Una vegada, una casa<\/em> de V\u00edctor S\u00e1nchez Rodr\u00edguez, interpretat magistralment per Rebeca Valls i Silvia Valero. La hist\u00f2ria que conta aquest text existeix. Va passar. \u00c9s real. Xile, un r\u00e8gim totalitari, una dictadura, un malson fet realitat. Per\u00f2 <em>Una vegada, una casa<\/em>, ocorre en un futur pr\u00f2xim al nostre pa\u00eds. Es tracta d&#8217;un retrobament. Dues dones, dues amigues, es retroben a la casa d&#8217;una d&#8217;elles despr\u00e9s de molts anys. Una casa pairal perduda a la meitat de l&#8217;altipl\u00e0, envoltada inusualment d&#8217;arbres. I tamb\u00e9 de buit i silenci. Parlen del pas del temps. Parlen de la p\u00e8rdua de la joventut. I tamb\u00e9 parlen de la literatura. I del terror. I de com ambd\u00f3s, literatura i terror, es donen la m\u00e0. Qu\u00e8 passaria si la deriva i les problem\u00e0tiques del m\u00f3n actual ens portaren a enfrontar-nos a noves formes de dictadura, de privaci\u00f3 de llibertat i de drets humans? De quin costat se situarien la literatura i l&#8217;art? La funci\u00f3 ser\u00e0 dissabte, 2 d&#8217;abril a les 20 h.<\/p>\n<p>El diumenge 3 d&#8217;abril a les 19 h arriba a l\u2019Auditori de Torrent un divertit i emocionant mon\u00f2leg musical per a tota la fam\u00edlia, un z\u00e0ping emocional a trav\u00e9s de la banda sonora de les nostres vides. De les mans del pianista, showman i finalista de Got Talent, Alberto de Pau, arriba <em>La teua gran banda sonora<\/em>, un xou musical divertit, am\u00e9 i interactiu que combina m\u00fasica, humor i improvisaci\u00f3.<\/p>\n<p>Des de les sintonies de programes, m\u00fasica de s\u00e8ries o m\u00fasica d&#8217;anuncis de televisi\u00f3, passant per can\u00e7ons de diversos g\u00e8neres musicals i acabant en el meravell\u00f3s m\u00f3n del cinema amb les bandes sonores de les pel\u00b7l\u00edcules que ens han acompanyat durant tota la vida. La programaci\u00f3 durant aquests tres mesos de primavera est\u00e0 plena de propostes teatrals com la protagonitzada per <strong>Bel\u00e9n Cuesta i Ricardo G\u00f3mez<\/strong>, <em>L&#8217;home coix\u00ed<\/em>, obra mestra del dramaturg angl\u00e8s Martin McDonagh, que ens parla de coses que no s\u00f3n f\u00e0cils d&#8217;escoltar i ens mostra situacions que no s\u00f3n f\u00e0cils de contemplar.<\/p>\n<p>El m\u00f3n per a McDonagh \u00e9s un lloc hostil en el qual poques coses ens ajuden a escapar de l&#8217;horror (dissabte 9 d&#8217;abril). Tamb\u00e9 gaudirem de la superba interpretaci\u00f3 de <strong>Miguel Angel Sol\u00e1 i Paula Cancio<\/strong> en <em>Doble o nada<\/em>, un thriller psicol\u00f2gic en un despietat duel de poder entre un cap i la seua segona\u2026 (dissabte 8 de maig). Teatre del Contrahecho ens presentar\u00e0 el seu nou treball, <em>Ves\u00e0nia<\/em>, el retrat d&#8217;una realitat dist\u00f2pica conseq\u00fc\u00e8ncia de la nostra pr\u00f2pia dem\u00e8ncia, de la bogeria de la societat (divendres 13 de maig). La com\u00e8dia arribar\u00e0 amb <strong>Josema Yuste i Santiago Urrialde<\/strong>, protagonistes de <em>El aguafiestas<\/em>, de Francis Weber, autor de <em>La cena de los idiotas<\/em> (diumenge 29 de maig). I el gran <strong>Emilio Guti\u00e9rrez Caba<\/strong> posar\u00e0 el final d&#8217;or amb <em>Coplas del alma<\/em>, un recital po\u00e8tic que ens brindar\u00e0 un recorregut pels grans autors de la literatura espanyola des del segle XVI fins a l&#8217;actualitat (diumenge 5 de juny). En l&#8217;apartat musical, com \u00e9s habitual en el nostre escenari, una gran varietat de g\u00e8neres i estils per a donar resposta a tota mena de p\u00fablic. La m\u00fasica simf\u00f2nica, aquesta vegada de la m\u00e0 de la OCV Simf\u00f2nica, dirigida per <strong>Pere Molina<\/strong>, que interpretar\u00e0 la <em>Simfonia del Nou M\u00f3n<\/em> de Dvorak (diumenge 10 d&#8217;abril); i d&#8217;una jove per\u00f2 consolidada formaci\u00f3, la Santa Rosa Symphony Youth Orchestra que, en la seua gira d&#8217;estiu, arribar\u00e0 al nostre auditori amb el seu director titular, Bobby Rogers. La can\u00e7\u00f3 d&#8217;autor d&#8217;Andreu Valor, que presenta el seu nou treball <em>Insurrecto<\/em>\u00a0(diumenge 24 d&#8217;abril). El ritme i la percussi\u00f3 de Mayuman\u00e1, en gira per tota Espanya amb el seu espectacle Currents (dissabte 30 d&#8217;abril). <em>La voix humaine<\/em> de Poulenc en la veu de la soprano Teresa Albero (dissabte 21 de maig). Finalment, m\u00fasica i humor 100% a capella amb l&#8217;\u00faltim espectacle de Melomans, <em>Es canta per\u00f2 no es toca<\/em> (dissabte 4 de juny).<\/p>\n<p>Tamb\u00e9 tenen cabuda en l\u2019Auditori altres g\u00e8neres com la dansa, que ens la porta aquesta temporada la Companyia David Vento. La seua proposta <em>Neanderthal<\/em> \u00e9s dansa, m\u00fasica en directe, teatre i videoart al servei de la bellesa (dissabte 14 de maig). I la m\u00e0gia, amb la nova proposta de Nacho Diago, <em>Playtime<\/em> (dissabte 28 de maig).<\/p>\n<p>Entrades a la venda en www.auditoritorrent.com i en les taquilles de l\u2019Auditori (dijous de 17 a 20 h, divendres d&#8217;11 a 13 h i des de 2 hores abans del comen\u00e7ament de l&#8217;espectacle).<\/p>\n<p>&nbsp;<\/p>\n<p><img fetchpriority=\"high\" decoding=\"async\" class=\"aligncenter wp-image-49825\" src=\"https:\/\/www.infotorrent.es\/wp-content\/uploads\/2022\/03\/unavezunacasa.jpg\" alt=\"\" width=\"600\" height=\"400\" \/><\/p>\n<p><img decoding=\"async\" class=\"aligncenter wp-image-49823\" src=\"https:\/\/www.infotorrent.es\/wp-content\/uploads\/2022\/03\/cartel-tu-gran-banda-sonora-scaled.jpg\" alt=\"Auditori Abril\" width=\"600\" height=\"857\" \/><\/p>\n","protected":false},"excerpt":{"rendered":"<p>L\u2019Auditori de Torrent inaugura la seua programaci\u00f3 de primavera aquest cap de setmana amb dues propostes de gran qualitat. La primera \u00e9s el muntatge teatral Una vegada, una casa de V\u00edctor S\u00e1nchez Rodr\u00edguez, interpretat magistralment per Rebeca Valls i Silvia Valero. La hist\u00f2ria que conta aquest text existeix. Va passar. \u00c9s real. Xile, un r\u00e8gim [&hellip;]<\/p>\n","protected":false},"author":2,"featured_media":15393,"comment_status":"closed","ping_status":"open","sticky":false,"template":"","format":"standard","meta":{"_acf_changed":false,"footnotes":""},"categories":[126],"tags":[],"class_list":["post-15391","post","type-post","status-publish","format-standard","has-post-thumbnail","hentry","category-cultura-es-2"],"acf":[],"_links":{"self":[{"href":"https:\/\/infotorrent.es\/ca\/wp-json\/wp\/v2\/posts\/15391","targetHints":{"allow":["GET"]}}],"collection":[{"href":"https:\/\/infotorrent.es\/ca\/wp-json\/wp\/v2\/posts"}],"about":[{"href":"https:\/\/infotorrent.es\/ca\/wp-json\/wp\/v2\/types\/post"}],"author":[{"embeddable":true,"href":"https:\/\/infotorrent.es\/ca\/wp-json\/wp\/v2\/users\/2"}],"replies":[{"embeddable":true,"href":"https:\/\/infotorrent.es\/ca\/wp-json\/wp\/v2\/comments?post=15391"}],"version-history":[{"count":0,"href":"https:\/\/infotorrent.es\/ca\/wp-json\/wp\/v2\/posts\/15391\/revisions"}],"wp:featuredmedia":[{"embeddable":true,"href":"https:\/\/infotorrent.es\/ca\/wp-json\/wp\/v2\/media\/15393"}],"wp:attachment":[{"href":"https:\/\/infotorrent.es\/ca\/wp-json\/wp\/v2\/media?parent=15391"}],"wp:term":[{"taxonomy":"category","embeddable":true,"href":"https:\/\/infotorrent.es\/ca\/wp-json\/wp\/v2\/categories?post=15391"},{"taxonomy":"post_tag","embeddable":true,"href":"https:\/\/infotorrent.es\/ca\/wp-json\/wp\/v2\/tags?post=15391"}],"curies":[{"name":"wp","href":"https:\/\/api.w.org\/{rel}","templated":true}]}}