{"id":15385,"date":"2022-03-30T08:50:29","date_gmt":"2022-03-30T08:50:29","guid":{"rendered":"https:\/\/infotorrent.es\/uncategorized\/torrent-celebra-el-mig-any\/"},"modified":"2022-03-30T08:50:29","modified_gmt":"2022-03-30T08:50:29","slug":"torrent-celebra-el-mig-any","status":"publish","type":"post","link":"https:\/\/infotorrent.es\/ca\/festes-i-tradicions-2\/torrent-celebra-el-mig-any\/","title":{"rendered":"Torrent celebra el Mig Any"},"content":{"rendered":"<p>Dissabte passat, la ciutat de Torrent va tornar a viure una de les jornades festives m\u00e9s especials i arrelades en el municipi amb la celebraci\u00f3 del Mig Any, a pesar que les condicions climatol\u00f2giques van obligar les comparses i filades a adaptar l&#8217;agenda prevista per a dur a terme l&#8217;acte de la millor manera possible. Per aix\u00f2, es va decidir suspendre la tradicional desfilada de l\u2019Entradeta del Mig Any i es va passar a fer el nomenament de c\u00e0rrecs 2022 en l&#8217;\u00c0gora de Parc Central, on es va nomenar capit\u00e0 cristi\u00e0 a Nicol\u00e1s Mag\u00e1n Oliva, capit\u00e0 moro a Vicent Soler Quilis, alferes cristi\u00e0 a Ramon Almerich Gonz\u00e1lez i alferes moro a Eduardo Garc\u00eda Moral. A l&#8217;acte el van seguir el dinar de germanor i la festa amb orquestra i discom\u00f2bil, com a pre\u00e0mbul per a les festes de Moros i Cristians que tindran lloc el pr\u00f2xim mes de juliol.<\/p>\n<p><img fetchpriority=\"high\" decoding=\"async\" class=\"aligncenter wp-image-49798\" src=\"https:\/\/www.infotorrent.es\/wp-content\/uploads\/2022\/03\/Mitg-Any-1-scaled.jpg\" alt=\"Mitg Any\" width=\"600\" height=\"400\" \/><\/p>\n<p><img decoding=\"async\" class=\"aligncenter wp-image-49796\" src=\"https:\/\/www.infotorrent.es\/wp-content\/uploads\/2022\/03\/Mitg-Any-2-scaled.jpg\" alt=\"Mitg Any\" width=\"600\" height=\"400\" \/><\/p>\n","protected":false},"excerpt":{"rendered":"<p>Dissabte passat, la ciutat de Torrent va tornar a viure una de les jornades festives m\u00e9s especials i arrelades en el municipi amb la celebraci\u00f3 del Mig Any, a pesar que les condicions climatol\u00f2giques van obligar les comparses i filades a adaptar l&#8217;agenda prevista per a dur a terme l&#8217;acte de la millor manera possible. [&hellip;]<\/p>\n","protected":false},"author":2,"featured_media":15387,"comment_status":"closed","ping_status":"open","sticky":false,"template":"","format":"standard","meta":{"_acf_changed":false,"footnotes":""},"categories":[156],"tags":[],"class_list":["post-15385","post","type-post","status-publish","format-standard","has-post-thumbnail","hentry","category-festes-i-tradicions-2"],"acf":[],"_links":{"self":[{"href":"https:\/\/infotorrent.es\/ca\/wp-json\/wp\/v2\/posts\/15385","targetHints":{"allow":["GET"]}}],"collection":[{"href":"https:\/\/infotorrent.es\/ca\/wp-json\/wp\/v2\/posts"}],"about":[{"href":"https:\/\/infotorrent.es\/ca\/wp-json\/wp\/v2\/types\/post"}],"author":[{"embeddable":true,"href":"https:\/\/infotorrent.es\/ca\/wp-json\/wp\/v2\/users\/2"}],"replies":[{"embeddable":true,"href":"https:\/\/infotorrent.es\/ca\/wp-json\/wp\/v2\/comments?post=15385"}],"version-history":[{"count":0,"href":"https:\/\/infotorrent.es\/ca\/wp-json\/wp\/v2\/posts\/15385\/revisions"}],"wp:featuredmedia":[{"embeddable":true,"href":"https:\/\/infotorrent.es\/ca\/wp-json\/wp\/v2\/media\/15387"}],"wp:attachment":[{"href":"https:\/\/infotorrent.es\/ca\/wp-json\/wp\/v2\/media?parent=15385"}],"wp:term":[{"taxonomy":"category","embeddable":true,"href":"https:\/\/infotorrent.es\/ca\/wp-json\/wp\/v2\/categories?post=15385"},{"taxonomy":"post_tag","embeddable":true,"href":"https:\/\/infotorrent.es\/ca\/wp-json\/wp\/v2\/tags?post=15385"}],"curies":[{"name":"wp","href":"https:\/\/api.w.org\/{rel}","templated":true}]}}