{"id":15313,"date":"2022-03-15T18:34:02","date_gmt":"2022-03-15T18:34:02","guid":{"rendered":"https:\/\/infotorrent.es\/uncategorized\/lajuntament-de-torrent-impulsa-el-programa-festes-no-sexistes-per-a-les-falles-2022\/"},"modified":"2022-03-17T08:15:44","modified_gmt":"2022-03-17T08:15:44","slug":"lajuntament-de-torrent-impulsa-el-programa-festes-no-sexistes-per-a-les-falles-2022","status":"publish","type":"post","link":"https:\/\/infotorrent.es\/ca\/noticies\/lajuntament-de-torrent-impulsa-el-programa-festes-no-sexistes-per-a-les-falles-2022\/","title":{"rendered":"L&#8217;Ajuntament de Torrent impulsa el programa \u2018Festes no sexistes\u2019 per a les Falles 2022"},"content":{"rendered":"<p><strong><span style=\"color: #000080;\">Aquesta iniciativa t\u00e9 com a objectiu promoure la igualtat entre dones i h\u00f2mens, prevenir conductes i comportaments masclistes i assistir les v\u00edctimes de les possibles agressions sexistes que puguen haver-hi durant la celebraci\u00f3 de les Falles a Torren<\/span>t<\/strong><\/p>\n<p>Amb motiu de l&#8217;inici de les Falles 2022, l&#8217;\u00c0rea d&#8217;Igualtat de l&#8217;Ajuntament de Torrent impulsa el programa \u2018Festes no sexistes\u2019, orientat a promoure la igualtat entre dones i h\u00f2mens, prevenir conductes i comportaments masclistes, assistir les v\u00edctimes dels possibles abusos o agressions que puguen haver-hi durant la celebraci\u00f3 d&#8217;aquestes festes i eliminar els aspectes sexistes de les manifestacions culturals preparades per a les festes josefines. Aix\u00ed, aquest programa es compon de dues iniciatives: el Premi Violeta a les Falles i els punts violeta fallers.<\/p>\n<p>La regidora d&#8217;Igualtat, Marina Olivares, ha destacat <strong>\u201cla import\u00e0ncia de la participaci\u00f3 de les comissions falleres de la nostra ciutat en aquestes iniciatives que lluiten a favor de la igualtat entre homes i dones, per a fer de Torrent una ciutat conscient i igualit\u00e0ria en tots els \u00e0mbits de la societat\u201d<\/strong>. Respecte als punts violeta fallers, l&#8217;edil ha explicat que aquesta iniciativa <strong>\u201cpret\u00e9n sensibilitzar i informar la poblaci\u00f3 sobre les conductes locals i, al mateix temps, proporcionar l&#8217;atenci\u00f3 necess\u00e0ria a les v\u00edctimes d&#8217;agressions per a procurar el seu benestar. A m\u00e9s de generar espais segurs per a poder gaudir d&#8217;aquesta festivitat sense preocupacions\u201d.<\/strong><\/p>\n<p>El Premi Violeta a les Falles t\u00e9 una dotaci\u00f3 de 1.500 euros per a premiar les escenes dels monuments grans i infantils que defensen o promoguen la igualtat entre dones i homes, denuncien la viol\u00e8ncia contra els dones, fomenten la superaci\u00f3 dels rols tradicionals i els estereotips de g\u00e8nere, etc., amb l&#8217;objectiu de conscienciar la ciutadania de la import\u00e0ncia de l&#8217;eliminaci\u00f3 dels aspectes sexistes en les activitats culturals com a base per a la igualtat de les dones.<\/p>\n<p>D&#8217;altra banda, els punts violeta fallers tenen com a finalitat oferir un espai segur en cas que es produ\u00efsca una agressi\u00f3 sexista, coordinant protocols d&#8217;actuaci\u00f3 tant per a assistir a la v\u00edctima com per a establir un procediment contra l\u2019agressor. Aix\u00ed, enguany participaran en aquesta iniciativa les falles\u00a0Lope de Rueda,\u00a0Cam\u00ed\u00a0Reial, la\u00a0Cotxera i Escultor Vicent Pallard\u00f3, nomenant responsables d&#8217;aquesta tasca un grup de fallers i falleres que seran f\u00e0cilment recognoscibles, ja que estaran identificats per un penjoll morat perqu\u00e8 qualsevol persona que patisca o veja una agressi\u00f3 sexista s\u00e0pia a qui dirigir-se si ho creu oport\u00fa. Cal destacar que aquestes persones han sigut formades en igualtat i viol\u00e8ncia sexista pel personal de l&#8217;Ajuntament de Torrent.<\/p>\n<p><a href=\"https:\/\/www.infotorrent.es\/wp-content\/uploads\/2022\/03\/image-4.png\"><img fetchpriority=\"high\" decoding=\"async\" class=\"aligncenter wp-image-49534\" src=\"https:\/\/www.infotorrent.es\/wp-content\/uploads\/2022\/03\/image-4.png\" alt=\"\" width=\"600\" height=\"421\" \/><\/a><a href=\"https:\/\/www.infotorrent.es\/wp-content\/uploads\/2022\/03\/image-5.png\"><img decoding=\"async\" class=\"aligncenter wp-image-49536\" src=\"https:\/\/www.infotorrent.es\/wp-content\/uploads\/2022\/03\/image-5.png\" alt=\"\" width=\"600\" height=\"846\" \/><\/a><a href=\"https:\/\/www.infotorrent.es\/wp-content\/uploads\/2022\/03\/image-6.png\"><img decoding=\"async\" class=\"aligncenter wp-image-49538\" src=\"https:\/\/www.infotorrent.es\/wp-content\/uploads\/2022\/03\/image-6.png\" alt=\"\" width=\"600\" height=\"850\" \/><\/a><\/p>\n","protected":false},"excerpt":{"rendered":"<p>Aquesta iniciativa t\u00e9 com a objectiu promoure la igualtat entre dones i h\u00f2mens, prevenir conductes i comportaments masclistes i assistir les v\u00edctimes de les possibles agressions sexistes que puguen haver-hi durant la celebraci\u00f3 de les Falles a Torrent Amb motiu de l&#8217;inici de les Falles 2022, l&#8217;\u00c0rea d&#8217;Igualtat de l&#8217;Ajuntament de Torrent impulsa el programa [&hellip;]<\/p>\n","protected":false},"author":5,"featured_media":15315,"comment_status":"closed","ping_status":"open","sticky":false,"template":"","format":"standard","meta":{"_acf_changed":false,"footnotes":""},"categories":[152,116],"tags":[],"class_list":["post-15313","post","type-post","status-publish","format-standard","has-post-thumbnail","hentry","category-igualtat","category-noticies"],"acf":[],"_links":{"self":[{"href":"https:\/\/infotorrent.es\/ca\/wp-json\/wp\/v2\/posts\/15313","targetHints":{"allow":["GET"]}}],"collection":[{"href":"https:\/\/infotorrent.es\/ca\/wp-json\/wp\/v2\/posts"}],"about":[{"href":"https:\/\/infotorrent.es\/ca\/wp-json\/wp\/v2\/types\/post"}],"author":[{"embeddable":true,"href":"https:\/\/infotorrent.es\/ca\/wp-json\/wp\/v2\/users\/5"}],"replies":[{"embeddable":true,"href":"https:\/\/infotorrent.es\/ca\/wp-json\/wp\/v2\/comments?post=15313"}],"version-history":[{"count":0,"href":"https:\/\/infotorrent.es\/ca\/wp-json\/wp\/v2\/posts\/15313\/revisions"}],"wp:featuredmedia":[{"embeddable":true,"href":"https:\/\/infotorrent.es\/ca\/wp-json\/wp\/v2\/media\/15315"}],"wp:attachment":[{"href":"https:\/\/infotorrent.es\/ca\/wp-json\/wp\/v2\/media?parent=15313"}],"wp:term":[{"taxonomy":"category","embeddable":true,"href":"https:\/\/infotorrent.es\/ca\/wp-json\/wp\/v2\/categories?post=15313"},{"taxonomy":"post_tag","embeddable":true,"href":"https:\/\/infotorrent.es\/ca\/wp-json\/wp\/v2\/tags?post=15313"}],"curies":[{"name":"wp","href":"https:\/\/api.w.org\/{rel}","templated":true}]}}