{"id":15301,"date":"2022-03-15T09:15:38","date_gmt":"2022-03-15T09:15:38","guid":{"rendered":"https:\/\/infotorrent.es\/uncategorized\/torrent-suneix-a-la-campanya-la-planta-del-vidre\/"},"modified":"2022-03-15T10:11:07","modified_gmt":"2022-03-15T10:11:07","slug":"torrent-suneix-a-la-campanya-la-planta-del-vidre","status":"publish","type":"post","link":"https:\/\/infotorrent.es\/ca\/noticies\/torrent-suneix-a-la-campanya-la-planta-del-vidre\/","title":{"rendered":"Torrent s&#8217;uneix a la campanya \u2018La Plant\u00e0 del vidre\u2019"},"content":{"rendered":"<p><span style=\"color: #000080;\"><strong>L&#8217;objectiu d&#8217;aquesta iniciativa, impulsada per\u00a0Ecovidre, \u00e9s conscienciar la ciutadania sobre la import\u00e0ncia de reciclar els envasos de vidre durant les Falles<\/strong><\/span><\/p>\n<p>La ciutat de Torrent s&#8217;uneix a la campanya \u2018La Plant\u00e0 del vidre\u2019 impulsada per l&#8217;entitat sense \u00e0nim de lucre Ecovidre per a aquestes Falles, que t\u00e9 com a objectiu \u00e9s conscienciar la poblaci\u00f3 de Torrent, i especialment els fallers i falleres, de la import\u00e0ncia de separar correctament els residus d&#8217;envasos de vidre durant el transcurs de les festes. Amb aquest prop\u00f2sit, Ecovidre ha posat vinils en els contenidors de vidre pr\u00f2xims als 29 casals fallers de la ciutat, de manera que siga m\u00e9s f\u00e0cil comptar els quilograms d&#8217;envasos de vidre arreplegats durant les festes.<\/p>\n<p>Aix\u00ed, s&#8217;estableixen tres premis diferents: el premi al municipi m\u00e9s reciclador i que m\u00e9s difusi\u00f3 fa\u00e7a de la campanya, que consisteix en una plantaci\u00f3 d&#8217;arbres en la localitat en qu\u00e8 cada faller podr\u00e0 apadrinar-ne un exemplar; el premi a les falles que reciclen en el seu propi contenidor m\u00e9s de 400 kg d&#8217;envasos de vidre, que seran recompensades amb un\u00a0minigl\u00fa amb la imatge de la campanya per al casal; i, finalment, el guard\u00f3 verd d\u2019Ecovidre a les falles que superen el repte d&#8217;incrementar un 5% el reciclatge de vidre respecte de l&#8217;any anterior. Cal destacar que en aquesta campanya participen els municipis valencians de la Pobla de Vallbona, Ll\u00edria, Benaguasil, Cullera, Gandia, Catarroja, Torrent, Paterna, l&#8217;Eliana, Sueca i Algemes\u00ed.<\/p>\n<p>En la p\u00e0gina web www.laplantadelvidre.es es poden consultar les bases legals de la iniciativa, aix\u00ed com els criteris de puntuaci\u00f3 per a aconseguir els diferents premis.<\/p>\n<p><a href=\"https:\/\/www.infotorrent.es\/wp-content\/uploads\/2022\/03\/image001.jpg\"><img fetchpriority=\"high\" decoding=\"async\" class=\"aligncenter wp-image-49518\" src=\"https:\/\/www.infotorrent.es\/wp-content\/uploads\/2022\/03\/image001.jpg\" alt=\"\" width=\"600\" height=\"300\" \/><\/a><\/p>\n","protected":false},"excerpt":{"rendered":"<p>L&#8217;objectiu d&#8217;aquesta iniciativa, impulsada per\u00a0Ecovidre, \u00e9s conscienciar la ciutadania sobre la import\u00e0ncia de reciclar els envasos de vidre durant les Falles La ciutat de Torrent s&#8217;uneix a la campanya \u2018La Plant\u00e0 del vidre\u2019 impulsada per l&#8217;entitat sense \u00e0nim de lucre Ecovidre per a aquestes Falles, que t\u00e9 com a objectiu \u00e9s conscienciar la poblaci\u00f3 de [&hellip;]<\/p>\n","protected":false},"author":5,"featured_media":15303,"comment_status":"closed","ping_status":"open","sticky":false,"template":"","format":"standard","meta":{"_acf_changed":false,"footnotes":""},"categories":[119,116],"tags":[],"class_list":["post-15301","post","type-post","status-publish","format-standard","has-post-thumbnail","hentry","category-medi-ambient","category-noticies"],"acf":[],"_links":{"self":[{"href":"https:\/\/infotorrent.es\/ca\/wp-json\/wp\/v2\/posts\/15301","targetHints":{"allow":["GET"]}}],"collection":[{"href":"https:\/\/infotorrent.es\/ca\/wp-json\/wp\/v2\/posts"}],"about":[{"href":"https:\/\/infotorrent.es\/ca\/wp-json\/wp\/v2\/types\/post"}],"author":[{"embeddable":true,"href":"https:\/\/infotorrent.es\/ca\/wp-json\/wp\/v2\/users\/5"}],"replies":[{"embeddable":true,"href":"https:\/\/infotorrent.es\/ca\/wp-json\/wp\/v2\/comments?post=15301"}],"version-history":[{"count":0,"href":"https:\/\/infotorrent.es\/ca\/wp-json\/wp\/v2\/posts\/15301\/revisions"}],"wp:featuredmedia":[{"embeddable":true,"href":"https:\/\/infotorrent.es\/ca\/wp-json\/wp\/v2\/media\/15303"}],"wp:attachment":[{"href":"https:\/\/infotorrent.es\/ca\/wp-json\/wp\/v2\/media?parent=15301"}],"wp:term":[{"taxonomy":"category","embeddable":true,"href":"https:\/\/infotorrent.es\/ca\/wp-json\/wp\/v2\/categories?post=15301"},{"taxonomy":"post_tag","embeddable":true,"href":"https:\/\/infotorrent.es\/ca\/wp-json\/wp\/v2\/tags?post=15301"}],"curies":[{"name":"wp","href":"https:\/\/api.w.org\/{rel}","templated":true}]}}